{"id":29100395,"date":"2018-11-13T10:58:18","date_gmt":"2018-11-13T10:58:18","guid":{"rendered":"https:\/\/www.upo.es\/diario\/?p=29100395"},"modified":"2018-11-14T07:58:43","modified_gmt":"2018-11-14T07:58:43","slug":"la-profesora-de-la-upo-mercedes-de-la-torre-debate-sobre-le-habla-de-la-sevilla-en-el-siglo-xvi-en-el-ciclo-los-martes-de-la-peste","status":"publish","type":"post","link":"https:\/\/www.upo.es\/diario\/institucional\/2018\/11\/la-profesora-de-la-upo-mercedes-de-la-torre-debate-sobre-le-habla-de-la-sevilla-en-el-siglo-xvi-en-el-ciclo-los-martes-de-la-peste\/","title":{"rendered":"La profesora de la UPO Mercedes de la Torre debate sobre el habla de la Sevilla del siglo XVI en el ciclo \u00abLos martes de La Peste\u00bb"},"content":{"rendered":"<p style=\"text-align: justify;\"><a href=\"https:\/\/www.upo.es\/diario\/wp-content\/uploads\/2018\/11\/LaPeste_seminario_instagram_04.png\"><img loading=\"lazy\" decoding=\"async\" class=\"alignright size-medium wp-image-29100841\" alt=\"LaPeste_seminario_instagram_04\" src=\"https:\/\/www.upo.es\/diario\/wp-content\/uploads\/2018\/11\/LaPeste_seminario_instagram_04-320x320.png\" width=\"320\" height=\"320\" srcset=\"https:\/\/www.upo.es\/diario\/wp-content\/uploads\/2018\/11\/LaPeste_seminario_instagram_04-320x320.png 320w, https:\/\/www.upo.es\/diario\/wp-content\/uploads\/2018\/11\/LaPeste_seminario_instagram_04-150x150.png 150w, https:\/\/www.upo.es\/diario\/wp-content\/uploads\/2018\/11\/LaPeste_seminario_instagram_04-600x600.png 600w, https:\/\/www.upo.es\/diario\/wp-content\/uploads\/2018\/11\/LaPeste_seminario_instagram_04.png 1080w\" sizes=\"auto, (max-width: 320px) 100vw, 320px\" \/><\/a>La profesora de la Universidad Pablo de Olavide Mercedes de la Torre Garc\u00eda participa hoy en el seminario \u2018El habla de la Sevilla del siglo XVI. Influencia en el lenguaje de toda Latinoam\u00e9rica\u2019, una actividad que comienza a las 19:00 horas en Antiquarium (Setas de Sevilla). Este seminario se enmarca en el ciclo \u2018Los martes de La Peste\u2019, un proyecto impulsado por la UPO, el Ayuntamiento de Sevilla, la Universidad hispalense, Movistar+ y At\u00edpica Films, que busca abordar, a trav\u00e9s de actividades culturales y divulgativas, la Sevilla de la \u00e9poca en la que se ambienta la serie \u2018La Peste\u2019.<\/p>\n<p style=\"text-align: justify;\">Mercedes De la Torre es doctora del departamento de Filolog\u00eda y Traducci\u00f3n e Interpretaci\u00f3n de la Universidad Pablo de Olavide y ha dirigido sus investigaciones hacia la variaci\u00f3n sincr\u00f3nica y diacr\u00f3nica de la lengua, y a su relaci\u00f3n con disciplinas ling\u00fc\u00edsticas y no ling\u00fc\u00edsticas. Sus principales l\u00edneas de trabajo las ha plasmado en obras como \u2018La ictionimia andaluza en el siglo XVIII: el caso de C\u00e1diz y Pehr L\u00f6fling (1753)\u2019 e \u2018Ictioterm, base de datos sobre los nombres vern\u00e1culos de animales de inter\u00e9s pequero en Andaluc\u00eda\u2019, entre otras.<\/p>\n<p style=\"text-align: justify;\">Por parte de la Universidad de Sevilla, el seminario cuenta con la presencia de Lola Pons Rodr\u00edguez, profesora titular del departamento de Lengua Espa\u00f1ola, Ling\u00fc\u00edstica y Teor\u00eda de la Literatura y especialista en la escritura elaborada en espa\u00f1ol de la Baja Edad Media al siglo XVI. Entre sus \u00faltimas publicaciones destacan: \u2018La lengua de ayer. Manual pr\u00e1ctico de Historia del espa\u00f1ol\u2019 y \u2018El paisaje ling\u00fc\u00edstico de Sevilla. Lenguas y variedades en el escenario urbano hispalense\u2019.<\/p>\n<p style=\"text-align: justify;\">\u2018El habla de la Sevilla del siglo XVI. Influencia en el lenguaje de toda Latinoam\u00e9rica\u2019 es el cuarto de los seminarios que han tenido lugar durante el oto\u00f1o y que han versado sobre tem\u00e1ticas variadas de la Sevilla del siglo XVI:\u00a0 la mafia, el papel de la mujer en la cultura y la influencia de las hermandades y cofrad\u00edas. El pr\u00f3ximo martes 20 de noviembre se abordar\u00e1 la cuesti\u00f3n de la alimentaci\u00f3n en la \u00e9poca de \u2018La Peste\u2019.<\/p>\n","protected":false},"excerpt":{"rendered":"<p>La profesora de la Universidad Pablo de Olavide Mercedes de la Torre Garc\u00eda participa hoy en el seminario \u2018El habla de la Sevilla del siglo XVI. Influencia en el lenguaje de toda Latinoam\u00e9rica\u2019, una actividad que comienza a las 19:00 horas en Antiquarium (Setas de Sevilla). Este seminario se enmarca en el ciclo \u2018Los martes de La Peste\u2019, un proyecto impulsado por la UPO, el Ayuntamiento de Sevilla, la Universidad hispalense, Movistar+ y At\u00edpica Films.<\/p>\n","protected":false},"author":4,"featured_media":0,"comment_status":"closed","ping_status":"open","sticky":false,"template":"","format":"standard","meta":{"_monsterinsights_skip_tracking":false,"_monsterinsights_sitenote_active":false,"_monsterinsights_sitenote_note":"","_monsterinsights_sitenote_category":0,"footnotes":""},"categories":[6],"tags":[936,5553,1779,78],"class_list":["post-29100395","post","type-post","status-publish","format-standard","hentry","category-institucional","tag-ciclo","tag-los-martes-de-la-peste","tag-mercedes-de-la-torre","tag-seminario"],"_links":{"self":[{"href":"https:\/\/www.upo.es\/diario\/wp-json\/wp\/v2\/posts\/29100395","targetHints":{"allow":["GET"]}}],"collection":[{"href":"https:\/\/www.upo.es\/diario\/wp-json\/wp\/v2\/posts"}],"about":[{"href":"https:\/\/www.upo.es\/diario\/wp-json\/wp\/v2\/types\/post"}],"author":[{"embeddable":true,"href":"https:\/\/www.upo.es\/diario\/wp-json\/wp\/v2\/users\/4"}],"replies":[{"embeddable":true,"href":"https:\/\/www.upo.es\/diario\/wp-json\/wp\/v2\/comments?post=29100395"}],"version-history":[{"count":6,"href":"https:\/\/www.upo.es\/diario\/wp-json\/wp\/v2\/posts\/29100395\/revisions"}],"predecessor-version":[{"id":29100851,"href":"https:\/\/www.upo.es\/diario\/wp-json\/wp\/v2\/posts\/29100395\/revisions\/29100851"}],"wp:attachment":[{"href":"https:\/\/www.upo.es\/diario\/wp-json\/wp\/v2\/media?parent=29100395"}],"wp:term":[{"taxonomy":"category","embeddable":true,"href":"https:\/\/www.upo.es\/diario\/wp-json\/wp\/v2\/categories?post=29100395"},{"taxonomy":"post_tag","embeddable":true,"href":"https:\/\/www.upo.es\/diario\/wp-json\/wp\/v2\/tags?post=29100395"}],"curies":[{"name":"wp","href":"https:\/\/api.w.org\/{rel}","templated":true}]}}