{"id":29113895,"date":"2018-11-14T12:39:15","date_gmt":"2018-11-14T12:39:15","guid":{"rendered":"https:\/\/www.upo.es\/diario\/?p=29113895"},"modified":"2018-11-19T07:51:18","modified_gmt":"2018-11-19T07:51:18","slug":"el-programa-de-fomento-de-la-cultura-emprendedora-stamps-carrefour-se-ha-presentado-hoy-en-la-upo","status":"publish","type":"post","link":"https:\/\/www.upo.es\/diario\/institucional\/2018\/11\/el-programa-de-fomento-de-la-cultura-emprendedora-stamps-carrefour-se-ha-presentado-hoy-en-la-upo\/","title":{"rendered":"El programa de fomento de la cultura emprendedora \u00abStamps Carrefour\u00bb se ha presentado hoy en la UPO"},"content":{"rendered":"<figure id=\"attachment_29113896\" aria-describedby=\"caption-attachment-29113896\" style=\"width: 320px\" class=\"wp-caption alignright\"><a href=\"https:\/\/www.upo.es\/diario\/wp-content\/uploads\/2018\/11\/stamp_carrefour.jpg\"><img loading=\"lazy\" decoding=\"async\" class=\"size-medium wp-image-29113896\" alt=\"En la mesa, de izquierda a derecha: Dolores Pe\u00f1afiel, subdirectora de Fundecor; Jos\u00e9 Manuel Feria,vicerrector de Estrategia, Empleabilidad y Emprendimiento de la UPO; Javier Cort\u00e9s, responsable regional de Recursos Humanos-Carrefour, y GEmma Moratalla, gerente de Formaci\u00f3n de Carrefour.\" src=\"https:\/\/www.upo.es\/diario\/wp-content\/uploads\/2018\/11\/stamp_carrefour-320x213.jpg\" width=\"320\" height=\"213\" srcset=\"https:\/\/www.upo.es\/diario\/wp-content\/uploads\/2018\/11\/stamp_carrefour-320x213.jpg 320w, https:\/\/www.upo.es\/diario\/wp-content\/uploads\/2018\/11\/stamp_carrefour-600x400.jpg 600w, https:\/\/www.upo.es\/diario\/wp-content\/uploads\/2018\/11\/stamp_carrefour.jpg 1000w\" sizes=\"auto, (max-width: 320px) 100vw, 320px\" \/><\/a><figcaption id=\"caption-attachment-29113896\" class=\"wp-caption-text\">En la mesa, de izquierda a derecha: Dolores Pe\u00f1afiel, subdirectora de Fundecor; Jos\u00e9 Manuel Feria,vicerrector de Estrategia, Empleabilidad y Emprendimiento de la UPO; Javier Cort\u00e9s, responsable regional de Recursos Humanos-Carrefour, y Gemma Moratalla, gerente de Formaci\u00f3n de Carrefour.<\/figcaption><\/figure>\n<p style=\"text-align: justify;\">La Universidad Pablo de Olavide ha acogido esta ma\u00f1ana en el sal\u00f3n de grados del edificio 7 el acto de presentaci\u00f3n del <strong>programa de fomento de la cultura emprendedora \u2018Stamp Carrefour\u2019<\/strong>, una iniciativa de Carrefour, junto con las Universidades P\u00fablicas Andaluzas (AUPA) y la Fundaci\u00f3n para el Desarrollo de la provincia de C\u00f3rdoba (Fundecor), destinado a estudiantes y egresados universitarios andaluces con ganas de emprender y aportar ideas innovadoras en el mundo del \u2018Retail\u2019.<\/p>\n<p style=\"text-align: justify;\">El vicerrector de Estrategia, Empleabilidad y Emprendimiento de la UPO, Jos\u00e9 Manuel Feria Dom\u00ednguez, ha presidido el acto de presentaci\u00f3n de esta iniciativa de fomento de la cultura emprendedora, junto a representantes de Carrefour y Fundecor. El programa \u2018Stamp Carrefour\u2019 est\u00e1 dirigido a estudiantes de cualquier titulaci\u00f3n de grado, m\u00e1ster o doctorados de las universidades p\u00fablicas andaluzas que hayan finalizado sus estudios durante los tres \u00faltimos a\u00f1os. En particular, la iniciativa promueve la b\u00fasqueda de ideas innovadoras en torno a tres retos: sostenibilidad, antidesperdicio y h\u00e1bitos saludables y ser\u00e1 gestionada en la Universidad a trav\u00e9s del \u00c1rea de Empleabilidad y Emprendimiento de la Fundaci\u00f3n UPO.<\/p>\n<p style=\"text-align: justify;\">Este concurso cuenta con un <strong>premio para los tres mejores proyectos presentados, dotado con 4.000, 3.000 y 2.000 euros<\/strong>, respectivamente. Adem\u00e1s, los ganadores contar\u00e1n con la mentorizaci\u00f3n del proyecto, el seguimiento del mismo, formaci\u00f3n espec\u00edfica y acceso a eventos como el Stamp Weekend 2018, un foro com\u00fan universidad-empresa.<\/p>\n<p style=\"text-align: justify;\">Los interesados tienen <strong>hasta el 3 de diciembre para presentar sus ideas a trav\u00e9s de la web <a href=\"http:\/\/www.stampcarrefour-fundecor.com\/\">www.stampcarrefour-fundecor.com\/<\/a><\/strong>. Fundecor seleccionar\u00e1 aquellas ideas que mejor se adapten a las necesidades del programa y se expondr\u00e1n en el Stamp Weekend, que se celebrar\u00e1 del 15 al 17 de diciembre en C\u00f3rdoba. Tras esta fase, el comit\u00e9 de cada universidad elegir\u00e1 su proyecto finalista hasta llegar a la gala final, en la que los rectores de las 10 universidades evaluar\u00e1n los proyectos que hayan superado el proceso selectivo y elegir\u00e1n a los tres ganadores.<\/p>\n","protected":false},"excerpt":{"rendered":"<p>Este concurso cuenta con un premio para los tres mejores proyectos presentados, dotado con 4.000, 3.000 y 2.000 euros, respectivamente. Adem\u00e1s, los ganadores contar\u00e1n con la mentorizaci\u00f3n del proyecto, el seguimiento del mismo, formaci\u00f3n espec\u00edfica y acceso a eventos como el Stamp Weekend 2018, un foro com\u00fan universidad-empresa. Los interesados tienen hasta el 3 de diciembre para presentar sus ideas a trav\u00e9s de la web www.stampcarrefour-fundecor.com\/<\/p>\n","protected":false},"author":4,"featured_media":0,"comment_status":"closed","ping_status":"open","sticky":false,"template":"","format":"standard","meta":{"_monsterinsights_skip_tracking":false,"_monsterinsights_sitenote_active":false,"_monsterinsights_sitenote_note":"","_monsterinsights_sitenote_category":0,"footnotes":""},"categories":[6],"tags":[5632,5634,2474,2843,5633,3437],"class_list":["post-29113895","post","type-post","status-publish","format-standard","hentry","category-institucional","tag-carrefour","tag-cultura-emprendedora","tag-fundacion-universidad-pablo-de-olavide","tag-fundecor","tag-stamps-carrefour","tag-vicerrectorado-de-estrategia-empleabilidad-y-emprendimiento"],"_links":{"self":[{"href":"https:\/\/www.upo.es\/diario\/wp-json\/wp\/v2\/posts\/29113895","targetHints":{"allow":["GET"]}}],"collection":[{"href":"https:\/\/www.upo.es\/diario\/wp-json\/wp\/v2\/posts"}],"about":[{"href":"https:\/\/www.upo.es\/diario\/wp-json\/wp\/v2\/types\/post"}],"author":[{"embeddable":true,"href":"https:\/\/www.upo.es\/diario\/wp-json\/wp\/v2\/users\/4"}],"replies":[{"embeddable":true,"href":"https:\/\/www.upo.es\/diario\/wp-json\/wp\/v2\/comments?post=29113895"}],"version-history":[{"count":4,"href":"https:\/\/www.upo.es\/diario\/wp-json\/wp\/v2\/posts\/29113895\/revisions"}],"predecessor-version":[{"id":29179916,"href":"https:\/\/www.upo.es\/diario\/wp-json\/wp\/v2\/posts\/29113895\/revisions\/29179916"}],"wp:attachment":[{"href":"https:\/\/www.upo.es\/diario\/wp-json\/wp\/v2\/media?parent=29113895"}],"wp:term":[{"taxonomy":"category","embeddable":true,"href":"https:\/\/www.upo.es\/diario\/wp-json\/wp\/v2\/categories?post=29113895"},{"taxonomy":"post_tag","embeddable":true,"href":"https:\/\/www.upo.es\/diario\/wp-json\/wp\/v2\/tags?post=29113895"}],"curies":[{"name":"wp","href":"https:\/\/api.w.org\/{rel}","templated":true}]}}