{"id":29115099,"date":"2018-11-15T13:00:43","date_gmt":"2018-11-15T13:00:43","guid":{"rendered":"https:\/\/www.upo.es\/diario\/?p=29115099"},"modified":"2018-11-15T14:16:11","modified_gmt":"2018-11-15T14:16:11","slug":"la-upo-acoge-manana-la-mesa-redonda-dentro-y-fuera-de-la-prision-se-avecina-una-nueva-oleada-de-terrorismo-yihadista-en-europa","status":"publish","type":"post","link":"https:\/\/www.upo.es\/diario\/institucional\/2018\/11\/la-upo-acoge-manana-la-mesa-redonda-dentro-y-fuera-de-la-prision-se-avecina-una-nueva-oleada-de-terrorismo-yihadista-en-europa\/","title":{"rendered":"La UPO acoge esta tarde la mesa redonda \u00abDentro y fuera de la prisi\u00f3n: \u00bfse avecina una nueva oleada de terrorismo yihadista en Europa?\u00bb"},"content":{"rendered":"<p style=\"text-align: justify;\">La Universidad Pablo de Olavide acoge hoy jueves 15 de noviembre de 18:00 a 19:30 horas en la Sala de Grados (Edificio 25 B) de la Biblioteca la mesa redonda que lleva por t\u00edtulo <b>\u201cDentro y fuera de la prisi\u00f3n: \u00bfse avecina una nueva oleada de terrorismo yihadista en Europa?\u201d<\/b>.<\/p>\n<p style=\"text-align: justify;\">El debate, que abordar\u00e1 la problem\u00e1tica de la radicalizaci\u00f3n terrorista dentro de las instituciones penitenciarias y su tratamiento, contar\u00e1 con las intervenciones de <b>Alfonso Ybarra Bores<\/b>, vicedecano de Relaciones Internacionales de la Facultad de Derecho de la UPO; <b>Manuel R. Torres Soriano<\/b>, profesor del \u00c1rea de Ciencia Pol\u00edtica y de la Administraci\u00f3n del Departamento de Derecho P\u00fablico Ciencias Pol\u00edtica de la Universidad; <b>Fernando Reinares<\/b>, director del Programa sobre Radicalizaci\u00f3n Violenta y Terrorismo Global, del Real Instituto Elcano; y <b>Lorenzo Vidino<\/b>, director del Programa sobre Extremismo, de la Universidad de George Washington.<\/p>\n<p style=\"text-align: justify;\">Esta mesa redonda supone la primera colaboraci\u00f3n institucional de la Universidad Pablo de Olavide con el Real Instituto Elcano de Estudios Estrat\u00e9gicos e Internacionales y refuerza el posicionamiento de la UPO como centro de referencia en los estudios sobre seguridad.<\/p>\n","protected":false},"excerpt":{"rendered":"<p>La Universidad Pablo de Olavide acoge hoy jueves 15 de noviembre de 18:00 a 19:30 horas en la Sala de Grados (Edificio 25 B) de la Biblioteca la mesa redonda que lleva por t\u00edtulo \u201cDentro y fuera de la prisi\u00f3n: \u00bfse avecina una nueva oleada de terrorismo yihadista en Europa?\u201d. El debate abordar\u00e1 la problem\u00e1tica de la radicalizaci\u00f3n terrorista dentro de las instituciones penitenciarias y su tratamiento.<\/p>\n","protected":false},"author":4,"featured_media":0,"comment_status":"closed","ping_status":"open","sticky":false,"template":"","format":"standard","meta":{"_monsterinsights_skip_tracking":false,"_monsterinsights_sitenote_active":false,"_monsterinsights_sitenote_note":"","_monsterinsights_sitenote_category":0,"footnotes":""},"categories":[6],"tags":[5638,81,1611,221,5639,482,2496],"class_list":["post-29115099","post","type-post","status-publish","format-standard","hentry","category-institucional","tag-embajada-de-estados-unidos","tag-facultad-de-derecho","tag-manuel-ricardo-torres-soriano","tag-mesa-redonda","tag-real-instituto-elcano","tag-terrorismo","tag-yihadismo"],"_links":{"self":[{"href":"https:\/\/www.upo.es\/diario\/wp-json\/wp\/v2\/posts\/29115099","targetHints":{"allow":["GET"]}}],"collection":[{"href":"https:\/\/www.upo.es\/diario\/wp-json\/wp\/v2\/posts"}],"about":[{"href":"https:\/\/www.upo.es\/diario\/wp-json\/wp\/v2\/types\/post"}],"author":[{"embeddable":true,"href":"https:\/\/www.upo.es\/diario\/wp-json\/wp\/v2\/users\/4"}],"replies":[{"embeddable":true,"href":"https:\/\/www.upo.es\/diario\/wp-json\/wp\/v2\/comments?post=29115099"}],"version-history":[{"count":4,"href":"https:\/\/www.upo.es\/diario\/wp-json\/wp\/v2\/posts\/29115099\/revisions"}],"predecessor-version":[{"id":29129950,"href":"https:\/\/www.upo.es\/diario\/wp-json\/wp\/v2\/posts\/29115099\/revisions\/29129950"}],"wp:attachment":[{"href":"https:\/\/www.upo.es\/diario\/wp-json\/wp\/v2\/media?parent=29115099"}],"wp:term":[{"taxonomy":"category","embeddable":true,"href":"https:\/\/www.upo.es\/diario\/wp-json\/wp\/v2\/categories?post=29115099"},{"taxonomy":"post_tag","embeddable":true,"href":"https:\/\/www.upo.es\/diario\/wp-json\/wp\/v2\/tags?post=29115099"}],"curies":[{"name":"wp","href":"https:\/\/api.w.org\/{rel}","templated":true}]}}