{"id":29115698,"date":"2018-11-15T07:20:16","date_gmt":"2018-11-15T07:20:16","guid":{"rendered":"https:\/\/www.upo.es\/diario\/?p=29115698"},"modified":"2018-11-19T07:53:51","modified_gmt":"2018-11-19T07:53:51","slug":"un-congreso-internacional-trata-manana-en-la-upo-los-logros-y-retos-de-25-anos-de-mercado-unico-en-la-ue","status":"publish","type":"post","link":"https:\/\/www.upo.es\/diario\/institucional\/2018\/11\/un-congreso-internacional-trata-manana-en-la-upo-los-logros-y-retos-de-25-anos-de-mercado-unico-en-la-ue\/","title":{"rendered":"Un congreso internacional trata en la UPO los logros y retos de 25 a\u00f1os de Mercado \u00danico en la UE"},"content":{"rendered":"<figure id=\"attachment_29126946\" aria-describedby=\"caption-attachment-29126946\" style=\"width: 600px\" class=\"wp-caption aligncenter\"><a href=\"https:\/\/www.upo.es\/diario\/wp-content\/uploads\/2018\/11\/25Aniv-MercadoUnico_20181115.jpg\"><img loading=\"lazy\" decoding=\"async\" class=\"size-large wp-image-29126946\" alt=\"asdfasf\" src=\"https:\/\/www.upo.es\/diario\/wp-content\/uploads\/2018\/11\/25Aniv-MercadoUnico_20181115-600x400.jpg\" width=\"600\" height=\"400\" srcset=\"https:\/\/www.upo.es\/diario\/wp-content\/uploads\/2018\/11\/25Aniv-MercadoUnico_20181115-600x400.jpg 600w, https:\/\/www.upo.es\/diario\/wp-content\/uploads\/2018\/11\/25Aniv-MercadoUnico_20181115-320x213.jpg 320w\" sizes=\"auto, (max-width: 600px) 100vw, 600px\" \/><\/a><figcaption id=\"caption-attachment-29126946\" class=\"wp-caption-text\">Jos\u00e9 Miguel Mart\u00edn, Jes\u00fas Ramos, Mar\u00eda Serrano, C\u00e9sar Hornero y Laura Garc\u00eda en la presentaci\u00f3n del Congreso &#8217;25 a\u00f1os de Mercado \u00danico en la UE&#8217;<\/figcaption><\/figure>\n<p>El 1 de enero de 1993 entr\u00f3 en vigor en la Uni\u00f3n Europea el Mercado \u00danico. Las personas, los bienes y los servicios, as\u00ed como los capitales, circulan libremente desde entonces. Cuando se cumplen 25 a\u00f1os de la desaparici\u00f3n de las barreras nacionales entre pa\u00edses de la UE, Europa afronta por primera vez la salida de uno de sus socios y los movimientos nacionalistas resurgen en muchos estados. <strong>Con objeto de hacer balance de lo que estos 25 a\u00f1os han supuesto en el \u00e1mbito del Derecho y las Ciencias Pol\u00edticas, hoy jueves d\u00eda 15 y el viernes 16 de noviembre se celebra en la Universidad Pablo de Olavide el Congreso Internacional \u201825 A\u00f1os de Mercado \u00danico en la Uni\u00f3n Europea\u2019<\/strong>.<\/p>\n<p>El Congreso ha sido inaugurado por Mar\u00eda Serrano, decana de la Facultad de Derecho, que ha estado acompa\u00f1ada de Jes\u00fas Ramos Prieto y C\u00e9sar Hornero, directores de los departamentos de Derecho p\u00fablico y Derecho privado, respectivamente. Han asistido tambi\u00e9n a la presentaci\u00f3n Laura Garc\u00eda y Jos\u00e9 Miguel Mart\u00edn, j\u00f3venes investigadores de la Universidad Pablo de Olavide que han organizado este Congreso que se celebra en la sala de grados del edificio 7 del campus.<\/p>\n<p><img loading=\"lazy\" decoding=\"async\" class=\"alignright size-medium wp-image-29115700\" alt=\"Congreso-25-UE\" src=\"https:\/\/www.upo.es\/diario\/wp-content\/uploads\/2018\/11\/Congreso-25-UE-320x139.png\" width=\"320\" height=\"139\" srcset=\"https:\/\/www.upo.es\/diario\/wp-content\/uploads\/2018\/11\/Congreso-25-UE-320x139.png 320w, https:\/\/www.upo.es\/diario\/wp-content\/uploads\/2018\/11\/Congreso-25-UE.png 460w\" sizes=\"auto, (max-width: 320px) 100vw, 320px\" \/>La actividad acad\u00e9mica ha arrancado\u00a0<strong>con la conferencia magistral \u2018Luces y sombras de la armonizaci\u00f3n del Derecho internacional privado en la Uni\u00f3n Europea\u2019<\/strong>, impartida por Federico Garau, catedr\u00e1tico de Derecho internacional de la Universidad de las Islas Baleares. Organizado en torno a cuatro mesas redondas cada jornada, se celebra bajo el lema <i>El futuro mirando al futuro<\/i>, ya que intervendr\u00e1n investigadores e investigadoras emergentes, pero especialistas en cuestiones europeas, que abordar\u00e1n de forma cr\u00edtica el recorrido de estos 25 a\u00f1os.<\/p>\n<p><strong>La primera jornada estar\u00e1 dedicada al Derecho Privado<\/strong>. Bajo el t\u00edtulo \u2018Balance y perspectivas en Derecho privado\u2019 se abordar\u00e1n cuestiones como los logros en armonizaci\u00f3n en Derecho civil y mercantil, los avances en cooperaci\u00f3n judicial y las conquistas en la consolidaci\u00f3n de libertades fundamentales en la legislaci\u00f3n de Derecho privado, sin perder de vista las cr\u00edticas y las carencias que han surgido en el proceso y los retos que se presentan en un momento de inflexi\u00f3n en la integraci\u00f3n europea.<\/p>\n<p><strong>La jornada del viernes 16 estar\u00e1 dedicada a los \u2018Avances y retos pendientes en el \u00e1mbito del Derecho P\u00fablico y las Ciencias Pol\u00edticas\u2019<\/strong>. Teniendo en cuenta que solo bajo una perspectiva multidisciplinar es posible entender las complejas relaciones creadas en estos 25 a\u00f1os, en las cuatro siguientes mesas redondas se reflexionar\u00e1 sobre los logros alcanzados as\u00ed como las dificultades y los desaf\u00edos que afronta la UE en temas como la cooperaci\u00f3n judicial, la armonizaci\u00f3n penal y fiscal y los actores que intervienen en la pol\u00edtica europea.<\/p>\n<p>El Congreso Internacional \u201825 A\u00f1os de Mercado \u00danico en la Uni\u00f3n Europea\u2019 se encuentra dirigido por Laura Garc\u00eda \u00c1lvarez y Jos\u00e9 Miguel Mart\u00edn, profesores de los departamentos de Derecho privado y Derecho p\u00fablico de la Universidad Pablo de Olavide. El Congreso cuenta con el patrocinio de la Facultad de Derecho de la UPO, la Consejer\u00eda de Conocimiento, Investigaci\u00f3n y Universidad de la Junta de Andaluc\u00eda y el Ministerio de Ciencia, Innovaci\u00f3n y Universidades.<\/p>\n<ul>\n<li><a href=\"https:\/\/eventos.upo.es\/25005\/detail\/congreso-internacional-25-anos-de-mercado-unico-en-la-union-europea.html\">M\u00e1s informaci\u00f3n y programa completo<\/a><\/li>\n<\/ul>\n<p><a title=\"Congreso '25 a\u00f1os de Mercado \u00danico en la UE'\" href=\"https:\/\/www.flickr.com\/photos\/pablodeolavide\/albums\/72157703530461984\" data-flickr-embed=\"true\" data-header=\"true\"><img loading=\"lazy\" decoding=\"async\" alt=\"Congreso '25 a\u00f1os de Mercado \u00danico en la UE'\" src=\"https:\/\/farm5.staticflickr.com\/4834\/45840863892_742f671675_z.jpg\" width=\"640\" height=\"360\" \/><\/a><script charset=\"utf-8\" type=\"text\/javascript\" src=\"\/\/embedr.flickr.com\/assets\/client-code.js\" async=\"\"><\/script><\/p>\n","protected":false},"excerpt":{"rendered":"<p>El 1 de enero de 1993 entr\u00f3 en vigor en la Uni\u00f3n Europea el Mercado \u00danico. Las personas, los bienes y los servicios, as\u00ed como los capitales, circulan libremente desde entonces. Cuando se cumplen 25 a\u00f1os de la desaparici\u00f3n de las barreras nacionales entre pa\u00edses de la UE, Europa afronta por primera vez la salida de uno de sus socios y los movimientos nacionalistas resurgen en muchos estados. Con objeto de hacer balance de lo que estos 25 a\u00f1os han supuesto en el \u00e1mbito del Derecho y las Ciencias Pol\u00edticas, el jueves 15 y el viernes 16 de noviembre se celebra en la Universidad Pablo de Olavide el Congreso Internacional \u201825 A\u00f1os de Mercado \u00danico en la Uni\u00f3n Europea\u2019.<\/p>\n","protected":false},"author":6,"featured_media":0,"comment_status":"closed","ping_status":"open","sticky":false,"template":"","format":"standard","meta":{"_monsterinsights_skip_tracking":false,"_monsterinsights_sitenote_active":false,"_monsterinsights_sitenote_note":"","_monsterinsights_sitenote_category":0,"footnotes":""},"categories":[6],"tags":[598,354,714,1178,81,446,68],"class_list":["post-29115698","post","type-post","status-publish","format-standard","hentry","category-institucional","tag-ciencias-politicas","tag-congreso","tag-derecho-privado","tag-derecho-publico","tag-facultad-de-derecho","tag-internacional","tag-union-europea"],"_links":{"self":[{"href":"https:\/\/www.upo.es\/diario\/wp-json\/wp\/v2\/posts\/29115698","targetHints":{"allow":["GET"]}}],"collection":[{"href":"https:\/\/www.upo.es\/diario\/wp-json\/wp\/v2\/posts"}],"about":[{"href":"https:\/\/www.upo.es\/diario\/wp-json\/wp\/v2\/types\/post"}],"author":[{"embeddable":true,"href":"https:\/\/www.upo.es\/diario\/wp-json\/wp\/v2\/users\/6"}],"replies":[{"embeddable":true,"href":"https:\/\/www.upo.es\/diario\/wp-json\/wp\/v2\/comments?post=29115698"}],"version-history":[{"count":11,"href":"https:\/\/www.upo.es\/diario\/wp-json\/wp\/v2\/posts\/29115698\/revisions"}],"predecessor-version":[{"id":29180443,"href":"https:\/\/www.upo.es\/diario\/wp-json\/wp\/v2\/posts\/29115698\/revisions\/29180443"}],"wp:attachment":[{"href":"https:\/\/www.upo.es\/diario\/wp-json\/wp\/v2\/media?parent=29115698"}],"wp:term":[{"taxonomy":"category","embeddable":true,"href":"https:\/\/www.upo.es\/diario\/wp-json\/wp\/v2\/categories?post=29115698"},{"taxonomy":"post_tag","embeddable":true,"href":"https:\/\/www.upo.es\/diario\/wp-json\/wp\/v2\/tags?post=29115698"}],"curies":[{"name":"wp","href":"https:\/\/api.w.org\/{rel}","templated":true}]}}