{"id":29129342,"date":"2018-11-16T15:30:15","date_gmt":"2018-11-16T15:30:15","guid":{"rendered":"https:\/\/www.upo.es\/diario\/?p=29129342"},"modified":"2018-11-19T07:56:17","modified_gmt":"2018-11-19T07:56:17","slug":"manana-en-la-upo-cita-con-el-cante-el-toque-y-el-baile-en-un-recital-organizado-por-la-pena-sentir-flamenco-de-la-upo","status":"publish","type":"post","link":"https:\/\/www.upo.es\/diario\/cultura\/2018\/11\/manana-en-la-upo-cita-con-el-cante-el-toque-y-el-baile-en-un-recital-organizado-por-la-pena-sentir-flamenco-de-la-upo\/","title":{"rendered":"Cita con el cante, el toque y el baile en la UPO en un recital organizado por la Pe\u00f1a \u00abSentir Flamenco\u00bb"},"content":{"rendered":"<p><a href=\"https:\/\/www.upo.es\/diario\/wp-content\/uploads\/2018\/11\/recitalflamenco.jpg\"><img loading=\"lazy\" decoding=\"async\" class=\"alignright size-medium wp-image-29129343\" alt=\"recitalflamenco\" src=\"https:\/\/www.upo.es\/diario\/wp-content\/uploads\/2018\/11\/recitalflamenco-226x320.jpg\" width=\"226\" height=\"320\" srcset=\"https:\/\/www.upo.es\/diario\/wp-content\/uploads\/2018\/11\/recitalflamenco-226x320.jpg 226w, https:\/\/www.upo.es\/diario\/wp-content\/uploads\/2018\/11\/recitalflamenco-424x600.jpg 424w, https:\/\/www.upo.es\/diario\/wp-content\/uploads\/2018\/11\/recitalflamenco-600x848.jpg 600w, https:\/\/www.upo.es\/diario\/wp-content\/uploads\/2018\/11\/recitalflamenco.jpg 1654w\" sizes=\"auto, (max-width: 226px) 100vw, 226px\" \/><\/a>Hoy viernes, a las 19:00 horas en el sal\u00f3n de actos del CABD, en el campus de la Universidad Pablo de Olavide, se celebrar\u00e1 un recital flamenco que tendr\u00e1 como protagonistas a la bailaora <b>Soraya Clavijo<\/b>, el bailaor <b>Joselito Fern\u00e1ndez<\/b>, el cantaor <b>Juan Villar<\/b> (hijo), y los guitarristas <b>Alberto L\u00f3pez<\/b> y <b>Kaveh Nassehi<\/b>.<\/p>\n<p>Esta actividad, cuya <strong>entrada es libre y gratuita hasta completar aforo,<\/strong> ha sido organizada por la pe\u00f1a flamenca de la UPO \u201cSentir Flamenco\u201d, que desarrolla su trabajo en el marco del programa \u201cArtes y Formaci\u00f3n\u201d del Vicerrectorado de Cultura y Compromiso Social de la UPO.<\/p>\n<p>Integrada por profesorado, alumnado, personal de administraci\u00f3n y personas ajenas a la Universidad, <a href=\"http:\/\/pfsentirflamenco.blogspot.com\/\">la Pe\u00f1a \u201cSentir Flamenco\u201d de la UPO<\/a> es una iniciativa que busca el acercamiento de la universidad al flamenco y viceversa. Con el apoyo del Vicerrectorado de Cultura y Compromiso Social, esta pe\u00f1a, considerando las dimensiones antropol\u00f3gicas del flamenco, organiza conferencias, encuentros con artistas, cine, presentaciones de libros, actuaciones y cursos de guitarra y de baile.<\/p>\n<p>&nbsp;<\/p>\n","protected":false},"excerpt":{"rendered":"<p>La Universidad Pablo de Olavide acoge un recital flamenco que tendr\u00e1 como protagonistas a la bailaora Soraya Clavijo, el bailaor Joselito Fern\u00e1ndez, el cantaor Juan Villar (hijo), y los guitarristas Alberto L\u00f3pez y Kaveh Nassehi.<\/p>\n","protected":false},"author":2,"featured_media":0,"comment_status":"closed","ping_status":"open","sticky":false,"template":"","format":"standard","meta":{"_monsterinsights_skip_tracking":false,"_monsterinsights_sitenote_active":false,"_monsterinsights_sitenote_note":"","_monsterinsights_sitenote_category":0,"footnotes":""},"categories":[7],"tags":[2345,2258,93,1142,5642],"class_list":["post-29129342","post","type-post","status-publish","format-standard","hentry","category-cultura","tag-baile","tag-cante","tag-flamenco","tag-pena-sentir-flamenco","tag-toque"],"_links":{"self":[{"href":"https:\/\/www.upo.es\/diario\/wp-json\/wp\/v2\/posts\/29129342","targetHints":{"allow":["GET"]}}],"collection":[{"href":"https:\/\/www.upo.es\/diario\/wp-json\/wp\/v2\/posts"}],"about":[{"href":"https:\/\/www.upo.es\/diario\/wp-json\/wp\/v2\/types\/post"}],"author":[{"embeddable":true,"href":"https:\/\/www.upo.es\/diario\/wp-json\/wp\/v2\/users\/2"}],"replies":[{"embeddable":true,"href":"https:\/\/www.upo.es\/diario\/wp-json\/wp\/v2\/comments?post=29129342"}],"version-history":[{"count":11,"href":"https:\/\/www.upo.es\/diario\/wp-json\/wp\/v2\/posts\/29129342\/revisions"}],"predecessor-version":[{"id":29180516,"href":"https:\/\/www.upo.es\/diario\/wp-json\/wp\/v2\/posts\/29129342\/revisions\/29180516"}],"wp:attachment":[{"href":"https:\/\/www.upo.es\/diario\/wp-json\/wp\/v2\/media?parent=29129342"}],"wp:term":[{"taxonomy":"category","embeddable":true,"href":"https:\/\/www.upo.es\/diario\/wp-json\/wp\/v2\/categories?post=29129342"},{"taxonomy":"post_tag","embeddable":true,"href":"https:\/\/www.upo.es\/diario\/wp-json\/wp\/v2\/tags?post=29129342"}],"curies":[{"name":"wp","href":"https:\/\/api.w.org\/{rel}","templated":true}]}}