{"id":29144188,"date":"2018-11-16T14:18:39","date_gmt":"2018-11-16T14:18:39","guid":{"rendered":"https:\/\/www.upo.es\/diario\/?p=29144188"},"modified":"2018-11-20T09:55:20","modified_gmt":"2018-11-20T09:55:20","slug":"la-fundacion-universidad-pablo-de-olavide-aprueba-el-presupuesto-y-el-plan-de-actuacion-para-2019","status":"publish","type":"post","link":"https:\/\/www.upo.es\/diario\/institucional\/2018\/11\/la-fundacion-universidad-pablo-de-olavide-aprueba-el-presupuesto-y-el-plan-de-actuacion-para-2019\/","title":{"rendered":"La Fundaci\u00f3n Universidad Pablo de Olavide aprueba el presupuesto y el plan de actuaci\u00f3n para 2019"},"content":{"rendered":"<figure id=\"attachment_29144189\" aria-describedby=\"caption-attachment-29144189\" style=\"width: 600px\" class=\"wp-caption aligncenter\"><a href=\"https:\/\/www.upo.es\/diario\/wp-content\/uploads\/2018\/11\/Patronato-FUPO_2018.jpg\"><img loading=\"lazy\" decoding=\"async\" class=\"size-large wp-image-29144189\" alt=\"Reuni\u00f3n del Patronato, presidida por el rector de la UPO, Vicente Guzm\u00e1n\" src=\"https:\/\/www.upo.es\/diario\/wp-content\/uploads\/2018\/11\/Patronato-FUPO_2018-600x399.jpg\" width=\"600\" height=\"399\" srcset=\"https:\/\/www.upo.es\/diario\/wp-content\/uploads\/2018\/11\/Patronato-FUPO_2018-600x399.jpg 600w, https:\/\/www.upo.es\/diario\/wp-content\/uploads\/2018\/11\/Patronato-FUPO_2018-320x213.jpg 320w\" sizes=\"auto, (max-width: 600px) 100vw, 600px\" \/><\/a><figcaption id=\"caption-attachment-29144189\" class=\"wp-caption-text\">Reuni\u00f3n del Patronato, presidida por el rector de la UPO, Vicente Guzm\u00e1n<\/figcaption><\/figure>\n<p>El Patronato de la Fundaci\u00f3n Universidad Pablo de Olavide, presidido por el rector de la Universidad Pablo de Olavide, Vicente Guzm\u00e1n, ha aprobado su presupuesto y el Plan de Actuaci\u00f3n para el pr\u00f3ximo a\u00f1o. Adem\u00e1s, durante la reuni\u00f3n la Fundaci\u00f3n ha presentado tambi\u00e9n la memoria acad\u00e9mica correspondiente al curso 2017\/2018 y el avance de cierre de cuentas anuales del ejercicio 2018.<\/p>\n<p><strong>Durante el pasado curso acad\u00e9mico, cerca de 2.500 estudiantes y titulados de la Universidad Pablo de Olavide hicieron pr\u00e1cticas en empresas y entidades.<\/strong> En concreto, la Fundaci\u00f3n Universidad Pablo de Olavide gestion\u00f3 un total de 2.498 pr\u00e1cticas en empresas, de las cuales 2.096 corresponden a pr\u00e1cticas curriculares o regladas de grado y postgrado y 402 son pr\u00e1cticas extracurriculares de estudiantes.<\/p>\n<p>Con respecto a la Formaci\u00f3n Permanente,<strong> la Fundaci\u00f3n ha gestionado un total de 100 t\u00edtulos propios<\/strong>, con un porcentaje de \u00e9xito en la ejecuci\u00f3n del 62%, habiendo participado un total de 1.215 estudiantes. Ello ha supuesto un incremento del 10% en las acciones formativas ejecutadas, y del 14% en el total de la matriculaci\u00f3n. Adem\u00e1s, se han realizado 7 actividades formativas espec\u00edficas en las que han participado 255 estudiantes m\u00e1s y dos actividades de formaci\u00f3n in company, con 26 personas.<\/p>\n<p>Adem\u00e1s, la Fundaci\u00f3n ha gestionado<strong> 108 ofertas de empleo de 79 empresas<\/strong>, a trav\u00e9s de las cuales se han ofertado 446 puestos de trabajo; asimismo se han impartido 34 talleres sobre empleabilidad y emprendimiento en los que han participado 484 universitarios y se han organizado actividades como la inauguraci\u00f3n del \u2018CADE y Espacio de Coworking\u2019 en el campus de la Universidad Pablo de Olavide; la X edici\u00f3n del Concurso de Ideas y Proyectos Empresariales Emprendedores de la UPO con 77 proyectos presentados, 50 m\u00e1s que en la edici\u00f3n anterior; la I edici\u00f3n del Climat\u00f3n de Sevilla o la II edici\u00f3n de Ideas Factory, evento en el que participaron 38 estudiantes y se generaron nueve proyectos emprendedores.<\/p>\n<p>Por \u00faltimo, la Fundaci\u00f3n tambi\u00e9n ha trabajado durante el pasado curso acad\u00e9mico en otros servicios como la oferta formativa de los Cursos de Verano de la Universidad Pablo de Olavide, el servicio a los estudiantes extranjeros a trav\u00e9s del Centro Universitario Internacional, el proyecto social de la Residencia Universitaria Flora Trist\u00e1n o la promoci\u00f3n del deporte y la vida saludable a trav\u00e9s del Servicio de Deportes, y ha financiado la convocatoria de ayudas al estudio para estudiantes con situaciones econ\u00f3micas desfavorables o los premios al rendimiento acad\u00e9mico de la Universidad.<\/p>\n<p>Con respecto al presupuesto para el pr\u00f3ximo a\u00f1o, la Fundaci\u00f3n ha incrementado el gasto un 5,81% y los ingresos un 4,03%. Por otro lado, se incrementar\u00e1 la aportaci\u00f3n de la Universidad Pablo de Olavide para dar cobertura a nuevos encargos como el posicionamiento de la UPO en Sevilla a trav\u00e9s de su nueva sede universitaria Olavide Sevilla-centro, situada en la calle Lara\u00f1a.<\/p>\n<p>Tambi\u00e9n para el pr\u00f3ximo a\u00f1o, el Patronato ha acordado seguir trabajando en las actividades ya consolidadas de esta entidad e impulsar nuevas iniciativas y proyectos que complementen la formaci\u00f3n de los universitarios y favorezcan su futura inserci\u00f3n laboral.<\/p>\n<p>Adem\u00e1s de Vicente Guzm\u00e1n Fluja, rector de la UPO, que ha presidido la reuni\u00f3n del Patronato, han asistido Amparo Rubiales Torrej\u00f3n, presidenta del Consejo Social de la UPO; David Naranjo Gil, vicepresidente ejecutivo de la Fundaci\u00f3n UPO; Jos\u00e9 Mar\u00eda Seco Mart\u00ednez, secretario general de la UPO; Jos\u00e9 Manuel Feria, vicerrector de Estrategia, Empleabilidad y Emprendimiento; Miguel \u00c1ngel Gual Font, vicerrector de Postgrado y Formaci\u00f3n Permanente; Elodia Hern\u00e1ndez Le\u00f3n, vicerrectora de Estudiantes, Cultura, y Compromiso Social; Isabel Victoria Lucena Cid; vicerrectora de Internacionalizaci\u00f3n; Pilar Rodr\u00edguez Reina, vicerrectora de Relaciones Institucionales y Comunicaci\u00f3n;: Pedro Gonz\u00e1lez-Velasco Calder\u00f3n, coordinador general de la Fundaci\u00f3n UPO y Manuel Antonio G\u00e1lvez Rodr\u00edguez, de UGT en representaci\u00f3n del Consejo Social de la UPO.<\/p>\n","protected":false},"excerpt":{"rendered":"<p>El Patronato de la Fundaci\u00f3n Universidad Pablo de Olavide, presidido por el rector Vicente Guzm\u00e1n, ha aprobado su presupuesto y el Plan de Actuaci\u00f3n para el pr\u00f3ximo a\u00f1o. Adem\u00e1s, durante la reuni\u00f3n la Fundaci\u00f3n ha presentado tambi\u00e9n la memoria acad\u00e9mica correspondiente al curso 2017\/2018 y el avance de cierre de cuentas anuales del ejercicio 2018.<\/p>\n","protected":false},"author":6,"featured_media":0,"comment_status":"closed","ping_status":"open","sticky":false,"template":"","format":"standard","meta":{"_monsterinsights_skip_tracking":false,"_monsterinsights_sitenote_active":false,"_monsterinsights_sitenote_note":"","_monsterinsights_sitenote_category":0,"footnotes":""},"categories":[6],"tags":[2474,4580,730,65,113,38,1320,106],"class_list":["post-29144188","post","type-post","status-publish","format-standard","hentry","category-institucional","tag-fundacion-universidad-pablo-de-olavide","tag-memoria-academica","tag-patronato","tag-practicas","tag-presupuesto","tag-rector","tag-titulos-propios","tag-vicente-c-guzman"],"_links":{"self":[{"href":"https:\/\/www.upo.es\/diario\/wp-json\/wp\/v2\/posts\/29144188","targetHints":{"allow":["GET"]}}],"collection":[{"href":"https:\/\/www.upo.es\/diario\/wp-json\/wp\/v2\/posts"}],"about":[{"href":"https:\/\/www.upo.es\/diario\/wp-json\/wp\/v2\/types\/post"}],"author":[{"embeddable":true,"href":"https:\/\/www.upo.es\/diario\/wp-json\/wp\/v2\/users\/6"}],"replies":[{"embeddable":true,"href":"https:\/\/www.upo.es\/diario\/wp-json\/wp\/v2\/comments?post=29144188"}],"version-history":[{"count":6,"href":"https:\/\/www.upo.es\/diario\/wp-json\/wp\/v2\/posts\/29144188\/revisions"}],"predecessor-version":[{"id":29162650,"href":"https:\/\/www.upo.es\/diario\/wp-json\/wp\/v2\/posts\/29144188\/revisions\/29162650"}],"wp:attachment":[{"href":"https:\/\/www.upo.es\/diario\/wp-json\/wp\/v2\/media?parent=29144188"}],"wp:term":[{"taxonomy":"category","embeddable":true,"href":"https:\/\/www.upo.es\/diario\/wp-json\/wp\/v2\/categories?post=29144188"},{"taxonomy":"post_tag","embeddable":true,"href":"https:\/\/www.upo.es\/diario\/wp-json\/wp\/v2\/tags?post=29144188"}],"curies":[{"name":"wp","href":"https:\/\/api.w.org\/{rel}","templated":true}]}}