{"id":2917541,"date":"2014-02-21T00:45:51","date_gmt":"2014-02-21T00:45:51","guid":{"rendered":"https:\/\/www.upo.es\/diario\/?p=2917541"},"modified":"2014-02-26T13:46:54","modified_gmt":"2014-02-26T13:46:54","slug":"el-arquitecto-e-historiador-ramon-gutierrez-sera-investido-la-proxima-semana-doctor-honoris-causa-por-la-upo","status":"publish","type":"post","link":"https:\/\/www.upo.es\/diario\/institucional\/2014\/02\/el-arquitecto-e-historiador-ramon-gutierrez-sera-investido-la-proxima-semana-doctor-honoris-causa-por-la-upo\/","title":{"rendered":"El arquitecto e historiador Ram\u00f3n Guti\u00e9rrez ser\u00e1 investido la pr\u00f3xima semana Doctor Honoris Causa por la UPO"},"content":{"rendered":"<figure id=\"attachment_2917542\" aria-describedby=\"caption-attachment-2917542\" style=\"width: 320px\" class=\"wp-caption alignright\"><a href=\"https:\/\/www.upo.es\/diario\/wp-content\/uploads\/2014\/02\/Ramon_Gutierrez.jpg\"><img loading=\"lazy\" decoding=\"async\" class=\"size-medium wp-image-2917542\" alt=\"Ram\u00f3n Guti\u00e9rrez\" src=\"https:\/\/www.upo.es\/diario\/wp-content\/uploads\/2014\/02\/Ramon_Gutierrez-320x214.jpg\" width=\"320\" height=\"214\" srcset=\"https:\/\/www.upo.es\/diario\/wp-content\/uploads\/2014\/02\/Ramon_Gutierrez-320x214.jpg 320w, https:\/\/www.upo.es\/diario\/wp-content\/uploads\/2014\/02\/Ramon_Gutierrez-1024x685.jpg 1024w, https:\/\/www.upo.es\/diario\/wp-content\/uploads\/2014\/02\/Ramon_Gutierrez-600x401.jpg 600w\" sizes=\"auto, (max-width: 320px) 100vw, 320px\" \/><\/a><figcaption id=\"caption-attachment-2917542\" class=\"wp-caption-text\">Ram\u00f3n Guti\u00e9rrez es hoy el principal referente en Europa y Am\u00e9rica para el conocimiento de la historia de la arquitectura y el urbanismo latinoamericano<\/figcaption><\/figure>\n<p>El arquitecto e historiador <strong>Ram\u00f3n Guti\u00e9rrez<\/strong> (Buenos Aires, 1939) ser\u00e1 investido <strong>Doctor Honoris Causa por la Universidad Pablo de Olavide de Sevilla el pr\u00f3ximo mi\u00e9rcoles 26 de enero<\/strong>, a las 12.30 horas, en el Paraninfo de esta universidad.<\/p>\n<p>La candidatura de Ram\u00f3n Guti\u00e9rrez fue presentada por el Departamento de Geograf\u00eda, Historia y Filosof\u00eda de la UPO y defendida ante el Consejo de Gobierno de esta universidad por el catedr\u00e1tico de Historia del Arte Arsenio Moreno Mendoza, quien destac\u00f3 que la concesi\u00f3n de este t\u00edtulo es un reconocimiento ineludible a este intelectual de reconocido prestigio que puso en pie en el a\u00f1o 2002 el Doctorado de Historia del Arte y Gesti\u00f3n Cultural del Mundo Hisp\u00e1nico, m\u00e1s tarde m\u00e1ster universitario, de la Olavide.<\/p>\n<p>&nbsp;<\/p>\n<hr \/>\n<p><strong>\u00a0Arquitecto e historiador, Ram\u00f3n Guti\u00e9rrez es hoy el principal referente en Europa y Am\u00e9rica para el conocimiento de la historia de la arquitectura y el urbanismo latinoamericano.<\/strong> Egresado de la Facultad de Arquitectura de la Universidad de Buenos Aires, fue profesor de las Facultades de Arquitectura de la Universidad de Buenos Aires y Nacional del Nordeste en Argentina.<\/p>\n<p>Ram\u00f3n Guti\u00e9rrez es Acad\u00e9mico de N\u00famero de la Academia Nacional de la Historia y de la Academia Nacional de Bellas Artes, adem\u00e1s de miembro correspondiente de Argentina en la Academia de Bellas Artes de San Fernando (Madrid). Es tambi\u00e9n miembro honorario de los Colegios de Arquitectos de Per\u00fa y Chile, y profesor honorario de la Universidad Nacional de Ingenier\u00eda (Lima) y la Nacional de San Agust\u00edn (Arequipa, Per\u00fa). Recibi\u00f3, en 1995, el \u00abPremio Am\u00e9rica\u00bb de Historia y Cr\u00edtica de la Arquitectura, otorgado en el <i>VII Seminario de Arquitectura Latinoamericana <\/i>(SAL), en Sao Paulo (Brasil). Ha obtenido el Premio Nacional a la Trayectoria en Arquitectura otorgado por el <i>Fondo Nacional de las Artes <\/i>(2003), y la Menci\u00f3n de Profesor Extraordinario con Distinci\u00f3n de Acad\u00e9mico Ilustre por la Universidad Nacional de Mar del Plata (2004), as\u00ed como el Premio CICOP a la trayectoria en Conservaci\u00f3n del Patrimonio (2007). Desde los a\u00f1os 70 es consultor de la UNESCO en temas de Patrimonio Cultural de Iberoam\u00e9rica. Es Doctor Honoris Causa por las Universidades Ricardo Palma, de Lima (Per\u00fa), y de Tucum\u00e1n (Argentina) (2007). En 2011 fue nombrado Ciudadano Ilustre de la Ciudad de Buenos Aires.<\/p>\n<p>Ha participado como coordinador y profesor en varios m\u00e1steres de universidades americanas y espa\u00f1olas, y ha dictado cursos, conferencias y clases en numerosas universidades de Argentina, Chile, Per\u00fa, Venezuela, Colombia, M\u00e9xico, Ecuador, Estados Unidos, Uruguay, Paraguay, Bolivia, Brasil, Guatemala, Espa\u00f1a e Italia, formando parte del colegio docente del Departamento de Geograf\u00eda, Historia y Filosof\u00eda de la Universidad Pablo de Olavide desde 2002. El prof. Guti\u00e9rrez desarrolla su docencia en la actualidad en nuestra universidad en el programa de doctorado <i>Historia del Arte y Gesti\u00f3n cultural en el mundo hisp\u00e1nico<\/i>, y en el m\u00e1ster oficial <i>Arte, museos y gesti\u00f3n del patrimonio hist\u00f3rico<\/i>.<\/p>\n<p>Su producci\u00f3n investigadora es tan amplia y fecunda como sus propias publicaciones: 326 art\u00edculos aparecidos en revistas cient\u00edficas y 198 libros y folletos, (tomando como referencia su curriculum vitae hasta el a\u00f1o 2005), obras muchas de los cuales son hoy obras imprescindibles para el conocimiento del arte, arquitectura y la historia urbana de Am\u00e9rica, as\u00ed como s\u00f3lidos pilares para el desarrollo de nuevas l\u00edneas y m\u00e9todos de investigaci\u00f3n. Es fundador y director de la revista <i>Documentos de Arquitectura Nacional y Americana<\/i>, y entre su ingente producci\u00f3n cient\u00edfica, destacan los libros <i>Evoluci\u00f3n urban\u00edstica y arquitect\u00f3nica del Paraguay (1537-1911) <\/i>(1976), <i>Arquitectura del altiplano peruano <\/i>(1978), <i>Impacto de la urbanizaci\u00f3n en los centros hist\u00f3ricos de Am\u00e9rica Latina <\/i>(Lima, UNESCO, 1981), <i>Arquitectura y urbanismo en Iberoam\u00e9rica <\/i>(Madrid, C\u00e1tedra, 1984), <i>Patrimonio Arquitect\u00f3nico y Centros Hist\u00f3ricos en Am\u00e9rica Latina. Recursos humanos, requerimientos y oportunidades de trabajo <\/i>(Lima, UNESCO, 1984), <i>Iberoam\u00e9rica. Tradiciones, utop\u00edas y novedad cristiana <\/i>(Madrid, Encuentro, 1992), <i>Barroco Iberoamericano. De los Andes a las pampa<\/i>s (Madrid, Lunwerg, 1997), <i>Arquitectura latinoamericana en el siglo XX <\/i>(Madrid, Lunwerg, 1998), <i>Congresos Panamericanos de Arquitectos. 1920-2000 <\/i>(Buenos Aires, CEDODAL, 2007), <i>Atlas territorial y urbano de las misiones jesu\u00edticas de guaran\u00edes: Argentina, Paraguay y Brasil <\/i>(Sevilla, Instituto Andaluz del Patrimonio Hist\u00f3rico, 2010). Comisario de exposiciones de impacto internacional como <i>Plater\u00eda del Per\u00fa Virreinal. 1535-1825<\/i>, o <i>El oro y la plata de las Indias en tiempo de los Austrias. El financiamiento del Imperio<\/i>, ha sido tambi\u00e9n comisario de exposiciones monogr\u00e1ficas referidas a las obras de los arquitectos Alberto Prebisch, Francisco Gianotti, Alfredo Mas\u00fce, Eduardo le Monnier, Andr\u00e9s K\u00e1lnay, Casas Blancas, etc.<\/p>\n<p>Intelectual de reconocido prestigio y una acendrada vocaci\u00f3n humanista, el arquitecto Ram\u00f3n Guti\u00e9rrez ha dedicado toda una vida de trabajo a la investigaci\u00f3n y a la docencia. Fruto de su empe\u00f1o personal fue la creaci\u00f3n en 1995 del CEDODAL, o Centro de Documentaci\u00f3n de Arquitectura Latinoamericana, sobre la base de unos fondos bibliogr\u00e1ficos, hemerogr\u00e1ficos y documentales de su propiedad, reunidos a lo largo de m\u00e1s de treinta a\u00f1os de trabajo en Am\u00e9rica y Espa\u00f1a.\u00a0 El CEDODAL es hoy un centro imprescindible de referencia para el estudio de la arquitectura y el urbanismo en Am\u00e9rica, y realiza una extraordinaria labor de difusi\u00f3n del patrimonio hist\u00f3rico de Am\u00e9rica, a trav\u00e9s de la creaci\u00f3n, compilaci\u00f3n, y edici\u00f3n de publicaciones, junto con la organizaci\u00f3n y comisariado de exposiciones.<\/p>\n<p>&nbsp;<\/p>\n","protected":false},"excerpt":{"rendered":"<p>El arquitecto e historiador Ram\u00f3n Guti\u00e9rrez (Buenos Aires, 1939) ser\u00e1 investido Doctor Honoris Causa por la Universidad Pablo de Olavide de Sevilla el pr\u00f3ximo mi\u00e9rcoles 26 de enero, a las 12.30 horas, en el Paraninfo de esta universidad.<\/p>\n","protected":false},"author":6,"featured_media":0,"comment_status":"closed","ping_status":"open","sticky":false,"template":"","format":"standard","meta":{"_monsterinsights_skip_tracking":false,"_monsterinsights_sitenote_active":false,"_monsterinsights_sitenote_note":"","_monsterinsights_sitenote_category":0,"footnotes":""},"categories":[6],"tags":[1014,1078,150,259,1164],"class_list":["post-2917541","post","type-post","status-publish","format-standard","hentry","category-institucional","tag-arquitectura","tag-doctor-honoris-causa","tag-historia","tag-area-de-historia-del-arte","tag-urbanismo"],"_links":{"self":[{"href":"https:\/\/www.upo.es\/diario\/wp-json\/wp\/v2\/posts\/2917541","targetHints":{"allow":["GET"]}}],"collection":[{"href":"https:\/\/www.upo.es\/diario\/wp-json\/wp\/v2\/posts"}],"about":[{"href":"https:\/\/www.upo.es\/diario\/wp-json\/wp\/v2\/types\/post"}],"author":[{"embeddable":true,"href":"https:\/\/www.upo.es\/diario\/wp-json\/wp\/v2\/users\/6"}],"replies":[{"embeddable":true,"href":"https:\/\/www.upo.es\/diario\/wp-json\/wp\/v2\/comments?post=2917541"}],"version-history":[{"count":11,"href":"https:\/\/www.upo.es\/diario\/wp-json\/wp\/v2\/posts\/2917541\/revisions"}],"predecessor-version":[{"id":2971988,"href":"https:\/\/www.upo.es\/diario\/wp-json\/wp\/v2\/posts\/2917541\/revisions\/2971988"}],"wp:attachment":[{"href":"https:\/\/www.upo.es\/diario\/wp-json\/wp\/v2\/media?parent=2917541"}],"wp:term":[{"taxonomy":"category","embeddable":true,"href":"https:\/\/www.upo.es\/diario\/wp-json\/wp\/v2\/categories?post=2917541"},{"taxonomy":"post_tag","embeddable":true,"href":"https:\/\/www.upo.es\/diario\/wp-json\/wp\/v2\/tags?post=2917541"}],"curies":[{"name":"wp","href":"https:\/\/api.w.org\/{rel}","templated":true}]}}