{"id":29183521,"date":"2018-11-19T13:49:32","date_gmt":"2018-11-19T13:49:32","guid":{"rendered":"https:\/\/www.upo.es\/diario\/?p=29183521"},"modified":"2018-11-21T17:00:22","modified_gmt":"2018-11-21T17:00:22","slug":"la-upo-se-suma-al-25-n-con-la-campana-senales-de-alarma-para-identificar-las-violencias-machistas","status":"publish","type":"post","link":"https:\/\/www.upo.es\/diario\/institucional\/2018\/11\/la-upo-se-suma-al-25-n-con-la-campana-senales-de-alarma-para-identificar-las-violencias-machistas\/","title":{"rendered":"La UPO se suma al 25 N con la campa\u00f1a \u201cSe\u00f1ales de alarma para identificar las violencias machistas\u201d"},"content":{"rendered":"<figure id=\"attachment_29183522\" aria-describedby=\"caption-attachment-29183522\" style=\"width: 600px\" class=\"wp-caption aligncenter\"><a href=\"https:\/\/www.upo.es\/diario\/wp-content\/uploads\/2018\/11\/ExpFotos-YesWomenCan_UPO.jpg\"><img loading=\"lazy\" decoding=\"async\" class=\"size-large wp-image-29183522\" alt=\"Entre las actividades programadas se encuentra la exposici\u00f3n 'YES WOMEN CAN' , que puede visitarse en la Biblioteca\" src=\"https:\/\/www.upo.es\/diario\/wp-content\/uploads\/2018\/11\/ExpFotos-YesWomenCan_UPO-600x337.jpg\" width=\"600\" height=\"337\" srcset=\"https:\/\/www.upo.es\/diario\/wp-content\/uploads\/2018\/11\/ExpFotos-YesWomenCan_UPO-600x337.jpg 600w, https:\/\/www.upo.es\/diario\/wp-content\/uploads\/2018\/11\/ExpFotos-YesWomenCan_UPO-320x180.jpg 320w\" sizes=\"auto, (max-width: 600px) 100vw, 600px\" \/><\/a><figcaption id=\"caption-attachment-29183522\" class=\"wp-caption-text\">Entre las actividades programadas se encuentra la exposici\u00f3n &#8216;YES WOMEN CAN&#8217; , que puede visitarse en la Biblioteca hasta el 30 de noviembre<\/figcaption><\/figure>\n<p>La Universidad Pablo de Olavide, en v\u00edsperas de la<strong> conmemoraci\u00f3n del D\u00eda Internacional para la Eliminaci\u00f3n de las Violencias contras las Mujeres, que se celebrar\u00e1 el pr\u00f3ximo 25 de noviembre<\/strong>,\u00a0pone en marcha la VIII Campa\u00f1a para la erradicaci\u00f3n de esta lacra que lleva por t\u00edtulo \u201cSe\u00f1ales de alarma para identificar las violencias machistas\u201d. Con una extensa programaci\u00f3n de actividades para sensibilizar, prevenir y actuar contra la violencia de g\u00e9nero, el Vicerrectorado de Cultura y Compromiso Social de la UPO visibiliza en un programa \u00fanico, impulsado por la Oficina para la Igualdad, un conjunto de acciones diversas para el mes de noviembre organizadas por las facultades, servicios, la I Red Universitaria contra la violencia de g\u00e9nero, la Residencia Universitaria Flora Trist\u00e1n, CEUPO, GEP&amp;DO, el M\u00e1ster de G\u00e9nero e Igualdad, el Aula Abierta de Mayores, etc.<\/p>\n<p><strong><a href=\"https:\/\/www.upo.es\/diario\/wp-content\/uploads\/2018\/11\/CARTEL-25N_pantallas.png\"><img loading=\"lazy\" decoding=\"async\" class=\"alignright size-medium wp-image-29183523\" alt=\"CARTEL-25N_pantallas\" src=\"https:\/\/www.upo.es\/diario\/wp-content\/uploads\/2018\/11\/CARTEL-25N_pantallas-226x320.png\" width=\"226\" height=\"320\" srcset=\"https:\/\/www.upo.es\/diario\/wp-content\/uploads\/2018\/11\/CARTEL-25N_pantallas-226x320.png 226w, https:\/\/www.upo.es\/diario\/wp-content\/uploads\/2018\/11\/CARTEL-25N_pantallas-424x600.png 424w, https:\/\/www.upo.es\/diario\/wp-content\/uploads\/2018\/11\/CARTEL-25N_pantallas-600x848.png 600w, https:\/\/www.upo.es\/diario\/wp-content\/uploads\/2018\/11\/CARTEL-25N_pantallas.png 1800w\" sizes=\"auto, (max-width: 226px) 100vw, 226px\" \/><\/a>En esta edici\u00f3n 2018, la programaci\u00f3n est\u00e1 centrada en subrayar las se\u00f1ales de alarma para identificar las violencias machista<\/strong>s. \u00abCon esta campa\u00f1a, nuestra universidad hace frente a todas las formas de violencias contra las mujeres desplegando las estrategias de prevenci\u00f3n, detecci\u00f3n y actuaci\u00f3n. A trav\u00e9s de distintas acciones el programa de este a\u00f1o, fruto de las iniciativas de los diferentes grupos de inter\u00e9s de la comunidad UPO, se hace hincapi\u00e9 en los tipos de violencia, los mitos y el ciclo de la violencia de g\u00e9nero, adem\u00e1s de abordar tambi\u00e9n el control a trav\u00e9s de las redes sociales, la ciberviolencia\u00bb, explica la vicerrectora de Cultura y Compromiso Social, Elodia Hern\u00e1ndez.<\/p>\n<p>A trav\u00e9s de conferencias, cursos, coloquios, proyecciones, talleres, carteles, murales o programas de radio, entre otras acciones, la Universidad Pablo de Olavide busca contribuir a la reflexi\u00f3n sobre los posibles caminos que son necesarios para poner fin a este problema social.<\/p>\n<p>Elodia Hern\u00e1ndez destaca tambi\u00e9n el trabajo que realiza la <strong>Red Universitaria contra la Violencia de G\u00e9nero<\/strong>, una herramienta eficaz para la sensibilizaci\u00f3n y prevenci\u00f3n de la violencia de g\u00e9nero integrada por alumnado y personal del PDI y del PAS.<\/p>\n<p>Esta Red Universitaria, que nace en el curso 2016\/2017, tiene el objetivo de generar y mantener una red de apoyo para la erradicaci\u00f3n de las violencias contra las mujeres, dotando a \u00e9stas de estrategias y herramientas para orientar a las mujeres que est\u00e9n sufriendo una situaci\u00f3n de violencia de g\u00e9nero.<\/p>\n<p>Para conocer el <strong>calendario de actividades del 25 N de la Universidad Pablo de Olavide<\/strong>, cons\u00faltese el enlace <a href=\"http:\/\/www.upo.es\/oficinaparalaigualdad\">www.upo.es\/oficinaparalaigualdad<\/a>.<\/p>\n","protected":false},"excerpt":{"rendered":"<p>La Universidad Pablo de Olavide, en v\u00edsperas de la conmemoraci\u00f3n del D\u00eda Internacional para la Eliminaci\u00f3n de las Violencias contras las Mujeres, que se celebrar\u00e1 el pr\u00f3ximo 25 de noviembre, pone en marcha la VIII Campa\u00f1a para la erradicaci\u00f3n de esta lacra que lleva por t\u00edtulo \u201cSe\u00f1ales de alarma para identificar las violencias machistas\u201d.<\/p>\n","protected":false},"author":6,"featured_media":0,"comment_status":"closed","ping_status":"open","sticky":false,"template":"","format":"standard","meta":{"_monsterinsights_skip_tracking":false,"_monsterinsights_sitenote_active":false,"_monsterinsights_sitenote_note":"","_monsterinsights_sitenote_category":0,"footnotes":""},"categories":[6],"tags":[419,5644,2349,3627,2209,2441],"class_list":["post-29183521","post","type-post","status-publish","format-standard","hentry","category-institucional","tag-campana","tag-dia-internacional","tag-genero-e-igualdad","tag-machismo","tag-oficina-para-la-igualdad","tag-violencia-de-genero"],"_links":{"self":[{"href":"https:\/\/www.upo.es\/diario\/wp-json\/wp\/v2\/posts\/29183521","targetHints":{"allow":["GET"]}}],"collection":[{"href":"https:\/\/www.upo.es\/diario\/wp-json\/wp\/v2\/posts"}],"about":[{"href":"https:\/\/www.upo.es\/diario\/wp-json\/wp\/v2\/types\/post"}],"author":[{"embeddable":true,"href":"https:\/\/www.upo.es\/diario\/wp-json\/wp\/v2\/users\/6"}],"replies":[{"embeddable":true,"href":"https:\/\/www.upo.es\/diario\/wp-json\/wp\/v2\/comments?post=29183521"}],"version-history":[{"count":5,"href":"https:\/\/www.upo.es\/diario\/wp-json\/wp\/v2\/posts\/29183521\/revisions"}],"predecessor-version":[{"id":29214707,"href":"https:\/\/www.upo.es\/diario\/wp-json\/wp\/v2\/posts\/29183521\/revisions\/29214707"}],"wp:attachment":[{"href":"https:\/\/www.upo.es\/diario\/wp-json\/wp\/v2\/media?parent=29183521"}],"wp:term":[{"taxonomy":"category","embeddable":true,"href":"https:\/\/www.upo.es\/diario\/wp-json\/wp\/v2\/categories?post=29183521"},{"taxonomy":"post_tag","embeddable":true,"href":"https:\/\/www.upo.es\/diario\/wp-json\/wp\/v2\/tags?post=29183521"}],"curies":[{"name":"wp","href":"https:\/\/api.w.org\/{rel}","templated":true}]}}