{"id":29197886,"date":"2018-11-21T03:12:47","date_gmt":"2018-11-21T03:12:47","guid":{"rendered":"https:\/\/www.upo.es\/diario\/?p=29197886"},"modified":"2018-11-21T08:03:33","modified_gmt":"2018-11-21T08:03:33","slug":"manana-en-la-upo-cita-con-los-cineastas-daniel-lagares-y-mariano-agudo-directores-de-la-busqueda","status":"publish","type":"post","link":"https:\/\/www.upo.es\/diario\/cultura\/2018\/11\/manana-en-la-upo-cita-con-los-cineastas-daniel-lagares-y-mariano-agudo-directores-de-la-busqueda\/","title":{"rendered":"Esta tarde en la UPO, cita con los cineastas Daniel Lagares y Mariano Agudo, directores de \u00abLa B\u00fasqueda\u00bb"},"content":{"rendered":"<p><a href=\"https:\/\/www.upo.es\/diario\/wp-content\/uploads\/2018\/11\/CARTEL_LABUSQUEDA_OPC3-3.jpg\"><img loading=\"lazy\" decoding=\"async\" class=\"alignright size-medium wp-image-29197887\" alt=\"CARTEL_LABUSQUEDA_OPC3-3\" src=\"https:\/\/www.upo.es\/diario\/wp-content\/uploads\/2018\/11\/CARTEL_LABUSQUEDA_OPC3-3-239x320.jpg\" width=\"239\" height=\"320\" srcset=\"https:\/\/www.upo.es\/diario\/wp-content\/uploads\/2018\/11\/CARTEL_LABUSQUEDA_OPC3-3-239x320.jpg 239w, https:\/\/www.upo.es\/diario\/wp-content\/uploads\/2018\/11\/CARTEL_LABUSQUEDA_OPC3-3-449x600.jpg 449w, https:\/\/www.upo.es\/diario\/wp-content\/uploads\/2018\/11\/CARTEL_LABUSQUEDA_OPC3-3-600x800.jpg 600w\" sizes=\"auto, (max-width: 239px) 100vw, 239px\" \/><\/a>Hoy mi\u00e9rcoles 21 de noviembre, a las 17:00 horas en el Paraninfo de la Universidad Pablo de Olavide, los directores <b>Daniel Lagares<\/b> y <b>Mariano Agudo<\/b> presentar\u00e1n su documental <b>\u201cLa B\u00fasqueda\u201d<\/b>, cinta estrenada en el Festival Internacional de Cine de Lima donde obtuvo la Menci\u00f3n Especial del Jurado.<\/p>\n<p>Tras la proyecci\u00f3n del documental se abrir\u00e1 un espacio de debate y reflexi\u00f3n donde los asistentes tendr\u00e1n la oportunidad de conocer el proceso de creaci\u00f3n y el trabajo de investigaci\u00f3n que hay detr\u00e1s de esta obra. La entrada es libre hasta completar aforo.<\/p>\n<p>\u201cLa B\u00fasqueda\u201d refleja c\u00f3mo 30 a\u00f1os despu\u00e9s del conflicto armado entre el Estado y Sendero Luminoso en Per\u00fa tres personas recorren escenarios importantes de sus vidas en la b\u00fasqueda de superar la p\u00e9rdida y las heridas de la violencia. Este viaje revela que el estigma y los trastornos de la guerra a\u00fan persisten.<\/p>\n<p>Esta actividad ha sido organizada por el Servicio de Extensi\u00f3n Cultural perteneciente al Vicerrectorado de Cultura y Compromiso Social de la Universidad Pablo de Olavide.<\/p>\n","protected":false},"excerpt":{"rendered":"<p>Hoy mi\u00e9rcoles 21 de noviembre, a las 17:00 horas en el Paraninfo de la Universidad Pablo de Olavide, los directores Daniel Lagares y Mariano Agudo presentar\u00e1n su documental \u201cLa B\u00fasqueda\u201d, cinta estrenada en el Festival Internacional de Cine de Lima donde obtuvo la Menci\u00f3n Especial del Jurado.<\/p>\n","protected":false},"author":2,"featured_media":0,"comment_status":"closed","ping_status":"open","sticky":false,"template":"","format":"standard","meta":{"_monsterinsights_skip_tracking":false,"_monsterinsights_sitenote_active":false,"_monsterinsights_sitenote_note":"","_monsterinsights_sitenote_category":0,"footnotes":""},"categories":[7],"tags":[937,662,75,5650],"class_list":["post-29197886","post","type-post","status-publish","format-standard","hentry","category-cultura","tag-cine","tag-debate","tag-extension-cultural","tag-reflexion"],"_links":{"self":[{"href":"https:\/\/www.upo.es\/diario\/wp-json\/wp\/v2\/posts\/29197886","targetHints":{"allow":["GET"]}}],"collection":[{"href":"https:\/\/www.upo.es\/diario\/wp-json\/wp\/v2\/posts"}],"about":[{"href":"https:\/\/www.upo.es\/diario\/wp-json\/wp\/v2\/types\/post"}],"author":[{"embeddable":true,"href":"https:\/\/www.upo.es\/diario\/wp-json\/wp\/v2\/users\/2"}],"replies":[{"embeddable":true,"href":"https:\/\/www.upo.es\/diario\/wp-json\/wp\/v2\/comments?post=29197886"}],"version-history":[{"count":3,"href":"https:\/\/www.upo.es\/diario\/wp-json\/wp\/v2\/posts\/29197886\/revisions"}],"predecessor-version":[{"id":29209250,"href":"https:\/\/www.upo.es\/diario\/wp-json\/wp\/v2\/posts\/29197886\/revisions\/29209250"}],"wp:attachment":[{"href":"https:\/\/www.upo.es\/diario\/wp-json\/wp\/v2\/media?parent=29197886"}],"wp:term":[{"taxonomy":"category","embeddable":true,"href":"https:\/\/www.upo.es\/diario\/wp-json\/wp\/v2\/categories?post=29197886"},{"taxonomy":"post_tag","embeddable":true,"href":"https:\/\/www.upo.es\/diario\/wp-json\/wp\/v2\/tags?post=29197886"}],"curies":[{"name":"wp","href":"https:\/\/api.w.org\/{rel}","templated":true}]}}