{"id":29197894,"date":"2018-11-20T15:15:17","date_gmt":"2018-11-20T15:15:17","guid":{"rendered":"https:\/\/www.upo.es\/diario\/?p=29197894"},"modified":"2018-11-21T08:05:36","modified_gmt":"2018-11-21T08:05:36","slug":"la-biblioteca-de-la-upo-amplia-su-horario-de-apertura-con-motivo-de-los-examenes-de-enero-2","status":"publish","type":"post","link":"https:\/\/www.upo.es\/diario\/institucional\/2018\/11\/la-biblioteca-de-la-upo-amplia-su-horario-de-apertura-con-motivo-de-los-examenes-de-enero-2\/","title":{"rendered":"La biblioteca de la UPO ampl\u00eda su horario de apertura con motivo de los ex\u00e1menes de enero"},"content":{"rendered":"<p><a href=\"https:\/\/www.upo.es\/diario\/wp-content\/uploads\/2018\/11\/biblioteca2.jpg\"><img loading=\"lazy\" decoding=\"async\" class=\"alignright size-medium wp-image-29198493\" alt=\"biblioteca2\" src=\"https:\/\/www.upo.es\/diario\/wp-content\/uploads\/2018\/11\/biblioteca2-320x213.jpg\" width=\"320\" height=\"213\" srcset=\"https:\/\/www.upo.es\/diario\/wp-content\/uploads\/2018\/11\/biblioteca2-320x213.jpg 320w, https:\/\/www.upo.es\/diario\/wp-content\/uploads\/2018\/11\/biblioteca2-600x400.jpg 600w\" sizes=\"auto, (max-width: 320px) 100vw, 320px\" \/><\/a>Desde el 19 de noviembre de 2018 al 23 de enero de 2019, la Biblioteca de la Universidad Pablo de Olavide ampl\u00eda su horario de apertura para facilitar a los estudiantes la preparaci\u00f3n de los ex\u00e1menes.<\/p>\n<p><b>Hasta el 21 de diciembre<\/b>, de lunes a domingo, incluidos festivos, el <a href=\"https:\/\/www1.upo.es\/biblioteca\/detalle-noticias\/Horario-extraordinario-de-apertura-de-la-Biblioteca-CRAI\/\">horario de la Biblioteca<\/a> ser\u00e1 de 8.30 horas a 22.00 horas. Del 26 al 28 de diciembre el horario ser\u00e1 de 8:30 a 15:30. Respecto al mes de enero, los d\u00edas <b>2,<\/b> <b>3 y 4<\/b> la Biblioteca estar\u00e1 abierta de 8.30 a 22.00 horas y el d\u00eda <b>5 de enero<\/b> el horario ser\u00e1 de 8.30 a 15.00 horas. Desde el <b>7 al 23 de enero<\/b>, de lunes a domingo, incluidos festivos, el horario volver\u00e1 a ser de 8.30 horas a 22.00 horas. <b>La biblioteca permanecer\u00e1 cerrada del 22 al 25 de diciembre, del 29 de diciembre al 1 de enero y los d\u00edas 5 y 6 de enero.<\/b><\/p>\n<p>Los d\u00edas laborables a partir de las 21:00, y los fines de semana y festivos, estar\u00e1n cerradas las aulas de inform\u00e1tica y las salas de trabajo en grupo.<\/p>\n<p>Con la apertura de estos espacios, la Universidad Pablo de Olavide facilita a sus estudiantes la preparaci\u00f3n de los ex\u00e1menes, que se celebrar\u00e1n durante el mes de enero de 2019.<\/p>\n<p>&nbsp;<\/p>\n","protected":false},"excerpt":{"rendered":"<p>Desde el 19 de noviembre de 2018 al 23 de enero de 2019, la Biblioteca de la Universidad Pablo de Olavide ampl\u00eda su horario de apertura para facilitar a los estudiantes la preparaci\u00f3n de los ex\u00e1menes.<\/p>\n","protected":false},"author":15,"featured_media":0,"comment_status":"closed","ping_status":"open","sticky":false,"template":"","format":"standard","meta":{"_monsterinsights_skip_tracking":false,"_monsterinsights_sitenote_active":false,"_monsterinsights_sitenote_note":"","_monsterinsights_sitenote_category":0,"footnotes":""},"categories":[6],"tags":[125,5651,127,126],"class_list":["post-29197894","post","type-post","status-publish","format-standard","hentry","category-institucional","tag-biblioteca","tag-enero","tag-examenes","tag-horario"],"_links":{"self":[{"href":"https:\/\/www.upo.es\/diario\/wp-json\/wp\/v2\/posts\/29197894","targetHints":{"allow":["GET"]}}],"collection":[{"href":"https:\/\/www.upo.es\/diario\/wp-json\/wp\/v2\/posts"}],"about":[{"href":"https:\/\/www.upo.es\/diario\/wp-json\/wp\/v2\/types\/post"}],"author":[{"embeddable":true,"href":"https:\/\/www.upo.es\/diario\/wp-json\/wp\/v2\/users\/15"}],"replies":[{"embeddable":true,"href":"https:\/\/www.upo.es\/diario\/wp-json\/wp\/v2\/comments?post=29197894"}],"version-history":[{"count":7,"href":"https:\/\/www.upo.es\/diario\/wp-json\/wp\/v2\/posts\/29197894\/revisions"}],"predecessor-version":[{"id":29209252,"href":"https:\/\/www.upo.es\/diario\/wp-json\/wp\/v2\/posts\/29197894\/revisions\/29209252"}],"wp:attachment":[{"href":"https:\/\/www.upo.es\/diario\/wp-json\/wp\/v2\/media?parent=29197894"}],"wp:term":[{"taxonomy":"category","embeddable":true,"href":"https:\/\/www.upo.es\/diario\/wp-json\/wp\/v2\/categories?post=29197894"},{"taxonomy":"post_tag","embeddable":true,"href":"https:\/\/www.upo.es\/diario\/wp-json\/wp\/v2\/tags?post=29197894"}],"curies":[{"name":"wp","href":"https:\/\/api.w.org\/{rel}","templated":true}]}}