{"id":29213486,"date":"2018-11-22T05:13:12","date_gmt":"2018-11-22T05:13:12","guid":{"rendered":"https:\/\/www.upo.es\/diario\/?p=29213486"},"modified":"2018-11-22T08:14:31","modified_gmt":"2018-11-22T08:14:31","slug":"artistas-de-distintas-disciplinas-participan-desde-manana-en-sevilla-en-el-seminario-creacion-y-creadores","status":"publish","type":"post","link":"https:\/\/www.upo.es\/diario\/cultura\/2018\/11\/artistas-de-distintas-disciplinas-participan-desde-manana-en-sevilla-en-el-seminario-creacion-y-creadores\/","title":{"rendered":"Artistas de distintas disciplinas participan en Sevilla en el seminario \u2018Creaci\u00f3n y creadores\u2019"},"content":{"rendered":"<p><a href=\"https:\/\/www.upo.es\/diario\/wp-content\/uploads\/2018\/11\/X-Seminario-del-Observatorio-Cultural-del-Proyecto-Atalaya.jpg\"><img loading=\"lazy\" decoding=\"async\" class=\"alignright size-medium wp-image-29213487\" alt=\"X Seminario del Observatorio Cultural del Proyecto Atalaya\" src=\"https:\/\/www.upo.es\/diario\/wp-content\/uploads\/2018\/11\/X-Seminario-del-Observatorio-Cultural-del-Proyecto-Atalaya-225x320.jpg\" width=\"225\" height=\"320\" srcset=\"https:\/\/www.upo.es\/diario\/wp-content\/uploads\/2018\/11\/X-Seminario-del-Observatorio-Cultural-del-Proyecto-Atalaya-225x320.jpg 225w, https:\/\/www.upo.es\/diario\/wp-content\/uploads\/2018\/11\/X-Seminario-del-Observatorio-Cultural-del-Proyecto-Atalaya-423x600.jpg 423w, https:\/\/www.upo.es\/diario\/wp-content\/uploads\/2018\/11\/X-Seminario-del-Observatorio-Cultural-del-Proyecto-Atalaya.jpg 1890w\" sizes=\"auto, (max-width: 225px) 100vw, 225px\" \/><\/a>El<strong> X Seminario del Observatorio Cultural del Proyecto Atalaya \u2018Creaci\u00f3n y Creadores\u2019<\/strong> ser\u00e1 presentado hoy jueves<strong>, a las 9 horas en la sede Olavide en Sevilla-Centro<\/strong> (C\/ Lara\u00f1a, 4), por Dolores Ferre, directora general de Universidades de la Junta de Andaluc\u00eda; Teresa Garc\u00eda, vicerrectora de Responsabilidad Social, Extensi\u00f3n Cultural y Servicios de la Universidad de C\u00e1diz; y Jos\u00e9 Manuel Feria, vicerrector de Estrategia, Empleabilidad y Emprendimiento de la Universidad Pablo de Olavide.<\/p>\n<p>\u2018Creaci\u00f3n y Creadores\u2019 reune hoy y ma\u00f1ana viernes 23 de noviembre en Sevilla a artistas de diversas disciplinas que expondr\u00e1n su particular visi\u00f3n del proceso creativo. Cineastas como <strong>David Trueba<\/strong>, la escritora <strong>Sara Mesa<\/strong>, el autor de c\u00f3mics e ilustrador <strong>Francesc Capdevilla \u201cMax\u201d<\/strong>, la artista <strong>Marina N\u00fa\u00f1ez<\/strong>, el m\u00fasico <strong>Jos\u00e9 Ignacio Lapido<\/strong> y <strong>Mery Cuesta<\/strong>, cr\u00edtica de arte y comisaria, participar\u00e1n en el seminario.<\/p>\n<p>Adem\u00e1s de la creaci\u00f3n art\u00edstica, durante el X seminario del Observatorio Cultural se tratar\u00e1 la importancia de la creaci\u00f3n en el pensamiento y la ciencia con la intervenci\u00f3n de los catedr\u00e1ticos <strong>Pere Salabert<\/strong> (Universidad de Barcelona) y <strong>Jos\u00e9 Manuel S\u00e1nchez<\/strong> (Universidad Aut\u00f3noma de Madrid), respectivamente. La asistencia es gratuita siendo necesaria inscripci\u00f3n previa por motivos de aforo.<\/p>\n<p>El objetivo general que se persigue con el desarrollo del Proyecto Atalaya es poner la atenci\u00f3n en el esfuerzo com\u00fan y el trabajo en red de las diez universidades p\u00fablicas andaluzas para que, desde el \u00e1mbito universitario, se desarrolle una cultura nacida, programada y gestionada desde las propias universidades. Con el Observatorio Cultural trata de poner en marcha acciones innovadoras que den valor tanto a las programaciones ya existentes como a las futuras, dotando a las universidades de \u00a0herramientas de informaci\u00f3n y evaluaci\u00f3n fiables y cient\u00edficas que mejoren la gesti\u00f3n cultural y den a conocer a la sociedad la situaci\u00f3n del sector. El Proyecto Atalaya est\u00e1 financiado por la Direcci\u00f3n General de Universidades de la Consejer\u00eda de Conocimiento, Investigaci\u00f3n y Universidad de la Junta de Andaluc\u00eda.<\/p>\n<ul>\n<li><a href=\"http:\/\/www.observatorioatalaya.es\/abierto-plazo-de-inscripcion-gratuita-en-el-x-seminario-del-observatorio-cultural-del-proyecto-atalaya\/\">M\u00e1s informaci\u00f3n e inscripciones<\/a><\/li>\n<\/ul>\n","protected":false},"excerpt":{"rendered":"<p>\u2018Creaci\u00f3n y Creadores\u2019 reune hoy y ma\u00f1ana viernes 23 de noviembre en Sevilla a artistas de diversas disciplinas que expondr\u00e1n su particular visi\u00f3n del proceso creativo. Cineastas como David Trueba, la escritora Sara Mesa, el autor de c\u00f3mics e ilustrador Francesc Capdevilla \u201cMax\u201d, la artista Marina N\u00fa\u00f1ez, el m\u00fasico Jos\u00e9 Ignacio Lapido y Mery Cuesta, cr\u00edtica de arte y comisaria, participar\u00e1n en el seminario.<\/p>\n","protected":false},"author":6,"featured_media":0,"comment_status":"closed","ping_status":"open","sticky":false,"template":"","format":"standard","meta":{"_monsterinsights_skip_tracking":false,"_monsterinsights_sitenote_active":false,"_monsterinsights_sitenote_note":"","_monsterinsights_sitenote_category":0,"footnotes":""},"categories":[7],"tags":[190,265,937,4616,401,94,78,3190,39],"class_list":["post-29213486","post","type-post","status-publish","format-standard","hentry","category-cultura","tag-andalucia","tag-arte","tag-cine","tag-creatividad","tag-literatura","tag-proyecto-atalaya","tag-seminario","tag-universidad-de-cadiz","tag-universidades"],"_links":{"self":[{"href":"https:\/\/www.upo.es\/diario\/wp-json\/wp\/v2\/posts\/29213486","targetHints":{"allow":["GET"]}}],"collection":[{"href":"https:\/\/www.upo.es\/diario\/wp-json\/wp\/v2\/posts"}],"about":[{"href":"https:\/\/www.upo.es\/diario\/wp-json\/wp\/v2\/types\/post"}],"author":[{"embeddable":true,"href":"https:\/\/www.upo.es\/diario\/wp-json\/wp\/v2\/users\/6"}],"replies":[{"embeddable":true,"href":"https:\/\/www.upo.es\/diario\/wp-json\/wp\/v2\/comments?post=29213486"}],"version-history":[{"count":5,"href":"https:\/\/www.upo.es\/diario\/wp-json\/wp\/v2\/posts\/29213486\/revisions"}],"predecessor-version":[{"id":29224249,"href":"https:\/\/www.upo.es\/diario\/wp-json\/wp\/v2\/posts\/29213486\/revisions\/29224249"}],"wp:attachment":[{"href":"https:\/\/www.upo.es\/diario\/wp-json\/wp\/v2\/media?parent=29213486"}],"wp:term":[{"taxonomy":"category","embeddable":true,"href":"https:\/\/www.upo.es\/diario\/wp-json\/wp\/v2\/categories?post=29213486"},{"taxonomy":"post_tag","embeddable":true,"href":"https:\/\/www.upo.es\/diario\/wp-json\/wp\/v2\/tags?post=29213486"}],"curies":[{"name":"wp","href":"https:\/\/api.w.org\/{rel}","templated":true}]}}