{"id":29226655,"date":"2018-11-23T07:26:52","date_gmt":"2018-11-23T07:26:52","guid":{"rendered":"https:\/\/www.upo.es\/diario\/?p=29226655"},"modified":"2018-11-26T11:25:53","modified_gmt":"2018-11-26T11:25:53","slug":"la-facultad-de-humanidades-rinde-homenaje-al-profesor-jose-miguel-martin-martin","status":"publish","type":"post","link":"https:\/\/www.upo.es\/diario\/institucional\/2018\/11\/la-facultad-de-humanidades-rinde-homenaje-al-profesor-jose-miguel-martin-martin\/","title":{"rendered":"La Facultad de Humanidades rinde homenaje al profesor Jos\u00e9 Miguel Mart\u00edn Mart\u00edn"},"content":{"rendered":"<figure id=\"attachment_29238644\" aria-describedby=\"caption-attachment-29238644\" style=\"width: 600px\" class=\"wp-caption aligncenter\"><a href=\"https:\/\/www.upo.es\/diario\/wp-content\/uploads\/2018\/11\/homenaje_jmmartin1.jpeg\"><img loading=\"lazy\" decoding=\"async\" class=\"size-large wp-image-29238644\" alt=\"El profesor Jos\u00e9 Miguel Mart\u00edn Mart\u00edn rodeado de sus compa\u00f1eros y compa\u00f1eras.\" src=\"https:\/\/www.upo.es\/diario\/wp-content\/uploads\/2018\/11\/homenaje_jmmartin1-600x399.jpeg\" width=\"600\" height=\"399\" srcset=\"https:\/\/www.upo.es\/diario\/wp-content\/uploads\/2018\/11\/homenaje_jmmartin1-600x399.jpeg 600w, https:\/\/www.upo.es\/diario\/wp-content\/uploads\/2018\/11\/homenaje_jmmartin1-320x213.jpeg 320w, https:\/\/www.upo.es\/diario\/wp-content\/uploads\/2018\/11\/homenaje_jmmartin1.jpeg 2048w\" sizes=\"auto, (max-width: 600px) 100vw, 600px\" \/><\/a><figcaption id=\"caption-attachment-29238644\" class=\"wp-caption-text\">El profesor Jos\u00e9 Miguel Mart\u00edn Mart\u00edn rodeado de sus compa\u00f1eros y compa\u00f1eras.<\/figcaption><\/figure>\n<p>La Facultad de Humanidades de la Universidad Pablo de Olavide\u00a0 rindi\u00f3 ayer jueves 22 de noviembre un homenaje con motivo de su jubilaci\u00f3n al <strong>profesor Jos\u00e9 Miguel Mart\u00edn Mart\u00edn,<\/strong> en un acto que reuni\u00f3 a numerosos compa\u00f1eros y compa\u00f1eras de la Facultad y que cont\u00f3 con las intervenciones del homenajeado,\u00a0 de la vicerrectora de Relaciones Institucionales y Comunicaci\u00f3n Pilar Rodr\u00edguez Reina, de la decana de la Facultad de Humanidades Rosario Moreno Soldevila, y de la responsable del \u00c1rea de Filolog\u00eda Inglesa Sonia Casal Madinabeitia.<\/p>\n<p><strong>Jos\u00e9 Miguel Mart\u00edn Mart\u00edn<\/strong>, licenciado en Filosof\u00eda y Letras (Filolog\u00eda Moderna) y doctor en Filolog\u00eda por la Universidad de Sevilla, es profesor de Filolog\u00eda Inglesa en el Departamento de Filolog\u00eda y Traducci\u00f3n de la Universidad Pablo de Olavide, donde imparte clases de Metodolog\u00eda de la ense\u00f1anza de segundas lenguas, Adquisici\u00f3n de segundas lenguas y Traducci\u00f3n ingl\u00e9s-espa\u00f1ol. Ha realizado estancias de formaci\u00f3n docente e investigadora en las universidades de Liverpool y Edimburgo (Reino Unido), as\u00ed como en la Universidad de Maryland (Estados Unidos). El profesor Mart\u00edn ha sido decano y vicedecano de la Facultad de Humanidades, dirigi\u00f3 la revista Estudios de Ling\u00fc\u00edstica Inglesa Aplicada (ELIA) y fund\u00f3 el Grupo de Investigaci\u00f3n Ling\u00fc\u00edstica Aplicada e Interculturalidad. Por otra parte, ha publicado art\u00edculos en revistas de impacto internacional en el campo de la educaci\u00f3n y la ling\u00fc\u00edstica como la Revista de Educaci\u00f3n, Atlantis Journal of the Spanish Association for Anglo-American Studies, ELIA y Revista Espa\u00f1ola de Ling\u00fc\u00edstica Aplicada. Entre sus publicaciones, destaca la monograf\u00eda \u201cLa lengua materna en el aprendizaje de una segunda lengua\u201d (2000, Universidad de Sevilla), su colaboraci\u00f3n en el Vadem\u00e9cum para la Formaci\u00f3n de Profesores (2004, SGEL) y la traducci\u00f3n de la obra de Mark Twain \u201cHuckleberry Finn\u201d (2012, Gredos). En septiembre de 2018 recibi\u00f3 la Medalla al M\u00e9rito de la Universidad Pablo de Olavide.<\/p>\n<p><a title=\"Homenaje a Jos\u00e9 Miguel Mart\u00edn\" href=\"https:\/\/www.flickr.com\/photos\/pablodeolavide\/albums\/72157702419477221\" data-flickr-embed=\"true\" data-header=\"true\"><img loading=\"lazy\" decoding=\"async\" alt=\"Homenaje a Jos\u00e9 Miguel Mart\u00edn\" src=\"https:\/\/farm5.staticflickr.com\/4830\/44195403530_c19f35e9c4_z.jpg\" width=\"640\" height=\"427\" \/><\/a><script charset=\"utf-8\" type=\"text\/javascript\" src=\"\/\/embedr.flickr.com\/assets\/client-code.js\" async=\"\"><\/script><\/p>\n","protected":false},"excerpt":{"rendered":"<p>La Facultad de Humanidades de la Universidad Pablo de Olavide  rindi\u00f3 un homenaje con motivo de su jubilaci\u00f3n al profesor Jos\u00e9 Miguel Mart\u00edn Mart\u00edn, en un acto que reuni\u00f3 a numerosos compa\u00f1eros y compa\u00f1eras de la Facultad.<\/p>\n","protected":false},"author":2,"featured_media":0,"comment_status":"closed","ping_status":"open","sticky":false,"template":"","format":"standard","meta":{"_monsterinsights_skip_tracking":false,"_monsterinsights_sitenote_active":false,"_monsterinsights_sitenote_note":"","_monsterinsights_sitenote_category":0,"footnotes":""},"categories":[6],"tags":[96,308,1565],"class_list":["post-29226655","post","type-post","status-publish","format-standard","hentry","category-institucional","tag-facultad-de-humanidades","tag-homenaje","tag-jose-miguel-martin-martin"],"_links":{"self":[{"href":"https:\/\/www.upo.es\/diario\/wp-json\/wp\/v2\/posts\/29226655","targetHints":{"allow":["GET"]}}],"collection":[{"href":"https:\/\/www.upo.es\/diario\/wp-json\/wp\/v2\/posts"}],"about":[{"href":"https:\/\/www.upo.es\/diario\/wp-json\/wp\/v2\/types\/post"}],"author":[{"embeddable":true,"href":"https:\/\/www.upo.es\/diario\/wp-json\/wp\/v2\/users\/2"}],"replies":[{"embeddable":true,"href":"https:\/\/www.upo.es\/diario\/wp-json\/wp\/v2\/comments?post=29226655"}],"version-history":[{"count":10,"href":"https:\/\/www.upo.es\/diario\/wp-json\/wp\/v2\/posts\/29226655\/revisions"}],"predecessor-version":[{"id":29283794,"href":"https:\/\/www.upo.es\/diario\/wp-json\/wp\/v2\/posts\/29226655\/revisions\/29283794"}],"wp:attachment":[{"href":"https:\/\/www.upo.es\/diario\/wp-json\/wp\/v2\/media?parent=29226655"}],"wp:term":[{"taxonomy":"category","embeddable":true,"href":"https:\/\/www.upo.es\/diario\/wp-json\/wp\/v2\/categories?post=29226655"},{"taxonomy":"post_tag","embeddable":true,"href":"https:\/\/www.upo.es\/diario\/wp-json\/wp\/v2\/tags?post=29226655"}],"curies":[{"name":"wp","href":"https:\/\/api.w.org\/{rel}","templated":true}]}}