{"id":29226660,"date":"2018-11-23T02:32:12","date_gmt":"2018-11-23T02:32:12","guid":{"rendered":"https:\/\/www.upo.es\/diario\/?p=29226660"},"modified":"2018-11-23T09:40:36","modified_gmt":"2018-11-23T09:40:36","slug":"la-creatividad-y-la-musica-independiente-latinoamericana-se-dan-cita-manana-en-un-encuentro-artistico","status":"publish","type":"post","link":"https:\/\/www.upo.es\/diario\/cultura\/2018\/11\/la-creatividad-y-la-musica-independiente-latinoamericana-se-dan-cita-manana-en-un-encuentro-artistico\/","title":{"rendered":"La creatividad y la m\u00fasica independiente latinoamericana se dan cita en un encuentro art\u00edstico"},"content":{"rendered":"<p><a href=\"https:\/\/www.upo.es\/diario\/wp-content\/uploads\/2018\/11\/LatinoamericaBeats_UPO_2018.jpg\"><img loading=\"lazy\" decoding=\"async\" class=\"alignright size-medium wp-image-29226661\" alt=\"LatinoamericaBeats_UPO_2018\" src=\"https:\/\/www.upo.es\/diario\/wp-content\/uploads\/2018\/11\/LatinoamericaBeats_UPO_2018-320x320.jpg\" width=\"320\" height=\"320\" srcset=\"https:\/\/www.upo.es\/diario\/wp-content\/uploads\/2018\/11\/LatinoamericaBeats_UPO_2018-320x320.jpg 320w, https:\/\/www.upo.es\/diario\/wp-content\/uploads\/2018\/11\/LatinoamericaBeats_UPO_2018-150x150.jpg 150w, https:\/\/www.upo.es\/diario\/wp-content\/uploads\/2018\/11\/LatinoamericaBeats_UPO_2018-600x600.jpg 600w, https:\/\/www.upo.es\/diario\/wp-content\/uploads\/2018\/11\/LatinoamericaBeats_UPO_2018.jpg 1024w\" sizes=\"auto, (max-width: 320px) 100vw, 320px\" \/><\/a>Distintos agentes de la m\u00fasica latinoamericana independiente y creativa se dar\u00e1n cita hoy viernes 23 de noviembre, a las 17:00 horas en la Sede Olavide en Sevilla Centro (C\/ Lara\u00f1a, 4), en un encuentro art\u00edstico organizado por el Aula Latinoamericana de Pensamiento y Creaci\u00f3n Contempor\u00e1neos de la Universidad Pablo de Olavide. La entrada es libre hasta completar aforo.<\/p>\n<p><strong>\u201cLatinoam\u00e9rica Beats: Auge y explosi\u00f3n de m\u00fasica independiente en Europa\u201d<\/strong> es una de las numerosas acciones puestas en marcha por este Aula creada en 2014 desde el grupo de Historia del Arte de la UPO, cuyo dinamismo se ha ido concretando con la organizaci\u00f3n de diversas exposiciones y el desarrollo de una red de colegas latinoamericanos. Adem\u00e1s, este encuentro se celebra coincidiendo con la Monkey Week en Sevilla, que ha contado esta semana con la presencia de artistas y agentes culturales de distintos pa\u00edses latinoamericanos y europeos cuyas iniciativas musicales acabar\u00e1n formando parte del nuevo tejido cultural.<\/p>\n<p>El evento, enlazado por Fernando Quiles y Boris Lefebvre,\u00a0 dar\u00e1 un particular protagonismo al Festival Internacional Marvin, que se celebra desde hace 8 a\u00f1os en la ciudad de M\u00e9xico, y a la revista cultural ep\u00f3nima, promotora de dicho festival. Contar\u00e1 tambi\u00e9n con la participaci\u00f3n del sello Deluxe Muxik y de la agencia de m\u00fasica CUATRO33, ambos activos en las dos orillas del Atl\u00e1ntico. Adem\u00e1s, el profesor Fernando Quiles presentar\u00e1 los proyectos del \u00c1rea de Historia del Arte de la UPO. Finalmente, los asistentes podr\u00e1n disfrutar de la actuaci\u00f3n de la banda Quiero Club- M\u00e9xico, integrada por Priscila Gonz\u00e1lez, Luis Fara y Rodrigo Benavente.<\/p>\n<p>De esta manera, el Aula Latinoamericana de Pensamiento y Creaci\u00f3n Contempor\u00e1neos de la UPO pretende con este encuentro aprovechar la presencia de estos agentes para estimular su vocaci\u00f3n de espacio de creaci\u00f3n art\u00edstica, visual y musical e ir sirviendo de puente o plataforma para la difusi\u00f3n del arte joven latinoamericano.<\/p>\n<p>&nbsp;<\/p>\n<p align=\"center\"><strong>LATINOAM\u00c9RICA BEATS: AUGE Y EXPLOSI\u00d3N DE M\u00daSICA INDEPENDIENTE EN EUROPA<\/strong><\/p>\n<p align=\"center\"><strong>23 de noviembre. Sede Olavide Sevilla Centro (C\/ Lara\u00f1a, 4)<\/strong><\/p>\n<p align=\"center\">Dise\u00f1o editorial y medios de comunicaci\u00f3n. Cecilia Velasco. Revista Marvin. M\u00e9xico<\/p>\n<p align=\"center\">C\u00f3mo generar y construir la escena de m\u00fasica independiente. Man\u00fa Charritt\u00f3n. Festival Marvin. M\u00e9xico<\/p>\n<p align=\"center\">Construyendo una plataforma a la creaci\u00f3n latinoamericana. Fernando Quiles. EnRedArs\/UPO.<\/p>\n<p align=\"center\">\u00bfC\u00f3mo ser un productor en la m\u00fasica sin ser un productor? Israel Alexander. Agente local &#8211; Deluxe Muxik y Nicol\u00e1s D&#8217;Angelo. CUATRO33. Iberoam\u00e9rica<\/p>\n<p align=\"center\">Actuaci\u00f3n de Quiero Club- M\u00e9xico. Priscila Gonz\u00e1lez, Luis Fara y Rodrigo Benavente. Enlazado por Fernando Quiles y Boris Lefebvre<\/p>\n<p>\u00a0Para m\u00e1s informaci\u00f3n, cons\u00faltese el enlace\u00a0<a href=\"https:\/\/upo.es\/historia_arte\/noticias\/noticia_0183.html\">https:\/\/upo.es\/historia_arte\/noticias\/noticia_0183.html<\/a><\/p>\n","protected":false},"excerpt":{"rendered":"<p>Distintos agentes de la m\u00fasica latinoamericana independiente y creativa se dar\u00e1n cita hoy viernes 23 de noviembre, a las 17:00 horas en la Sede Olavide en Sevilla Centro (C\/ Lara\u00f1a, 4), en un encuentro art\u00edstico organizado por el Aula Latinoamericana de Pensamiento y Creaci\u00f3n Contempor\u00e1neos de la Universidad Pablo de Olavide. <\/p>\n","protected":false},"author":2,"featured_media":0,"comment_status":"closed","ping_status":"open","sticky":false,"template":"","format":"standard","meta":{"_monsterinsights_skip_tracking":false,"_monsterinsights_sitenote_active":false,"_monsterinsights_sitenote_note":"","_monsterinsights_sitenote_category":0,"footnotes":""},"categories":[7],"tags":[265,2554,5834,821,454,2555,402],"class_list":["post-29226660","post","type-post","status-publish","format-standard","hentry","category-cultura","tag-arte","tag-artistas","tag-cultura","tag-encuentro","tag-europa","tag-latinoamerica","tag-musica"],"_links":{"self":[{"href":"https:\/\/www.upo.es\/diario\/wp-json\/wp\/v2\/posts\/29226660","targetHints":{"allow":["GET"]}}],"collection":[{"href":"https:\/\/www.upo.es\/diario\/wp-json\/wp\/v2\/posts"}],"about":[{"href":"https:\/\/www.upo.es\/diario\/wp-json\/wp\/v2\/types\/post"}],"author":[{"embeddable":true,"href":"https:\/\/www.upo.es\/diario\/wp-json\/wp\/v2\/users\/2"}],"replies":[{"embeddable":true,"href":"https:\/\/www.upo.es\/diario\/wp-json\/wp\/v2\/comments?post=29226660"}],"version-history":[{"count":6,"href":"https:\/\/www.upo.es\/diario\/wp-json\/wp\/v2\/posts\/29226660\/revisions"}],"predecessor-version":[{"id":29239254,"href":"https:\/\/www.upo.es\/diario\/wp-json\/wp\/v2\/posts\/29226660\/revisions\/29239254"}],"wp:attachment":[{"href":"https:\/\/www.upo.es\/diario\/wp-json\/wp\/v2\/media?parent=29226660"}],"wp:term":[{"taxonomy":"category","embeddable":true,"href":"https:\/\/www.upo.es\/diario\/wp-json\/wp\/v2\/categories?post=29226660"},{"taxonomy":"post_tag","embeddable":true,"href":"https:\/\/www.upo.es\/diario\/wp-json\/wp\/v2\/tags?post=29226660"}],"curies":[{"name":"wp","href":"https:\/\/api.w.org\/{rel}","templated":true}]}}