{"id":29239417,"date":"2018-11-23T10:00:41","date_gmt":"2018-11-23T10:00:41","guid":{"rendered":"https:\/\/www.upo.es\/diario\/?p=29239417"},"modified":"2018-11-26T08:04:27","modified_gmt":"2018-11-26T08:04:27","slug":"presentacion-de-la-cartera-de-servicios-de-trabajo-social-sanitario-en-la-universidad-pablo-de-olavide","status":"publish","type":"post","link":"https:\/\/www.upo.es\/diario\/institucional\/2018\/11\/presentacion-de-la-cartera-de-servicios-de-trabajo-social-sanitario-en-la-universidad-pablo-de-olavide\/","title":{"rendered":"Presentaci\u00f3n de la Cartera de Servicios de Trabajo Social Sanitario en la Universidad Pablo de Olavide"},"content":{"rendered":"<figure id=\"attachment_29239857\" aria-describedby=\"caption-attachment-29239857\" style=\"width: 320px\" class=\"wp-caption alignright\"><a href=\"https:\/\/www.upo.es\/diario\/wp-content\/uploads\/2018\/11\/cartera_trabajosocial.jpg\"><img loading=\"lazy\" decoding=\"async\" class=\"size-medium wp-image-29239857\" alt=\"De izquierda a derecha, Rosa M.\u00aa D\u00edaz, Mercedes Gayan Guardiola, Agustina Herv\u00e1s de la Torre, y Julio Piedra Crist\u00f3bal.\" src=\"https:\/\/www.upo.es\/diario\/wp-content\/uploads\/2018\/11\/cartera_trabajosocial-320x240.jpg\" width=\"320\" height=\"240\" srcset=\"https:\/\/www.upo.es\/diario\/wp-content\/uploads\/2018\/11\/cartera_trabajosocial-320x240.jpg 320w, https:\/\/www.upo.es\/diario\/wp-content\/uploads\/2018\/11\/cartera_trabajosocial-600x450.jpg 600w, https:\/\/www.upo.es\/diario\/wp-content\/uploads\/2018\/11\/cartera_trabajosocial.jpg 1024w\" sizes=\"auto, (max-width: 320px) 100vw, 320px\" \/><\/a><figcaption id=\"caption-attachment-29239857\" class=\"wp-caption-text\">De izquierda a derecha, Rosa M.\u00aa D\u00edaz, Mercedes Gayan Guardiola, Agustina Herv\u00e1s de la Torre, y Julio Piedra Crist\u00f3bal.<\/figcaption><\/figure>\n<p>La presidenta de la Asociaci\u00f3n Espa\u00f1ola de Trabajo Social y Salud (AETSyS), Agustina Herv\u00e1s de la Torre, present\u00f3 ayer jueves 22 de noviembre en la Universidad Pablo de Olavide la Cartera de Servicios de Trabajo Social Sanitario, en un acto presidido por la decana de la Facultad de Ciencias Sociales, Rosa M.\u00aa D\u00edaz; el presidente del Consejo Andaluz de Colegios de Trabajo Social, Julio Piedra Crist\u00f3bal, y la secretaria del Colegio de Trabajo Social de Sevilla, Mercedes Gayan Guardiola.<\/p>\n<p>Al acto asistieron representantes de la administraci\u00f3n de salud, de la oficina del Defensor del Pueblo Andaluz, de diferentes partidos pol\u00edticos y sindicatos, as\u00ed como representantes de otras sociedades cient\u00edficas profesionales relacionadas con el \u00e1mbito sanitario y profesionales del Trabajo Social que desempe\u00f1an su actividad tanto en el \u00e1mbito sanitario como en los servicios sociales.<\/p>\n<p>Este documento de consenso pretende servir de base para las actuaciones de los profesionales especializados en el Trabajo Social Sanitario que prestan sus servicios en el sistema de salud, unificando criterios y actuaciones sobre la acci\u00f3n social y comunitaria que los\/as trabajadores\/as sociales sanitarios realizan para contribuir a una atenci\u00f3n integral e integrada de la salud por la que apuesta el sistema sanitario.<\/p>\n<p>La Cartera de Servicios del Trabajo Social Sanitario quiere ser un documento clarificador y de referencia para todos los profesionales del Trabajo Social, tanto del \u00e1mbito sanitario como del \u00e1mbito social, as\u00ed como para el resto de profesionales que constituyen los equipos de salud y para los gestores sanitarios a la hora de planificar y dimensionar los servicios.<\/p>\n<p>El documento ha sido realizado por un grupo de expertos del Trabajo Social Sanitario, auspiciado por la AETSyS, que como sociedad cient\u00edfica tiene entre sus fines promover el estudio y el desarrollo cient\u00edfico t\u00e9cnico del Trabajo Social en el \u00e1mbito de la salud.<\/p>\n<p>Esta sociedad cient\u00edfica de Trabajo Social y Salud agrupa a m\u00e1s de 500 trabajadores sociales sanitarios distribuidos en centros de salud de atenci\u00f3n primaria, hospitales, dispositivos de salud mental, asociaciones relacionadas con las salud y espacios socio-sanitarios.<\/p>\n<p>Cuenta con una trayectoria de m\u00e1s 30 a\u00f1os trabajando por el desarrollo cient\u00edfico de esta especialidad del Trabajo Social, as\u00ed como participando con las instituciones sanitarias, a nivel nacional y comunitario, en las diferentes estrategias y planes de salud, aportando la visi\u00f3n social que precisa la atenci\u00f3n integral de la salud de la poblaci\u00f3n.<\/p>\n","protected":false},"excerpt":{"rendered":"<p>La presidenta de la Asociaci\u00f3n Espa\u00f1ola de Trabajo Social y Salud (AETSyS), Agustina Herv\u00e1s de la Torre, present\u00f3 en la Universidad Pablo de Olavide la Cartera de Servicios de Trabajo Social Sanitario, en un acto presidido por la decana de la Facultad de Ciencias Sociales, Rosa M.\u00aa D\u00edaz; el presidente del Consejo Andaluz de Colegios de Trabajo Social, Julio Piedra Cristobal, y la secretaria del Colegio de Trabajo Social de Sevilla, Mercedes Gayan Guardiola.<\/p>\n","protected":false},"author":2,"featured_media":0,"comment_status":"closed","ping_status":"open","sticky":false,"template":"","format":"standard","meta":{"_monsterinsights_skip_tracking":false,"_monsterinsights_sitenote_active":false,"_monsterinsights_sitenote_note":"","_monsterinsights_sitenote_category":0,"footnotes":""},"categories":[6],"tags":[5669,334,5668],"class_list":["post-29239417","post","type-post","status-publish","format-standard","hentry","category-institucional","tag-cartera-de-servicios","tag-presentacion","tag-trabajo-social-sanitario"],"_links":{"self":[{"href":"https:\/\/www.upo.es\/diario\/wp-json\/wp\/v2\/posts\/29239417","targetHints":{"allow":["GET"]}}],"collection":[{"href":"https:\/\/www.upo.es\/diario\/wp-json\/wp\/v2\/posts"}],"about":[{"href":"https:\/\/www.upo.es\/diario\/wp-json\/wp\/v2\/types\/post"}],"author":[{"embeddable":true,"href":"https:\/\/www.upo.es\/diario\/wp-json\/wp\/v2\/users\/2"}],"replies":[{"embeddable":true,"href":"https:\/\/www.upo.es\/diario\/wp-json\/wp\/v2\/comments?post=29239417"}],"version-history":[{"count":2,"href":"https:\/\/www.upo.es\/diario\/wp-json\/wp\/v2\/posts\/29239417\/revisions"}],"predecessor-version":[{"id":29281974,"href":"https:\/\/www.upo.es\/diario\/wp-json\/wp\/v2\/posts\/29239417\/revisions\/29281974"}],"wp:attachment":[{"href":"https:\/\/www.upo.es\/diario\/wp-json\/wp\/v2\/media?parent=29239417"}],"wp:term":[{"taxonomy":"category","embeddable":true,"href":"https:\/\/www.upo.es\/diario\/wp-json\/wp\/v2\/categories?post=29239417"},{"taxonomy":"post_tag","embeddable":true,"href":"https:\/\/www.upo.es\/diario\/wp-json\/wp\/v2\/tags?post=29239417"}],"curies":[{"name":"wp","href":"https:\/\/api.w.org\/{rel}","templated":true}]}}