{"id":29242281,"date":"2018-11-16T14:10:06","date_gmt":"2018-11-16T13:10:06","guid":{"rendered":"https:\/\/www.upo.es\/diario\/?p=29242281"},"modified":"2018-12-19T09:22:35","modified_gmt":"2018-12-19T08:22:35","slug":"29242281","status":"publish","type":"post","link":"https:\/\/www.upo.es\/diario\/docencia-formacion\/2018\/11\/29242281\/","title":{"rendered":"Implicaci\u00f3n del alumnado de Trabajo Social de la UPO en las Jornadas sobre el S\u00edndrome de Alcoholismo Fetal"},"content":{"rendered":"<p><a href=\"https:\/\/www.upo.es\/diario\/wp-content\/uploads\/2018\/11\/alcoholismo-fetal.jpg\"><img loading=\"lazy\" decoding=\"async\" class=\"alignright size-medium wp-image-29242282\" alt=\"alcoholismo fetal\" src=\"https:\/\/www.upo.es\/diario\/wp-content\/uploads\/2018\/11\/alcoholismo-fetal-240x320.jpg\" width=\"240\" height=\"320\" srcset=\"https:\/\/www.upo.es\/diario\/wp-content\/uploads\/2018\/11\/alcoholismo-fetal-240x320.jpg 240w, https:\/\/www.upo.es\/diario\/wp-content\/uploads\/2018\/11\/alcoholismo-fetal-450x600.jpg 450w, https:\/\/www.upo.es\/diario\/wp-content\/uploads\/2018\/11\/alcoholismo-fetal-600x800.jpg 600w, https:\/\/www.upo.es\/diario\/wp-content\/uploads\/2018\/11\/alcoholismo-fetal.jpg 1200w\" sizes=\"auto, (max-width: 240px) 100vw, 240px\" \/><\/a>Alumnos de la Universidad Pablo de Olavide de diferentes cursos del Grado de Trabajo Social han participado en las Jornadas sobre el S\u00edndrome de Alcoholismo Fetal (SAF), celebradas el jueves 15 y el viernes 16 de noviembre en el Aula Magna del Hospital Virgen Macarena. Esta actividad ha abordado el trastorno del SAF desde diferentes perspectivas: evaluaci\u00f3n, diagn\u00f3stico, afectaci\u00f3n funcional, abordaje psicol\u00f3gico, etc. \u00a0El profesor de la UPO Pedro Chicharro Rodr\u00edguez ha contribuido al debate con su ponencia sobre los recursos sociales a los menores en riesgo.<\/p>\n<p>Las Jornadas, que han contado con un gran respaldo de asistentes, suponen un espacio de gran importancia para visibilizar y trabajar sobre el S\u00edndrome de Alcoholismo Fetal, como explica a profesora de la UPO Concepci\u00f3n Nieto-Morales, coordinadora del evento, quien ha agradecido tambi\u00e9n la enorme implicaci\u00f3n del alumnado del Grado de Trabajo Social en unas Jornadas que ponen sobre la mesa temas de gran trascendencia en el \u00e1mbito, principalmente, de la infancia.<\/p>\n","protected":false},"excerpt":{"rendered":"<p>Alumnos de la Universidad Pablo de Olavide de diferentes cursos del Grado de Trabajo Social han participado en las Jornadas sobre el S\u00edndrome de Alcoholismo Fetal (SAF), celebradas el jueves 15 y el viernes 16 de noviembre en el Aula Magna del Hospital Virgen Macarena. Esta actividad ha abordado el trastorno del SAF desde diferentes perspectivas: evaluaci\u00f3n, diagn\u00f3stico, afectaci\u00f3n funcional, abordaje psicol\u00f3gico, etc.  El profesor de la UPO Pedro Chicharro Rodr\u00edguez ha contribuido al debate con su ponencia sobre los recursos sociales a los menores en riesgo.<\/p>\n","protected":false},"author":15,"featured_media":0,"comment_status":"closed","ping_status":"open","sticky":false,"template":"","format":"standard","meta":{"_monsterinsights_skip_tracking":false,"_monsterinsights_sitenote_active":false,"_monsterinsights_sitenote_note":"","_monsterinsights_sitenote_category":0,"footnotes":""},"categories":[2779],"tags":[84,103],"class_list":["post-29242281","post","type-post","status-publish","format-standard","hentry","category-docencia-formacion","tag-jornadas","tag-trabajo-social"],"_links":{"self":[{"href":"https:\/\/www.upo.es\/diario\/wp-json\/wp\/v2\/posts\/29242281","targetHints":{"allow":["GET"]}}],"collection":[{"href":"https:\/\/www.upo.es\/diario\/wp-json\/wp\/v2\/posts"}],"about":[{"href":"https:\/\/www.upo.es\/diario\/wp-json\/wp\/v2\/types\/post"}],"author":[{"embeddable":true,"href":"https:\/\/www.upo.es\/diario\/wp-json\/wp\/v2\/users\/15"}],"replies":[{"embeddable":true,"href":"https:\/\/www.upo.es\/diario\/wp-json\/wp\/v2\/comments?post=29242281"}],"version-history":[{"count":3,"href":"https:\/\/www.upo.es\/diario\/wp-json\/wp\/v2\/posts\/29242281\/revisions"}],"predecessor-version":[{"id":29624146,"href":"https:\/\/www.upo.es\/diario\/wp-json\/wp\/v2\/posts\/29242281\/revisions\/29624146"}],"wp:attachment":[{"href":"https:\/\/www.upo.es\/diario\/wp-json\/wp\/v2\/media?parent=29242281"}],"wp:term":[{"taxonomy":"category","embeddable":true,"href":"https:\/\/www.upo.es\/diario\/wp-json\/wp\/v2\/categories?post=29242281"},{"taxonomy":"post_tag","embeddable":true,"href":"https:\/\/www.upo.es\/diario\/wp-json\/wp\/v2\/tags?post=29242281"}],"curies":[{"name":"wp","href":"https:\/\/api.w.org\/{rel}","templated":true}]}}