{"id":29285623,"date":"2018-11-27T07:11:18","date_gmt":"2018-11-27T07:11:18","guid":{"rendered":"https:\/\/www.upo.es\/diario\/?p=29285623"},"modified":"2018-11-27T07:59:27","modified_gmt":"2018-11-27T07:59:27","slug":"la-upo-acoge-una-jornada-sobre-fomento-de-la-cultura-empresarial-entre-hombres-y-mujeres","status":"publish","type":"post","link":"https:\/\/www.upo.es\/diario\/institucional\/2018\/11\/la-upo-acoge-una-jornada-sobre-fomento-de-la-cultura-empresarial-entre-hombres-y-mujeres\/","title":{"rendered":"La UPO acoge una jornada sobre fomento de la cultura empresarial entre hombres y mujeres"},"content":{"rendered":"<p><a href=\"https:\/\/www.upo.es\/diario\/wp-content\/uploads\/2018\/11\/Fomento-de-la-Cultura-Emprendedora-entre-Hombres-y-Mujeres.png\"><img loading=\"lazy\" decoding=\"async\" class=\"alignright size-medium wp-image-29285624\" alt=\"Fomento de la Cultura Emprendedora entre Hombres y Mujeres\" src=\"https:\/\/www.upo.es\/diario\/wp-content\/uploads\/2018\/11\/Fomento-de-la-Cultura-Emprendedora-entre-Hombres-y-Mujeres-320x320.png\" width=\"320\" height=\"320\" srcset=\"https:\/\/www.upo.es\/diario\/wp-content\/uploads\/2018\/11\/Fomento-de-la-Cultura-Emprendedora-entre-Hombres-y-Mujeres-320x320.png 320w, https:\/\/www.upo.es\/diario\/wp-content\/uploads\/2018\/11\/Fomento-de-la-Cultura-Emprendedora-entre-Hombres-y-Mujeres-150x150.png 150w, https:\/\/www.upo.es\/diario\/wp-content\/uploads\/2018\/11\/Fomento-de-la-Cultura-Emprendedora-entre-Hombres-y-Mujeres-600x600.png 600w, https:\/\/www.upo.es\/diario\/wp-content\/uploads\/2018\/11\/Fomento-de-la-Cultura-Emprendedora-entre-Hombres-y-Mujeres.png 1080w\" sizes=\"auto, (max-width: 320px) 100vw, 320px\" \/><\/a>La Universidad Pablo de Olavide acoger\u00e1 hoy martes, <strong>desde las 9,30 horas en el edificio Alexander von Humboldt, una jornada sobre \u2018Fomento de la cultura empresarial entre hombres y mujeres\u2019<\/strong>, promovida desde el Consejo Social de la UPO, en colaboraci\u00f3n con Prodetur, la Confederaci\u00f3n de Empresarios de Sevilla (CES), el Ayuntamiento de Dos Hermanas, Tixe, la Asociaci\u00f3n de Empresarios y Profesionales Aut\u00f3nomos de Sevilla y financiada por la C\u00e1tedra Andaluc\u00eda Emprende.<\/p>\n<p><strong>El objetivo de este evento es fomentar la cultura empresarial entre los estudiantes universitarios desde la perspectiva de g\u00e9nero,<\/strong> de manera que se promueva la igualdad de oportunidades en los mandos directivos de la empresa, aumentando la representaci\u00f3n de las mujeres en los consejos de administraci\u00f3n, adem\u00e1s de visibilizar el emprendimiento en femenino, de la mano de empresarias y emprendedoras de \u00e9xito.<\/p>\n<p>Esta jornada formativa comenzar\u00e1 con el acto de inauguraci\u00f3n, en el que estar\u00e1n presentes <strong>Amparo Rubiales<\/strong>, presidenta del Consejo Social de la UPO; <strong>Jos\u00e9 Manuel Feria<\/strong>, vicerrector de Estrategia, Empleabilidad y Emprendimiento y <strong>Juan Pedro Calvente<\/strong>, vicepresidente de la CES, entre otras autoridades.<\/p>\n<p>Acto seguido, a las 9,50 horas, se celebrar\u00e1 la ponencia \u201cSer empresario aut\u00f3nomo\u201d, que correr\u00e1 a cargo de Antonio Manuel Jurado, presidente de la Asociaci\u00f3n de Empresarios y Profesionales Aut\u00f3nomos de Sevilla. A continuaci\u00f3n, a las 11,00 horas, ser\u00e1 el turno de Javier Ben\u00edtez, gerente de la empresa Globotur, dedicada a la comunicaci\u00f3n aerost\u00e1tica, quien disertar\u00e1 sobre \u201cMi empresa y su historia\u201d.<\/p>\n<p>Por \u00faltimo, a las 11,30 horas, tomar\u00e1n el relevo tres emprendedoras, quienes conformar\u00e1n la mesa redonda titulada \u201cEmprender en femenino\u201d: Sara D\u00edaz-Pescuezo, de Inversia 500; Inmaculada Montero, de Taraceas, Sociedad Cooperativa Andaluza y Carmen Ana de Vicente, gestora cultural y <i>art dealer<\/i>.<\/p>\n<p>Dicha acci\u00f3n de sensibilizaci\u00f3n, se enmarca dentro de la C\u00e1tedra Andaluc\u00eda Emprende, iniciativa de la Consejer\u00eda de Conocimiento, Investigaci\u00f3n y Universidad de la Junta de Andaluc\u00eda que, a trav\u00e9s de la Fundaci\u00f3n Andaluc\u00eda Emprende (FPA), financia con 20.000 euros anuales el despliegue de la estrategia de emprendimiento en las universidades andaluzas. Dirigida desde el Vicerrectorado E3 (Estrategia, Empleabilidad y Emprendimiento) y gestionada a trav\u00e9s del \u00c1rea de Empleabilidad y Emprendimiento de la Fundaci\u00f3n UPO, las actividades de la C\u00e1tedra pivotan en torno a cuatro grandes bloques definidos desde la propia consejer\u00eda: el Fomento de la Cultura Emprendedora, la Capacitaci\u00f3n y Formaci\u00f3n, la Investigaci\u00f3n y la Creaci\u00f3n y Desarrollo Empresarial.<\/p>\n","protected":false},"excerpt":{"rendered":"<p>La Universidad Pablo de Olavide acoger\u00e1 hoy martes, desde las 9,30 horas en el edificio Alexander von Humboldt, una jornada sobre \u2018Fomento de la cultura empresarial entre hombres y mujeres\u2019, promovida desde el Consejo Social de la UPO, en colaboraci\u00f3n con Prodetur, la Confederaci\u00f3n de Empresarios de Sevilla (CES), el Ayuntamiento de Dos Hermanas, Tixe, la Asociaci\u00f3n de Empresarios y Profesionales Aut\u00f3nomos de Sevilla y financiada por la C\u00e1tedra Andaluc\u00eda Emprende.<\/p>\n","protected":false},"author":6,"featured_media":0,"comment_status":"closed","ping_status":"open","sticky":false,"template":"","format":"standard","meta":{"_monsterinsights_skip_tracking":false,"_monsterinsights_sitenote_active":false,"_monsterinsights_sitenote_note":"","_monsterinsights_sitenote_category":0,"footnotes":""},"categories":[6],"tags":[1557,1736,66,336,517,514,2022],"class_list":["post-29285623","post","type-post","status-publish","format-standard","hentry","category-institucional","tag-amparo-rubiales","tag-cultura-empresarial","tag-empresa","tag-genero","tag-igualdad","tag-jornada","tag-jose-manuel-feria"],"_links":{"self":[{"href":"https:\/\/www.upo.es\/diario\/wp-json\/wp\/v2\/posts\/29285623","targetHints":{"allow":["GET"]}}],"collection":[{"href":"https:\/\/www.upo.es\/diario\/wp-json\/wp\/v2\/posts"}],"about":[{"href":"https:\/\/www.upo.es\/diario\/wp-json\/wp\/v2\/types\/post"}],"author":[{"embeddable":true,"href":"https:\/\/www.upo.es\/diario\/wp-json\/wp\/v2\/users\/6"}],"replies":[{"embeddable":true,"href":"https:\/\/www.upo.es\/diario\/wp-json\/wp\/v2\/comments?post=29285623"}],"version-history":[{"count":3,"href":"https:\/\/www.upo.es\/diario\/wp-json\/wp\/v2\/posts\/29285623\/revisions"}],"predecessor-version":[{"id":29296542,"href":"https:\/\/www.upo.es\/diario\/wp-json\/wp\/v2\/posts\/29285623\/revisions\/29296542"}],"wp:attachment":[{"href":"https:\/\/www.upo.es\/diario\/wp-json\/wp\/v2\/media?parent=29285623"}],"wp:term":[{"taxonomy":"category","embeddable":true,"href":"https:\/\/www.upo.es\/diario\/wp-json\/wp\/v2\/categories?post=29285623"},{"taxonomy":"post_tag","embeddable":true,"href":"https:\/\/www.upo.es\/diario\/wp-json\/wp\/v2\/tags?post=29285623"}],"curies":[{"name":"wp","href":"https:\/\/api.w.org\/{rel}","templated":true}]}}