{"id":29298367,"date":"2018-11-28T00:49:40","date_gmt":"2018-11-28T00:49:40","guid":{"rendered":"https:\/\/www.upo.es\/diario\/?p=29298367"},"modified":"2018-11-28T15:35:05","modified_gmt":"2018-11-28T15:35:05","slug":"conferencia-de-ignacio-sanchez-cuenca-sobre-que-debe-hacer-una-democracia-ante-una-demanda-de-secesion","status":"publish","type":"post","link":"https:\/\/www.upo.es\/diario\/institucional\/2018\/11\/conferencia-de-ignacio-sanchez-cuenca-sobre-que-debe-hacer-una-democracia-ante-una-demanda-de-secesion\/","title":{"rendered":"Conferencia de Ignacio S\u00e1nchez-Cuenca sobre \u00ab\u00bfQu\u00e9 debe hacer una democracia ante una demanda de secesi\u00f3n?\u00bb"},"content":{"rendered":"<figure id=\"attachment_29298368\" aria-describedby=\"caption-attachment-29298368\" style=\"width: 320px\" class=\"wp-caption alignright\"><a href=\"https:\/\/www.upo.es\/diario\/wp-content\/uploads\/2018\/11\/ignacio_sancgez_cuenca.jpg\"><img loading=\"lazy\" decoding=\"async\" class=\"size-medium wp-image-29298368\" alt=\"Ignacio S\u00e1nchez-Cuenca \" src=\"https:\/\/www.upo.es\/diario\/wp-content\/uploads\/2018\/11\/ignacio_sancgez_cuenca-320x213.jpg\" width=\"320\" height=\"213\" srcset=\"https:\/\/www.upo.es\/diario\/wp-content\/uploads\/2018\/11\/ignacio_sancgez_cuenca-320x213.jpg 320w, https:\/\/www.upo.es\/diario\/wp-content\/uploads\/2018\/11\/ignacio_sancgez_cuenca-600x400.jpg 600w, https:\/\/www.upo.es\/diario\/wp-content\/uploads\/2018\/11\/ignacio_sancgez_cuenca.jpg 1024w\" sizes=\"auto, (max-width: 320px) 100vw, 320px\" \/><\/a><figcaption id=\"caption-attachment-29298368\" class=\"wp-caption-text\">Ignacio S\u00e1nchez-Cuenca<\/figcaption><\/figure>\n<p>El profesor de Ciencia Pol\u00edtica de la Universidad Carlos III de Madrid Ignacio S\u00e1nchez-Cuenca ofrecer\u00e1 hoy mi\u00e9rcoles 28 de noviembre, a las 17:30 horas en el aula B.04 del edificio 45 de la Universidad Pablo de Olavide, la lecci\u00f3n magistral \u201c\u00bfQu\u00e9 debe hacer una democracia ante una demanda de secesi\u00f3n?\u201d. Este encuentro tendr\u00e1 lugar en el marco del ciclo de conferencias \u00c1gora organizado por <a href=\"https:\/\/www.upo.es\/postgrado\/Master-Oficial-Sociedad-Administracion-y-Politica\">el M\u00e1ster Universitario Sociedad, Administraci\u00f3n y Pol\u00edtica de la UPO<\/a>.<\/p>\n<p>En su ponencia, Ignacio S\u00e1nchez-Cuenca abordar\u00e1 c\u00f3mo debe responder una democracia liberal a una demanda de secesi\u00f3n de una parte de su territorio, as\u00ed como qu\u00e9 clase de principios te\u00f3ricos debe guiar la respuesta a esa pregunta. Seg\u00fan el profesor S\u00e1nchez-Cuenca, los problemas relativos al sujeto pol\u00edtico de la democracia (el demos) son especialmente dif\u00edciles de tratar, pues se produce un conflicto de legitimidades. El conferenciante argumentar\u00e1 c\u00f3mo en la crisis constitucional que se est\u00e1 viviendo en Espa\u00f1a, tanto las autoridades catalanas como las espa\u00f1olas han dado poca importancia al principio democr\u00e1tico, que debe prevalecer en este contexto. En concreto, a\u00f1ade el profesor S\u00e1nchez-Cuenca, la democracia espa\u00f1ola ha respondido con un legalismo extremo que, mediante la judicializaci\u00f3n y la represi\u00f3n, ha impedido la negociaci\u00f3n y el pacto, mientras que en Catalu\u00f1a los independentistas han actuado como si contaran con una mayor\u00eda que no exist\u00eda.<\/p>\n<p>La conferencia de Ignacio S\u00e1nchez-Cuenca forma parte del ciclo de ponencias presentadas en el M\u00e1ster Universitario Sociedad, Administraci\u00f3n y Pol\u00edtica (MUSAP) de la Universidad Pablo de Olavide, dirigido por Xavier Coller y Jean-Baptiste Harguind\u00e9guy, que tiene como objetivo analizar los problemas sociopol\u00edticos actuales derivados de las relaciones cambiantes entre la pol\u00edtica, la administraci\u00f3n y una sociedad en transformaci\u00f3n continua. De este modo, el m\u00f3dulo \u00c1gora es un espacio de deliberaci\u00f3n p\u00fablica en el que personalidades acad\u00e9micas de prestigio ofrecen sus reflexiones sobre aspectos relevantes y actuales de la vida social y pol\u00edtica.<\/p>\n","protected":false},"excerpt":{"rendered":"<p>El profesor de Ciencia Pol\u00edtica de la Universidad Carlos III de Madrid Ignacio S\u00e1nchez-Cuenca ofrecer\u00e1 hoy mi\u00e9rcoles 28 de noviembre, a las 17:30 horas en el aula B.04 del edificio 45 de la Universidad Pablo de Olavide, la lecci\u00f3n magistral \u201c\u00bfQu\u00e9 debe hacer una democracia ante una demanda de secesi\u00f3n?\u201d. Este encuentro tendr\u00e1 lugar en el marco del ciclo de conferencias \u00c1gora organizado por el M\u00e1ster Universitario Sociedad, Administraci\u00f3n y Pol\u00edtica de la UPO. <\/p>\n","protected":false},"author":2,"featured_media":0,"comment_status":"closed","ping_status":"open","sticky":false,"template":"","format":"standard","meta":{"_monsterinsights_skip_tracking":false,"_monsterinsights_sitenote_active":false,"_monsterinsights_sitenote_note":"","_monsterinsights_sitenote_category":0,"footnotes":""},"categories":[6],"tags":[85,2457,663,5677],"class_list":["post-29298367","post","type-post","status-publish","format-standard","hentry","category-institucional","tag-agora","tag-master-universitario-sociedad","tag-musap","tag-secesion"],"_links":{"self":[{"href":"https:\/\/www.upo.es\/diario\/wp-json\/wp\/v2\/posts\/29298367","targetHints":{"allow":["GET"]}}],"collection":[{"href":"https:\/\/www.upo.es\/diario\/wp-json\/wp\/v2\/posts"}],"about":[{"href":"https:\/\/www.upo.es\/diario\/wp-json\/wp\/v2\/types\/post"}],"author":[{"embeddable":true,"href":"https:\/\/www.upo.es\/diario\/wp-json\/wp\/v2\/users\/2"}],"replies":[{"embeddable":true,"href":"https:\/\/www.upo.es\/diario\/wp-json\/wp\/v2\/comments?post=29298367"}],"version-history":[{"count":4,"href":"https:\/\/www.upo.es\/diario\/wp-json\/wp\/v2\/posts\/29298367\/revisions"}],"predecessor-version":[{"id":29298370,"href":"https:\/\/www.upo.es\/diario\/wp-json\/wp\/v2\/posts\/29298367\/revisions\/29298370"}],"wp:attachment":[{"href":"https:\/\/www.upo.es\/diario\/wp-json\/wp\/v2\/media?parent=29298367"}],"wp:term":[{"taxonomy":"category","embeddable":true,"href":"https:\/\/www.upo.es\/diario\/wp-json\/wp\/v2\/categories?post=29298367"},{"taxonomy":"post_tag","embeddable":true,"href":"https:\/\/www.upo.es\/diario\/wp-json\/wp\/v2\/tags?post=29298367"}],"curies":[{"name":"wp","href":"https:\/\/api.w.org\/{rel}","templated":true}]}}