{"id":29300804,"date":"2018-11-28T05:00:03","date_gmt":"2018-11-28T05:00:03","guid":{"rendered":"https:\/\/www.upo.es\/diario\/?p=29300804"},"modified":"2018-11-29T17:55:02","modified_gmt":"2018-11-29T17:55:02","slug":"la-independencia-de-la-justicia-tema-de-un-coloquio-hoy-en-la-universidad-pablo-de-olavide","status":"publish","type":"post","link":"https:\/\/www.upo.es\/diario\/libros\/2018\/11\/la-independencia-de-la-justicia-tema-de-un-coloquio-hoy-en-la-universidad-pablo-de-olavide\/","title":{"rendered":"La independencia de la justicia, tema de un coloquio en la Universidad Pablo de Olavide"},"content":{"rendered":"<p><img loading=\"lazy\" decoding=\"async\" class=\"aligncenter size-large wp-image-29327793\" alt=\"coloquio-justicia\" src=\"https:\/\/www.upo.es\/diario\/wp-content\/uploads\/2018\/11\/coloquio-justicia-600x449.jpg\" width=\"600\" height=\"449\" srcset=\"https:\/\/www.upo.es\/diario\/wp-content\/uploads\/2018\/11\/coloquio-justicia-600x449.jpg 600w, https:\/\/www.upo.es\/diario\/wp-content\/uploads\/2018\/11\/coloquio-justicia-320x239.jpg 320w, https:\/\/www.upo.es\/diario\/wp-content\/uploads\/2018\/11\/coloquio-justicia.jpg 1142w\" sizes=\"auto, (max-width: 600px) 100vw, 600px\" \/>Hoy <b>se ha celebrado en la sede Olavide en Sevilla-Centro<\/b>\u00a0la <b>charla-coloquio \u2018\u00bfPuede haber una democracia de calidad sin una justicia independiente?\u2019<\/b>, actividad organizada por la Universidad Pablo de Olavide y la asociaci\u00f3n de jueces y magistrados Foro Judicial Independiente.<\/p>\n<p>Han participado en este foro sobre la independencia de la justicia en Espa\u00f1a, <b>Vicente Guzm\u00e1n<\/b>, rector de la Universidad Pablo de Olavide; <b>Aurora Garc\u00eda Mart\u00ednez<\/b>, magistrada y presidenta de Foro Judicial Independiente en Andaluc\u00eda, Ceuta y Melilla; y <b>Rosa D\u00edez<\/b>, cofundadora del partido\u00a0 Uni\u00f3n Progreso y Democracia y de la plataforma ciudadana \u00ab\u00a1Basta Ya!\u00bb.<\/p>\n<p>Durante el coloquio, <b>Alfredo de Diego D\u00edez, magistrado y profesor de Derecho Procesal de la UPO present\u00f3 su libro \u2018\u00a1Al abordaje! Asalto a la justicia. Jueces y pol\u00edtica: amistades peligrosas\u2019<\/b>, editado por Colex.<\/p>\n","protected":false},"excerpt":{"rendered":"<p>Participar\u00e1n en este foro sobre la independencia de la justicia en Espa\u00f1a, Vicente Guzm\u00e1n, rector de la Universidad Pablo de Olavide; Aurora Garc\u00eda Mart\u00ednez, magistrada y presidenta de Foro Judicial Independiente en Andaluc\u00eda, Ceuta y Melilla; y Rosa D\u00edez, cofundadora del partido  Uni\u00f3n Progreso y Democracia y de la plataforma ciudadana \u00ab\u00a1Basta Ya!\u00bb.<\/p>\n","protected":false},"author":6,"featured_media":0,"comment_status":"closed","ping_status":"open","sticky":false,"template":"","format":"standard","meta":{"_monsterinsights_skip_tracking":false,"_monsterinsights_sitenote_active":false,"_monsterinsights_sitenote_note":"","_monsterinsights_sitenote_category":0,"footnotes":""},"categories":[77],"tags":[603,662,744,613,5835,38,106],"class_list":["post-29300804","post","type-post","status-publish","format-standard","hentry","category-libros","tag-coloquio","tag-debate","tag-democracia","tag-justicia","tag-libros","tag-rector","tag-vicente-c-guzman"],"_links":{"self":[{"href":"https:\/\/www.upo.es\/diario\/wp-json\/wp\/v2\/posts\/29300804","targetHints":{"allow":["GET"]}}],"collection":[{"href":"https:\/\/www.upo.es\/diario\/wp-json\/wp\/v2\/posts"}],"about":[{"href":"https:\/\/www.upo.es\/diario\/wp-json\/wp\/v2\/types\/post"}],"author":[{"embeddable":true,"href":"https:\/\/www.upo.es\/diario\/wp-json\/wp\/v2\/users\/6"}],"replies":[{"embeddable":true,"href":"https:\/\/www.upo.es\/diario\/wp-json\/wp\/v2\/comments?post=29300804"}],"version-history":[{"count":7,"href":"https:\/\/www.upo.es\/diario\/wp-json\/wp\/v2\/posts\/29300804\/revisions"}],"predecessor-version":[{"id":29333243,"href":"https:\/\/www.upo.es\/diario\/wp-json\/wp\/v2\/posts\/29300804\/revisions\/29333243"}],"wp:attachment":[{"href":"https:\/\/www.upo.es\/diario\/wp-json\/wp\/v2\/media?parent=29300804"}],"wp:term":[{"taxonomy":"category","embeddable":true,"href":"https:\/\/www.upo.es\/diario\/wp-json\/wp\/v2\/categories?post=29300804"},{"taxonomy":"post_tag","embeddable":true,"href":"https:\/\/www.upo.es\/diario\/wp-json\/wp\/v2\/tags?post=29300804"}],"curies":[{"name":"wp","href":"https:\/\/api.w.org\/{rel}","templated":true}]}}