{"id":29313324,"date":"2018-11-28T10:36:47","date_gmt":"2018-11-28T10:36:47","guid":{"rendered":"https:\/\/www.upo.es\/diario\/?p=29313324"},"modified":"2018-11-29T07:51:40","modified_gmt":"2018-11-29T07:51:40","slug":"las-ultimas-investigaciones-sobre-la-italica-de-adriano-se-exponen-hoy-en-un-curso-organizado-por-la-uimp-y-la-upo","status":"publish","type":"post","link":"https:\/\/www.upo.es\/diario\/ciencia\/2018\/11\/las-ultimas-investigaciones-sobre-la-italica-de-adriano-se-exponen-hoy-en-un-curso-organizado-por-la-uimp-y-la-upo\/","title":{"rendered":"Las \u00faltimas investigaciones sobre la It\u00e1lica de Adriano se exponen en un curso organizado por la UIMP y la UPO"},"content":{"rendered":"<figure id=\"attachment_29314545\" aria-describedby=\"caption-attachment-29314545\" style=\"width: 600px\" class=\"wp-caption aligncenter\"><img loading=\"lazy\" decoding=\"async\" class=\"size-large wp-image-29314545\" alt=\"La directora de la UIMP, Encarna Aguilar, en la presentaci\u00f3n del curso de It\u00e1lica junto a la viuda de Gasc\u00f3, la catedr\u00e1tica Emma Falque y los codirectores del curso Juan Manuel Cort\u00e9s Copete, de la UPO, y Jos\u00e9 Beltr\u00e1n, de la US | Foto: UIMP\" src=\"https:\/\/www.upo.es\/diario\/wp-content\/uploads\/2018\/11\/Curso-It\u00e1lica-UIMP-002-600x400.jpg\" width=\"600\" height=\"400\" srcset=\"https:\/\/www.upo.es\/diario\/wp-content\/uploads\/2018\/11\/Curso-It\u00e1lica-UIMP-002-600x400.jpg 600w, https:\/\/www.upo.es\/diario\/wp-content\/uploads\/2018\/11\/Curso-It\u00e1lica-UIMP-002-320x213.jpg 320w, https:\/\/www.upo.es\/diario\/wp-content\/uploads\/2018\/11\/Curso-It\u00e1lica-UIMP-002.jpg 1506w\" sizes=\"auto, (max-width: 600px) 100vw, 600px\" \/><figcaption id=\"caption-attachment-29314545\" class=\"wp-caption-text\">La directora de la UIMP, Encarna Aguilar, en la presentaci\u00f3n del curso junto a la viuda de Gasc\u00f3, la catedr\u00e1tica Emma Falque y los codirectores del curso Juan Manuel Cort\u00e9s Copete (UPO) y Jos\u00e9 Beltr\u00e1n (US) | Foto: UIMP<\/figcaption><\/figure>\n<p>El <b>curso \u2018It\u00e1lica Adrianea. Nuevas perspectivas y nuevos resultados (in memoriam de Fernando Gasc\u00f3)\u2019<\/b> se celebra hoy mi\u00e9rcoles y ma\u00f1ana jueves 29 de noviembre en la Casa de la Provincia de Sevilla (Plaza del Triunfo, 1), dirigido por los catedr\u00e1ticos de Historia Antigua de la Universidad Pablo de Olavide Juan Manuel Cort\u00e9s Copete, y el de Arqueolog\u00eda de la Universidad de Sevilla, Jos\u00e9 Beltr\u00e1n Fortes y organizado por la Universidad Internacional Men\u00e9ndez Pelayo (UIMP) con el patrocinio de la UPO.<\/p>\n<p>Esta cita <b>reunir\u00e1 en Sevilla a los m\u00e1ximos expertos en el conjunto arqueol\u00f3gico para poner en com\u00fan sus \u00faltimas investigaciones<\/b>. El programa contempla el urbanismo, el territorio, la epigraf\u00eda, las colecciones arqueol\u00f3gicas italicenses as\u00ed como los principales problemas vinculados con la creaci\u00f3n de una nueva cultura \u201cimperial\u201d y su plasmaci\u00f3n en el laboratorio que fue It\u00e1lica. En el curso est\u00e1 prevista la visita a It\u00e1lica para estudiar in situ el Iseo y el Traianeum.<\/p>\n<p>En la presentaci\u00f3n celebrada en la Casa de la Provincia, se ha rendido un emotivo homenaje al catedr\u00e1tico de Historia Antigua de la US, <b>Fernando Gasc\u00f3 Lacalle<\/b> (1951-1995), gran referente para docentes e investigadores de esta disciplina, que ha contado con la presencia de su viuda <b>Emma Falque Rey<\/b>, catedr\u00e1tica de Filolog\u00eda Latina de la US; la directora de la UIMP en Sevilla, <b>Encarnaci\u00f3n Aguilar<\/b>; y los directores del curso, el catedr\u00e1tico de Historia Antigua de la UPO, <b>Juan Manuel Cort\u00e9s Copete,<\/b> y el catedr\u00e1tico de Arqueolog\u00eda de la US, <b>Jos\u00e9 Beltr\u00e1n Fortes<\/b>.<\/p>\n<p>En 2017 se cumplieron 1900 a\u00f1os de la llegada de Adriano al trono imperial de Roma. Adriano sucedi\u00f3 en el poder a Trajano: ambos fueron los primeros emperadores hispanos, e It\u00e1lica era su patria com\u00fan. Adriano hizo de It\u00e1lica una nueva ciudad, reflejo de la Metamorfosis del Imperio. La <a href=\"https:\/\/www.upo.es\/diario\/cultura\/2017\/11\/inaugurada-en-el-museo-arqueologico-la-exposicion-que-conmemora-1-900-anos-de-la-llegada-al-trono-de-adriano\/\">exposici\u00f3n \u201cAdriano-Metamorfosis. El nacimiento de una nueva Roma\u201d<\/a>, de la que fue comisario Juan Manuel Cort\u00e9s, recogi\u00f3 esta transformaci\u00f3n, fruto del\u00a0 proyecto de I+D+i <i>Adriano y la Integraci\u00f3n de la Diversidad Regional<\/i>, financiado por el Ministerio de Econom\u00eda y Competitividad e iniciativa com\u00fan conjunta de cinco pa\u00edses europeos.<\/p>\n<ul>\n<li><a href=\"https:\/\/www.upo.es\/diario\/wp-content\/uploads\/2018\/11\/CursoItalicaAdrianea.pdf\">Programa \u2013pdf\u2013<\/a><\/li>\n<\/ul>\n<hr \/>\n<p><b>HOMENAJE<\/b><\/p>\n<p><b>Fernando Gasc\u00f3 Lacalle<\/b> (1951-1995) fue catedr\u00e1tico de Historia Antigua de la Universidad de Sevilla que destac\u00f3 por su capacidad organizativa, tarea avalada por la enorme cantidad de cursos y seminarios en los que particip\u00f3, entre ellos, tres como director en UIMP Sevilla, titulados: <b>El pasado renacido: uso y abuso de la traducci\u00f3n cl\u00e1sica<\/b> (1991), <b>Modelos ideales y pr\u00e1cticas de vida de la antig\u00fcedad cl\u00e1sica<\/b> (1992) y <b>Graecia copta. De la conquista de Grecia a la helenizaci\u00f3n de Roma<\/b> (1993).<\/p>\n<p>El profesor Gasc\u00f3 cuenta con siete libros de los que es autor o traductor, en ocho particip\u00f3 como editor cient\u00edfico, adem\u00e1s de veinticinco cap\u00edtulos de libros y otros veinticinco art\u00edculos en revistas especializadas. Brill\u00f3 por sus alabadas traducciones, entre ellas, su parte en el volumen 1 de los <i>Discursos de Elio Aristides<\/i> (1987); su parte en la Introducci\u00f3n a <i>Menandro el R\u00e9tor<\/i>; dos tratados de ret\u00f3rica epid\u00edctica; su traducci\u00f3n de los <i>Consejos Pol\u00edticos de Plutarco<\/i>; en colaboraci\u00f3n con J. Sol\u00eds, tradujo a Livio (I: <i>Liwo. Esfoka de Roma. La Segunda Guerra P\u00fanica<\/i>. IE Libros26-30).<\/p>\n","protected":false},"excerpt":{"rendered":"<p>El curso \u2018It\u00e1lica Adrianea. Nuevas perspectivas y nuevos resultados (in memoriam de Fernando Gasc\u00f3)\u2019 se celebra los d\u00edas 28 y 29 de noviembre en la Casa de la Provincia de Sevilla (Plaza del Triunfo, 1), dirigido por los catedr\u00e1ticos de Historia Antigua de la Universidad Pablo de Olavide Juan Manuel Cort\u00e9s Copete, y el de Arqueolog\u00eda de la Universidad de Sevilla, Jos\u00e9 Beltr\u00e1n Fortes y organizado por la Universidad Internacional Men\u00e9ndez Pelayo (UIMP) con el patrocinio de la UPO.<\/p>\n","protected":false},"author":6,"featured_media":0,"comment_status":"closed","ping_status":"open","sticky":false,"template":"","format":"standard","meta":{"_monsterinsights_skip_tracking":false,"_monsterinsights_sitenote_active":false,"_monsterinsights_sitenote_note":"","_monsterinsights_sitenote_category":0,"footnotes":""},"categories":[2779,3],"tags":[2240,460,141,2241,3657,3889],"class_list":["post-29313324","post","type-post","status-publish","format-standard","hentry","category-docencia-formacion","category-ciencia","tag-adriano","tag-antigua-roma","tag-curso","tag-historia-antigua","tag-italica","tag-juan-manuel-cortes-copete"],"_links":{"self":[{"href":"https:\/\/www.upo.es\/diario\/wp-json\/wp\/v2\/posts\/29313324","targetHints":{"allow":["GET"]}}],"collection":[{"href":"https:\/\/www.upo.es\/diario\/wp-json\/wp\/v2\/posts"}],"about":[{"href":"https:\/\/www.upo.es\/diario\/wp-json\/wp\/v2\/types\/post"}],"author":[{"embeddable":true,"href":"https:\/\/www.upo.es\/diario\/wp-json\/wp\/v2\/users\/6"}],"replies":[{"embeddable":true,"href":"https:\/\/www.upo.es\/diario\/wp-json\/wp\/v2\/comments?post=29313324"}],"version-history":[{"count":5,"href":"https:\/\/www.upo.es\/diario\/wp-json\/wp\/v2\/posts\/29313324\/revisions"}],"predecessor-version":[{"id":29325974,"href":"https:\/\/www.upo.es\/diario\/wp-json\/wp\/v2\/posts\/29313324\/revisions\/29325974"}],"wp:attachment":[{"href":"https:\/\/www.upo.es\/diario\/wp-json\/wp\/v2\/media?parent=29313324"}],"wp:term":[{"taxonomy":"category","embeddable":true,"href":"https:\/\/www.upo.es\/diario\/wp-json\/wp\/v2\/categories?post=29313324"},{"taxonomy":"post_tag","embeddable":true,"href":"https:\/\/www.upo.es\/diario\/wp-json\/wp\/v2\/tags?post=29313324"}],"curies":[{"name":"wp","href":"https:\/\/api.w.org\/{rel}","templated":true}]}}