{"id":29344066,"date":"2018-11-30T06:58:36","date_gmt":"2018-11-30T06:58:36","guid":{"rendered":"https:\/\/www.upo.es\/diario\/?p=29344066"},"modified":"2018-12-03T12:32:28","modified_gmt":"2018-12-03T12:32:28","slug":"presentacion-en-la-upo-del-programa-juega-limpio-el-valor-educativo-y-social-del-deporte","status":"publish","type":"post","link":"https:\/\/www.upo.es\/diario\/deportes\/2018\/11\/presentacion-en-la-upo-del-programa-juega-limpio-el-valor-educativo-y-social-del-deporte\/","title":{"rendered":"Presentaci\u00f3n en la UPO del Programa \u00abJuega limpio, el valor educativo y social del deporte\u00bb"},"content":{"rendered":"<p><a href=\"https:\/\/www.upo.es\/diario\/wp-content\/uploads\/2018\/11\/juega-limpio-libro-anaya-educacion.png\"><img loading=\"lazy\" decoding=\"async\" class=\"alignright size-medium wp-image-29344672\" alt=\"juega-limpio-libro-anaya-educacion\" src=\"https:\/\/www.upo.es\/diario\/wp-content\/uploads\/2018\/11\/juega-limpio-libro-anaya-educacion-301x320.png\" width=\"301\" height=\"320\" srcset=\"https:\/\/www.upo.es\/diario\/wp-content\/uploads\/2018\/11\/juega-limpio-libro-anaya-educacion-301x320.png 301w, https:\/\/www.upo.es\/diario\/wp-content\/uploads\/2018\/11\/juega-limpio-libro-anaya-educacion.png 344w\" sizes=\"auto, (max-width: 301px) 100vw, 301px\" \/><\/a>La Universidad Pablo de Olavide acoger\u00e1 el pr\u00f3ximo lunes 3 de diciembre, a las 12:00 horas en la sala de grados del edificio 7, la presentaci\u00f3n del programa <a href=\"https:\/\/juegalimpio.anayaeducacion.es\/\"><b>\u201cJuega limpio, el valor educativo y social del deporte\u201d<\/b><\/a>, un proyecto que fomenta la importancia de educar en la actividad f\u00edsica y que apuesta por iniciativas que lo fomenten.<\/p>\n<p>El acto ser\u00e1 presentado por el rector de la UPO Vicente Guzm\u00e1n Fluja, quien estar\u00e1 acompa\u00f1ado por Antonio Fern\u00e1ndez Mart\u00ednez, secretario general para el Deporte de la Consejer\u00eda de Turismo y Deporte; Francisco Javier Mart\u00edn del Burgo; director del programa y coautor; Carlos Marchena Gonz\u00e1lez, director del \u00c1rea Educativa de la Editorial ANAYA; \u00c1frica Calvo Lluch, decana de la Facultad de Ciencias del Deporte, Diego Mungu\u00eda Izquierdo, director del Departamento de Deporte e Inform\u00e1tica, y Alejandro Serrano Rodr\u00edguez, Presidente de COLEF Andaluc\u00eda.<\/p>\n<p>La presentaci\u00f3n de dicho programa correr\u00e1 a cargo de la profesora de la Universidad Pablo de Olavide Marta Garc\u00eda Tasc\u00f3n, promotora del evento.<\/p>\n<p>Este proyecto, sin \u00e1nimo de lucro y promovido por la editorial Anaya, consiste en una publicaci\u00f3n cuya primera edici\u00f3n constar\u00e1 de 13.000 ejemplares destinada a los docentes. El objetivo es servir de herramienta en los centros educativos, gracias a su enfoque did\u00e1ctico, para trasladar al alumnado los valores del deporte.<\/p>\n","protected":false},"excerpt":{"rendered":"<p>La Universidad Pablo de Olavide acoger\u00e1 el pr\u00f3ximo lunes 3 de diciembre, a las 12:00 horas en la sala de grados del edificio 7, la presentaci\u00f3n del programa \u201cJuega limpio, el valor educativo y social del deporte\u201d, un proyecto que fomenta la importancia de educar en la actividad f\u00edsica y que apuesta por iniciativas que lo fomenten.<\/p>\n","protected":false},"author":2,"featured_media":0,"comment_status":"closed","ping_status":"open","sticky":false,"template":"","format":"standard","meta":{"_monsterinsights_skip_tracking":false,"_monsterinsights_sitenote_active":false,"_monsterinsights_sitenote_note":"","_monsterinsights_sitenote_category":0,"footnotes":""},"categories":[30],"tags":[67,541,465,2310],"class_list":["post-29344066","post","type-post","status-publish","format-standard","hentry","category-deportes","tag-ciencias-politicas-y-de-la-administracion","tag-deporte","tag-educacion","tag-valores"],"_links":{"self":[{"href":"https:\/\/www.upo.es\/diario\/wp-json\/wp\/v2\/posts\/29344066","targetHints":{"allow":["GET"]}}],"collection":[{"href":"https:\/\/www.upo.es\/diario\/wp-json\/wp\/v2\/posts"}],"about":[{"href":"https:\/\/www.upo.es\/diario\/wp-json\/wp\/v2\/types\/post"}],"author":[{"embeddable":true,"href":"https:\/\/www.upo.es\/diario\/wp-json\/wp\/v2\/users\/2"}],"replies":[{"embeddable":true,"href":"https:\/\/www.upo.es\/diario\/wp-json\/wp\/v2\/comments?post=29344066"}],"version-history":[{"count":5,"href":"https:\/\/www.upo.es\/diario\/wp-json\/wp\/v2\/posts\/29344066\/revisions"}],"predecessor-version":[{"id":29386964,"href":"https:\/\/www.upo.es\/diario\/wp-json\/wp\/v2\/posts\/29344066\/revisions\/29386964"}],"wp:attachment":[{"href":"https:\/\/www.upo.es\/diario\/wp-json\/wp\/v2\/media?parent=29344066"}],"wp:term":[{"taxonomy":"category","embeddable":true,"href":"https:\/\/www.upo.es\/diario\/wp-json\/wp\/v2\/categories?post=29344066"},{"taxonomy":"post_tag","embeddable":true,"href":"https:\/\/www.upo.es\/diario\/wp-json\/wp\/v2\/tags?post=29344066"}],"curies":[{"name":"wp","href":"https:\/\/api.w.org\/{rel}","templated":true}]}}