{"id":29444844,"date":"2018-12-07T12:59:19","date_gmt":"2018-12-07T12:59:19","guid":{"rendered":"https:\/\/www.upo.es\/diario\/?p=29444844"},"modified":"2018-12-12T15:24:20","modified_gmt":"2018-12-12T15:24:20","slug":"inaugurada-la-exposicion-fotografica-experiencias-de-cooperacion-internacional-en-la-upo","status":"publish","type":"post","link":"https:\/\/www.upo.es\/diario\/cultura\/2018\/12\/inaugurada-la-exposicion-fotografica-experiencias-de-cooperacion-internacional-en-la-upo\/","title":{"rendered":"Inaugurada la exposici\u00f3n fotogr\u00e1fica &#8216;Experiencias de cooperaci\u00f3n internacional&#8217; en la UPO"},"content":{"rendered":"<figure id=\"attachment_29489949\" aria-describedby=\"caption-attachment-29489949\" style=\"width: 600px\" class=\"wp-caption aligncenter\"><a href=\"https:\/\/www.upo.es\/diario\/wp-content\/uploads\/2018\/12\/Exp-Coop-Int-Estudiantes-UPO.jpg\"><img loading=\"lazy\" decoding=\"async\" class=\"size-large wp-image-29489949\" alt=\"Dos estudiantes contemplan las fotos de la exposici\u00f3n en la Biblioteca UPO\" src=\"https:\/\/www.upo.es\/diario\/wp-content\/uploads\/2018\/12\/Exp-Coop-Int-Estudiantes-UPO-600x337.jpg\" width=\"600\" height=\"337\" srcset=\"https:\/\/www.upo.es\/diario\/wp-content\/uploads\/2018\/12\/Exp-Coop-Int-Estudiantes-UPO-600x337.jpg 600w, https:\/\/www.upo.es\/diario\/wp-content\/uploads\/2018\/12\/Exp-Coop-Int-Estudiantes-UPO-320x180.jpg 320w\" sizes=\"auto, (max-width: 600px) 100vw, 600px\" \/><\/a><figcaption id=\"caption-attachment-29489949\" class=\"wp-caption-text\">La exposici\u00f3n permanecer\u00e1 en la Biblioteca hasta el 21 de diciembre<\/figcaption><\/figure>\n<p>Desde el pasado d\u00eda 3 de diciembre y hasta el 21 del mismo mes, permanecer\u00e1 abierta en el espacio de exposiciones del Edificio 25\u00a0 (Biblioteca) de la Universidad Pablo de Olavide la muestra &#8216;Experiencias de cooperaci\u00f3n internacional&#8217;, una selecci\u00f3n de fotograf\u00edas realizadas por el alumnado de la primera edici\u00f3n del Curso de Experto de Cooperaci\u00f3n Internacional para el Desarrollo de la UPO, durante su periodo de pr\u00e1cticas en Am\u00e9rica Latina y Marruecos.<\/p>\n<p><a href=\"https:\/\/www.upo.es\/diario\/wp-content\/uploads\/2018\/12\/Exposici\u00f3n-de-fotos-min.jpg\"><img loading=\"lazy\" decoding=\"async\" class=\"alignright size-medium wp-image-29445459\" alt=\"Exposici\u00f3n de fotos-min\" src=\"https:\/\/www.upo.es\/diario\/wp-content\/uploads\/2018\/12\/Exposici\u00f3n-de-fotos-min-212x320.jpg\" width=\"212\" height=\"320\" srcset=\"https:\/\/www.upo.es\/diario\/wp-content\/uploads\/2018\/12\/Exposici\u00f3n-de-fotos-min-212x320.jpg 212w, https:\/\/www.upo.es\/diario\/wp-content\/uploads\/2018\/12\/Exposici\u00f3n-de-fotos-min-398x600.jpg 398w, https:\/\/www.upo.es\/diario\/wp-content\/uploads\/2018\/12\/Exposici\u00f3n-de-fotos-min-600x902.jpg 600w\" sizes=\"auto, (max-width: 212px) 100vw, 212px\" \/><\/a>Las im\u00e1genes que pueden contemplarse en la exposici\u00f3n reflejan una parte de los proyectos en los que han participado los estudiantes y que son ejecutados por ONGD con las que la UPO tiene suscrito convenios de colaboraci\u00f3n. Los pa\u00edses en los que se han realizado las pr\u00e1cticas son Per\u00fa, Panam\u00e1, Ecuador, Paraguay y Marruecos, y en ellos se han abordado cuestiones esenciales en los procesos de desarrollo humano, como son el cumplimiento de los derechos humanos, el desarrollo sostenible, la igualdad de g\u00e9nero, la lucha contra la pobreza y las desigualdades, la protecci\u00f3n del medio ambiente, la consolidaci\u00f3n de los procesos democr\u00e1ticos y la mejora del acceso a la cultura.<\/p>\n<p>El curso de Experto en Cooperaci\u00f3n Internacional para el Desarrollo ha sido gestionado desde el Vicerrectorado de Internacionalizaci\u00f3n, a trav\u00e9s del \u00c1rea de Relaciones Internacionales y Cooperaci\u00f3n de la UPO, y ha sido desarrollado dentro del proyecto &#8216;Sensibilizaci\u00f3n de la comunidad universitaria en cooperaci\u00f3n al desarrollo&#8217;, con financiaci\u00f3n de la Agencia Andaluza de Cooperaci\u00f3n Internacional para el Desarrollo (AACID).<\/p>\n<p>Asimismo, como actividad complementaria a la exposici\u00f3n, el pr\u00f3ximo lunes 10 de diciembre, coincidiendo con el d\u00eda de los Derechos Humanos, el alumnado presentar\u00e1 sus experiencias de las pr\u00e1cticas realizadas sobre el terreno en un acto que tendr\u00e1 lugar de 17:00 a 18:00 en el Sal\u00f3n de Grados del Edificio 25 (Biblioteca).<\/p>\n","protected":false},"excerpt":{"rendered":"<p>Hasta el 21 de diceimbre permanecer\u00e1 abierta en el espacio de exposiciones de la Biblioteca de la Universidad Pablo de Olavide la muestra &#8216;Experiencias de cooperaci\u00f3n internacional&#8217;, una selecci\u00f3n de fotograf\u00edas realizadas por el alumnado de la primera edici\u00f3n del Curso de Experto de Cooperaci\u00f3n Internacional para el Desarrollo de la UPO, durante su periodo de pr\u00e1cticas en Am\u00e9rica Latina y Marruecos.<\/p>\n","protected":false},"author":15,"featured_media":0,"comment_status":"closed","ping_status":"open","sticky":false,"template":"","format":"standard","meta":{"_monsterinsights_skip_tracking":false,"_monsterinsights_sitenote_active":false,"_monsterinsights_sitenote_note":"","_monsterinsights_sitenote_category":0,"footnotes":""},"categories":[7],"tags":[799,3144,21,4182,869,3620],"class_list":["post-29444844","post","type-post","status-publish","format-standard","hentry","category-cultura","tag-america-latina","tag-cooperacion-internacional","tag-estudiantes","tag-exposicion-fotografica","tag-marruecos","tag-vicerrectorado-de-internacionalizacion"],"_links":{"self":[{"href":"https:\/\/www.upo.es\/diario\/wp-json\/wp\/v2\/posts\/29444844","targetHints":{"allow":["GET"]}}],"collection":[{"href":"https:\/\/www.upo.es\/diario\/wp-json\/wp\/v2\/posts"}],"about":[{"href":"https:\/\/www.upo.es\/diario\/wp-json\/wp\/v2\/types\/post"}],"author":[{"embeddable":true,"href":"https:\/\/www.upo.es\/diario\/wp-json\/wp\/v2\/users\/15"}],"replies":[{"embeddable":true,"href":"https:\/\/www.upo.es\/diario\/wp-json\/wp\/v2\/comments?post=29444844"}],"version-history":[{"count":7,"href":"https:\/\/www.upo.es\/diario\/wp-json\/wp\/v2\/posts\/29444844\/revisions"}],"predecessor-version":[{"id":29445461,"href":"https:\/\/www.upo.es\/diario\/wp-json\/wp\/v2\/posts\/29444844\/revisions\/29445461"}],"wp:attachment":[{"href":"https:\/\/www.upo.es\/diario\/wp-json\/wp\/v2\/media?parent=29444844"}],"wp:term":[{"taxonomy":"category","embeddable":true,"href":"https:\/\/www.upo.es\/diario\/wp-json\/wp\/v2\/categories?post=29444844"},{"taxonomy":"post_tag","embeddable":true,"href":"https:\/\/www.upo.es\/diario\/wp-json\/wp\/v2\/tags?post=29444844"}],"curies":[{"name":"wp","href":"https:\/\/api.w.org\/{rel}","templated":true}]}}