{"id":29489944,"date":"2018-12-10T00:19:35","date_gmt":"2018-12-10T00:19:35","guid":{"rendered":"https:\/\/www.upo.es\/diario\/?p=29489944"},"modified":"2018-12-11T12:57:37","modified_gmt":"2018-12-11T12:57:37","slug":"la-upo-celebra-manana-el-dia-del-voluntariado-junto-a-numerosas-asociaciones-y-entidades-3","status":"publish","type":"post","link":"https:\/\/www.upo.es\/diario\/institucional\/2018\/12\/la-upo-celebra-manana-el-dia-del-voluntariado-junto-a-numerosas-asociaciones-y-entidades-3\/","title":{"rendered":"La UPO celebra ma\u00f1ana el D\u00eda del Voluntariado junto a numerosas asociaciones y entidades"},"content":{"rendered":"<p><a href=\"https:\/\/www.upo.es\/diario\/wp-content\/uploads\/2018\/12\/voluntariado_cartel.jpg\"><img loading=\"lazy\" decoding=\"async\" class=\"alignright size-medium wp-image-29489945\" alt=\"voluntariado_cartel\" src=\"https:\/\/www.upo.es\/diario\/wp-content\/uploads\/2018\/12\/voluntariado_cartel-225x320.jpg\" width=\"225\" height=\"320\" srcset=\"https:\/\/www.upo.es\/diario\/wp-content\/uploads\/2018\/12\/voluntariado_cartel-225x320.jpg 225w, https:\/\/www.upo.es\/diario\/wp-content\/uploads\/2018\/12\/voluntariado_cartel-422x600.jpg 422w, https:\/\/www.upo.es\/diario\/wp-content\/uploads\/2018\/12\/voluntariado_cartel-600x852.jpg 600w, https:\/\/www.upo.es\/diario\/wp-content\/uploads\/2018\/12\/voluntariado_cartel.jpg 1869w\" sizes=\"auto, (max-width: 225px) 100vw, 225px\" \/><\/a>La Universidad Pablo de Olavide celebrar\u00e1 ma\u00f1ana martes 11 de diciembre, a partir de las 10:00 horas, el <b>D\u00eda Internacional de Voluntariado<\/b>, una cita destinada a sensibilizar a la comunidad universitaria sobre la importancia del compromiso y la participaci\u00f3n social a trav\u00e9s del voluntariado.<\/p>\n<p>En este sentido, la actividad cuenta con la participaci\u00f3n de numerosas organizaciones y entidades que a trav\u00e9s de diferentes stands ofrecen informaci\u00f3n sobre sus proyectos y actividades a todas las personas interesadas. Estas asociaciones son Solidarios, Asaenes, Red Madre, Fundaci\u00f3n TAU, Asociaci\u00f3n Educativa Scout San Juan, Fundaci\u00f3n Mornese, Autismo Sevilla, Fundaci\u00f3n Do\u00f1a Mar\u00eda, Domus VI, Dace, New Health Foundation, Equitea, Movimiento contra la Intolerancia, Aspace Sevilla, Afa Aljarafe, ANIDI y Fundaci\u00f3n TAS.<\/p>\n<p>Las actividades, que se celebrar\u00e1n entre las 10:00 y las 14:00 horas en la planta s\u00f3tano del edificio Celestino Mutis, han sido organizadas por el Vicerrectorado de Cultura y Compromiso Social a trav\u00e9s de la Oficina de Voluntariado y Solidaridad de la Universidad Pablo de Olavide, con la colaboraci\u00f3n de la Direcci\u00f3n General de Participaci\u00f3n Ciudadana y Voluntariado de la Consejer\u00eda de Igualdad y Pol\u00edticas Sociales de la Junta de Andaluc\u00eda.<\/p>\n<p>&nbsp;<\/p>\n<p align=\"center\"><b>\u00a0<\/b><\/p>\n<p align=\"center\"><b>\u00a0<\/b><\/p>\n","protected":false},"excerpt":{"rendered":"<p>La Universidad Pablo de Olavide celebrar\u00e1 ma\u00f1ana martes 11 de diciembre, a partir de las 10:00 horas, el D\u00eda Internacional de Voluntariado, una cita destinada a sensibilizar a la comunidad universitaria sobre la importancia del compromiso y la participaci\u00f3n social a trav\u00e9s del voluntariado. <\/p>\n","protected":false},"author":2,"featured_media":0,"comment_status":"closed","ping_status":"open","sticky":false,"template":"","format":"standard","meta":{"_monsterinsights_skip_tracking":false,"_monsterinsights_sitenote_active":false,"_monsterinsights_sitenote_note":"","_monsterinsights_sitenote_category":0,"footnotes":""},"categories":[6],"tags":[5698,5567,1168,86,1034],"class_list":["post-29489944","post","type-post","status-publish","format-standard","hentry","category-institucional","tag-dia-internacional-de-voluntariado","tag-jornadas-de-sensibilizacion","tag-oficina-de-voluntariado-y-solidaridad","tag-voluntariado","tag-voluntarios"],"_links":{"self":[{"href":"https:\/\/www.upo.es\/diario\/wp-json\/wp\/v2\/posts\/29489944","targetHints":{"allow":["GET"]}}],"collection":[{"href":"https:\/\/www.upo.es\/diario\/wp-json\/wp\/v2\/posts"}],"about":[{"href":"https:\/\/www.upo.es\/diario\/wp-json\/wp\/v2\/types\/post"}],"author":[{"embeddable":true,"href":"https:\/\/www.upo.es\/diario\/wp-json\/wp\/v2\/users\/2"}],"replies":[{"embeddable":true,"href":"https:\/\/www.upo.es\/diario\/wp-json\/wp\/v2\/comments?post=29489944"}],"version-history":[{"count":10,"href":"https:\/\/www.upo.es\/diario\/wp-json\/wp\/v2\/posts\/29489944\/revisions"}],"predecessor-version":[{"id":29505284,"href":"https:\/\/www.upo.es\/diario\/wp-json\/wp\/v2\/posts\/29489944\/revisions\/29505284"}],"wp:attachment":[{"href":"https:\/\/www.upo.es\/diario\/wp-json\/wp\/v2\/media?parent=29489944"}],"wp:term":[{"taxonomy":"category","embeddable":true,"href":"https:\/\/www.upo.es\/diario\/wp-json\/wp\/v2\/categories?post=29489944"},{"taxonomy":"post_tag","embeddable":true,"href":"https:\/\/www.upo.es\/diario\/wp-json\/wp\/v2\/tags?post=29489944"}],"curies":[{"name":"wp","href":"https:\/\/api.w.org\/{rel}","templated":true}]}}