{"id":29490581,"date":"2018-12-10T13:40:16","date_gmt":"2018-12-10T13:40:16","guid":{"rendered":"https:\/\/www.upo.es\/diario\/?p=29490581"},"modified":"2018-12-10T13:46:48","modified_gmt":"2018-12-10T13:46:48","slug":"en-ghana-hay-un-movimiento-feminista-que-se-ha-hecho-fuerte-con-las-redes-sociales","status":"publish","type":"post","link":"https:\/\/www.upo.es\/diario\/entrevista\/2018\/12\/en-ghana-hay-un-movimiento-feminista-que-se-ha-hecho-fuerte-con-las-redes-sociales\/","title":{"rendered":"\u201cEn Ghana hay un movimiento feminista que se ha hecho fuerte con las redes sociales\u201d"},"content":{"rendered":"<figure id=\"attachment_29490584\" aria-describedby=\"caption-attachment-29490584\" style=\"width: 600px\" class=\"wp-caption aligncenter\"><a href=\"https:\/\/www.upo.es\/diario\/wp-content\/uploads\/2018\/12\/Sheila_MujeresxAfrica_2018_11_30_04.jpg\"><img loading=\"lazy\" decoding=\"async\" class=\"size-large wp-image-29490584\" alt=\"Sheilla Addison en el campus de la UPO\" src=\"https:\/\/www.upo.es\/diario\/wp-content\/uploads\/2018\/12\/Sheila_MujeresxAfrica_2018_11_30_04-600x400.jpg\" width=\"600\" height=\"400\" srcset=\"https:\/\/www.upo.es\/diario\/wp-content\/uploads\/2018\/12\/Sheila_MujeresxAfrica_2018_11_30_04-600x400.jpg 600w, https:\/\/www.upo.es\/diario\/wp-content\/uploads\/2018\/12\/Sheila_MujeresxAfrica_2018_11_30_04-320x213.jpg 320w\" sizes=\"auto, (max-width: 600px) 100vw, 600px\" \/><\/a><figcaption id=\"caption-attachment-29490584\" class=\"wp-caption-text\">Sheilla Addison<\/figcaption><\/figure>\n<p>Sheilla Addison, graduada en Ling\u00fc\u00edstica y Espa\u00f1ol por la Universidad de Ghana con el mejor expediente de su promoci\u00f3n, ha sido beneficiaria de la beca para el curso 2018\/2019 del programa Learn Africa que ofrece la UPO en colaboraci\u00f3n con Mujeres por \u00c1frica, fundaci\u00f3n presidida para contribuir al desarrollo del continente africano a trav\u00e9s de las mujeres y presidida por Mar\u00eda Teresa Fern\u00e1ndez de la Vega.<\/p>\n<p>Gracias al impulso del vicerrectorado de Internacionalizaci\u00f3n y del vicerrectorado de Postgrado y Formaci\u00f3n Permanente, la Universidad Pablo de Olavide lleva dos a\u00f1os acogiendo a j\u00f3venes en el marco de este convenio. Sheilla lleg\u00f3 a la UPO hace algo m\u00e1s de un mes y cursa el M\u00e1ster de Ense\u00f1anza Biling\u00fce.<\/p>\n<p>El programa Learn \u00c1frica est\u00e1 orientado para que estudiantes e investigadoras africanas tengan la posibilidad de ampliar su formaci\u00f3n en universidades espa\u00f1olas y puedan regresar a sus pa\u00edses de origen para contribuir al beneficio y avance de su comunidad. Con estas becas, las j\u00f3venes viven una experiencia productiva desde el punto de vista formativo y personal y las universidades de acogida, como la UPO, tambi\u00e9n se enriquecen con la presencia de alumnas con un alto nivel de formaci\u00f3n y excelente aprovechamiento de los estudios cursados.<\/p>\n<p><b>\u00bfC\u00f3mo comienza su v\u00ednculo con la Fundaci\u00f3n Mujeres por \u00c1frica y con la Universidad Pablo de Olavide?<\/b><\/p>\n<p><b>\u00a0<\/b>A trav\u00e9s de una amiga y de varios profesores en Accra me enter\u00e9 de la existencia de estas becas y la solicit\u00e9. La verdad es que me gusta mucho la labor que realiza Mujeres por \u00c1frica para empoderar a las mujeres a trav\u00e9s de la educaci\u00f3n, estableciendo esta relaci\u00f3n del colectivo femenino con las escuelas y las universidades. Estoy muy agradecida a la fundaci\u00f3n y tambi\u00e9n a la UPO.<\/p>\n<p><b>\u00a0<\/b><b>Ha estudiado Ling\u00fc\u00edstica y Espa\u00f1ol en su pa\u00eds \u00bfEn qu\u00e9 momento surge su inter\u00e9s por esta lengua?<\/b><\/p>\n<p><b>\u00a0<\/b>Yo crec\u00ed en una familia pluriling\u00fce. En casa se hablan varios dialectos, adem\u00e1s del ingl\u00e9s, y en las conversaciones los utilizamos indistintamente. Por ejemplo, hacemos una pregunta en un dialecto y contestamos en otro\u2026Yo empec\u00e9 aprendiendo franc\u00e9s, que es el segundo idioma en la escuela, pero cuando me acerqu\u00e9 al espa\u00f1ol, me pareci\u00f3 m\u00e1s sencillo y me atrajo m\u00e1s. Me gusta mucho la cultura hisp\u00e1nica: la m\u00fasica, el baile, la literatura, soy una enamorada del cubano Nicol\u00e1s Guill\u00e9n\u2026 Me encanta la riqueza de Am\u00e9rica Latina.<\/p>\n<p><b>Y consigui\u00f3 una beca para estudiar en Cuba. \u00bfQu\u00e9 tal result\u00f3 la experiencia?<\/b><\/p>\n<p>De Cuba, me quedo con la gente, que es muy fiel a su pa\u00eds y es, adem\u00e1s, muy agradecida. \u00a0La relaci\u00f3n que se establece con ellos es muy real. Al no haber mucho acceso a Internet, el contacto humano es mayor. Creo que hoy en d\u00eda estamos muy pegados a los m\u00f3viles y pasamos menos tiempo con la gente. En Cuba vi algo diferente.<\/p>\n<p><b>\u00bfHay una excesiva dependencia en Ghana a las tecnolog\u00edas?<\/b><\/p>\n<p><b>\u00a0<\/b>S\u00ed, en mi pa\u00eds la gente pasa mucho tiempo en internet y en redes sociales. Creo que se pierde demasiado tiempo pero, por otro lado, gracias tambi\u00e9n a estas tecnolog\u00edas se producen cambios sociales muy importantes. Las redes sociales, por ejemplo, han sido cruciales para el movimiento feminista.<\/p>\n<p><b>Ghana supone un referente dentro de \u00c1frica. \u00bfTambi\u00e9n en el \u00e1mbito del feminismo?<\/b><\/p>\n<p>En Ghana hay un movimiento feminista que se ha hecho muy fuerte con las redes sociales, con muchas mujeres que son referentes y que luchan por el bienestar de otras mujeres. Trabajan constantemente para cambiar mentalidades. Yo tengo una asociaci\u00f3n, que fund\u00e9 con mi hermana gemela, y juntas luchamos para ayudar a las mujeres. Hemos organizado eventos en varios pa\u00edses en \u00c1frica desde 2016: Botswana, Zambia, Uganda, Mauricio, Sud\u00e1frica, Sierra Leona\u2026<\/p>\n<p><b>\u00bfCu\u00e1les son las prioridades de la asociaci\u00f3n?<\/b><\/p>\n<p>Nosotras trabajamos por el empoderamiento de la mujer. Buscamos un sistema que permita que sean independientes econ\u00f3micamente. Esto es clave para conseguir oportunidades que lleven a una igualdad en la sociedad. Hay muchas mujeres que sufren situaciones de las que no pueden escapar al no tener independencia econ\u00f3mica. No son felices pero para sobrevivir necesitan estar con un hombre. En nuestra asociaci\u00f3n les damos informaci\u00f3n para poder empezar a dar pasos que les permitan cambiar su vida.<\/p>\n<p><b>\u00bfEn qu\u00e9 otras reivindicaciones se centra el movimiento feminista en Ghana?<\/b><\/p>\n<p>Son muchas las reivindicaciones actuales porque no es solo el tema econ\u00f3mico, sino tambi\u00e9n el educativo. Hay campa\u00f1as tambi\u00e9n contra casos de violaciones y abusos, que son todav\u00eda demasiados. Aunque, si nos comparamos con otros pa\u00edses de \u00c1frica, estamos mejor, en Ghana todav\u00eda hace falta un cambio enorme de mentalidad. Seguimos instalados en una mentalidad patriarcal y muchos hombres todav\u00eda se consideran superiores a las mujeres. Queda un gran trabajo por delante aunque poquito a poquito estamos consiguiendo mucho.<\/p>\n<p><b>\u00a0<\/b><b>\u00bfQu\u00e9 piensa que puede aportarle su estancia en esta Universidad?<\/b><\/p>\n<p><b>\u00a0<\/b>Sobre todo, creo que me va a proporcionar formaci\u00f3n acad\u00e9mica acerca de la ense\u00f1anza. Estoy muy interesada en obtener nuevas habilidades que me sirvan para poder ense\u00f1ar. Por ahora, este primer curso me est\u00e1 gustando mucho.<\/p>\n<p><b>\u00bfCu\u00e1les son sus proyectos una vez terminada su etapa en la UPO?<\/b><\/p>\n<p><b>\u00a0<\/b>Con mi hermana mont\u00e9 tambi\u00e9n un peque\u00f1o negocio al finalizar los estudios universitarios para ense\u00f1ar espa\u00f1ol e ingl\u00e9s y hacer traducciones e interpretaciones. Quiero volver a mi pa\u00eds y continuar con la labor de ampliaci\u00f3n de este negocio hacia un centro de cultura hisp\u00e1nica, un espacio que promueva el inter\u00e9s por la lengua castellana y la literatura. Pero en la fase actual necesitamos ayuda y financiaci\u00f3n.<\/p>\n<p>&nbsp;<\/p>\n","protected":false},"excerpt":{"rendered":"<p>Sheilla Addison, graduada en Ling\u00fc\u00edstica y Espa\u00f1ol por la Universidad de Ghana con el mejor expediente de su promoci\u00f3n, ha sido beneficiaria de la beca para el curso 2018\/2019 del programa Learn Africa que ofrece la UPO en colaboraci\u00f3n con Mujeres por \u00c1frica, fundaci\u00f3n presidida para contribuir al desarrollo del continente africano a trav\u00e9s de las mujeres y presidida por Mar\u00eda Teresa Fern\u00e1ndez de la Vega.<\/p>\n","protected":false},"author":15,"featured_media":29490580,"comment_status":"closed","ping_status":"open","sticky":false,"template":"","format":"standard","meta":{"_monsterinsights_skip_tracking":false,"_monsterinsights_sitenote_active":false,"_monsterinsights_sitenote_note":"","_monsterinsights_sitenote_category":0,"footnotes":""},"categories":[24],"tags":[21,890,4833,5704,5703,5702,82,20,5701],"class_list":["post-29490581","post","type-post","status-publish","format-standard","has-post-thumbnail","hentry","category-entrevista","tag-estudiantes","tag-feminismo","tag-fundacion-mujeres-por-africa","tag-ghana","tag-learn-africa","tag-master-de-ensenanza-bilingue","tag-postgrado","tag-redes-sociales","tag-sheilla-addison"],"_links":{"self":[{"href":"https:\/\/www.upo.es\/diario\/wp-json\/wp\/v2\/posts\/29490581","targetHints":{"allow":["GET"]}}],"collection":[{"href":"https:\/\/www.upo.es\/diario\/wp-json\/wp\/v2\/posts"}],"about":[{"href":"https:\/\/www.upo.es\/diario\/wp-json\/wp\/v2\/types\/post"}],"author":[{"embeddable":true,"href":"https:\/\/www.upo.es\/diario\/wp-json\/wp\/v2\/users\/15"}],"replies":[{"embeddable":true,"href":"https:\/\/www.upo.es\/diario\/wp-json\/wp\/v2\/comments?post=29490581"}],"version-history":[{"count":4,"href":"https:\/\/www.upo.es\/diario\/wp-json\/wp\/v2\/posts\/29490581\/revisions"}],"predecessor-version":[{"id":29490586,"href":"https:\/\/www.upo.es\/diario\/wp-json\/wp\/v2\/posts\/29490581\/revisions\/29490586"}],"wp:featuredmedia":[{"embeddable":true,"href":"https:\/\/www.upo.es\/diario\/wp-json\/wp\/v2\/media\/29490580"}],"wp:attachment":[{"href":"https:\/\/www.upo.es\/diario\/wp-json\/wp\/v2\/media?parent=29490581"}],"wp:term":[{"taxonomy":"category","embeddable":true,"href":"https:\/\/www.upo.es\/diario\/wp-json\/wp\/v2\/categories?post=29490581"},{"taxonomy":"post_tag","embeddable":true,"href":"https:\/\/www.upo.es\/diario\/wp-json\/wp\/v2\/tags?post=29490581"}],"curies":[{"name":"wp","href":"https:\/\/api.w.org\/{rel}","templated":true}]}}