{"id":2949558,"date":"2014-02-25T06:44:19","date_gmt":"2014-02-25T06:44:19","guid":{"rendered":"https:\/\/www.upo.es\/diario\/?p=2949558"},"modified":"2014-02-25T07:53:05","modified_gmt":"2014-02-25T07:53:05","slug":"manana-segunda-sesion-del-seminario-gestion-y-difusion-del-patrimonio-cultural-local-en-la-casa-de-la-provincia","status":"publish","type":"post","link":"https:\/\/www.upo.es\/diario\/institucional\/2014\/02\/manana-segunda-sesion-del-seminario-gestion-y-difusion-del-patrimonio-cultural-local-en-la-casa-de-la-provincia\/","title":{"rendered":"Esta tarde, segunda sesi\u00f3n del seminario \u201cGesti\u00f3n y difusi\u00f3n del patrimonio cultural local\u201d en la Casa de la Provincia"},"content":{"rendered":"<figure id=\"attachment_2825861\" aria-describedby=\"caption-attachment-2825861\" style=\"width: 216px\" class=\"wp-caption alignright\"><a href=\"https:\/\/www.upo.es\/diario\/wp-content\/uploads\/2014\/02\/IV_Seminario_Gestion_y_Difusion_del_Patrimonio_Cultural_Local_UPO-1.jpg\"><img loading=\"lazy\" decoding=\"async\" class=\"size-medium wp-image-2825861\" alt=\"Este seminario, que se desarrollar\u00e1 los d\u00edas 20 y 25 de febrero y 6 y 13 de marzo,  en la Casa de la Provincia\" src=\"https:\/\/www.upo.es\/diario\/wp-content\/uploads\/2014\/02\/IV_Seminario_Gestion_y_Difusion_del_Patrimonio_Cultural_Local_UPO-1-216x320.jpg\" width=\"216\" height=\"320\" srcset=\"https:\/\/www.upo.es\/diario\/wp-content\/uploads\/2014\/02\/IV_Seminario_Gestion_y_Difusion_del_Patrimonio_Cultural_Local_UPO-1-216x320.jpg 216w, https:\/\/www.upo.es\/diario\/wp-content\/uploads\/2014\/02\/IV_Seminario_Gestion_y_Difusion_del_Patrimonio_Cultural_Local_UPO-1-691x1024.jpg 691w, https:\/\/www.upo.es\/diario\/wp-content\/uploads\/2014\/02\/IV_Seminario_Gestion_y_Difusion_del_Patrimonio_Cultural_Local_UPO-1-600x888.jpg 600w, https:\/\/www.upo.es\/diario\/wp-content\/uploads\/2014\/02\/IV_Seminario_Gestion_y_Difusion_del_Patrimonio_Cultural_Local_UPO-1.jpg 1520w\" sizes=\"auto, (max-width: 216px) 100vw, 216px\" \/><\/a><figcaption id=\"caption-attachment-2825861\" class=\"wp-caption-text\">Se desarrollar\u00e1 los d\u00edas 20 y 25 de febrero y 6 y 13 de marzo, en la Casa de la Provincia<\/figcaption><\/figure>\n<p style=\"text-align: justify;\"><span style=\"text-decoration: underline;\">Hoy martes <\/span><span style=\"text-decoration: underline;\">25 de febrero, a las 16:30 horas\u00a0<\/span><span style=\"text-decoration: underline;\">en la Casa de la Provincia<\/span>, el IV Seminario sobre Gesti\u00f3n y Difusi\u00f3n del Patrimonio Cultural Local retoma su ciclo de conferencias con la conferencia \u201cLa historia del arte en M\u00e9xico. Un recorrido por la profesionalizaci\u00f3n de la disciplina\u201d, a cargo de Erika Gonz\u00e1lez del Instituto de Investigaciones Est\u00e9ticas de la Universidad Nacional Aut\u00f3noma de M\u00e9xico. Este encuentro, organizado por el m\u00e1ster oficial en Arte, Museos y Gesti\u00f3n del Patrimonio Hist\u00f3rico y el \u00c1rea del Historia del Arte de la Universidad Pablo de Olavide, est\u00e1 dirigido tanto a estudiantes como a t\u00e9cnicos municipales y personas interesadas en la materia.<\/p>\n<p style=\"text-align: justify;\">Tras la intervenci\u00f3n de Erika Gonz\u00e1lez, la jornada de hoy continuar\u00e1 con la charla \u201cEcosistemas de la Cultura. Territorio, desarrollo e identidad\u201d, que impartir\u00e1 \u00c1lvaro Romero de Gestores Culturales de Andaluc\u00eda (GECA). A continuaci\u00f3n, Ignacio Trujillo de la Asesor\u00eda Jur\u00eddica de la Agencia Andaluza de Instituciones Culturales, hablar\u00e1 sobre \u201cLegislaci\u00f3n, arte, patrimonio y administraci\u00f3n p\u00fablica\u201d. Para concluir, tendr\u00e1 lugar un coloquio moderado por la profesora Bel\u00e9n Calder\u00f3n de la Universidad de C\u00f3rdoba.<\/p>\n<p style=\"text-align: justify;\">Este seminario tiene como objetivo transferir la experiencia de los profesionales en la difusi\u00f3n y gesti\u00f3n del patrimonio cultural. En este sentido, profesionales y expertos abordar\u00e1n la profesionalizaci\u00f3n del patrimonio cultural, entre otros Daniel Gonz\u00e1lez, del Conjunto Arqueol\u00f3gico de It\u00e1lica; I\u00f1aki Izarzugaza, de la empresa Espiral. Animaci\u00f3n de patrimonio; Jos\u00e9 Manuel Aladro y Eduardo Mosquera, de la Escuela T\u00e9cnica Superior de Arquitectura (MARPH)\u00a0de la Universidad de Sevilla, y el profesor Fernando Quiles, del \u00c1rea de Historia del Arte de la UPO y director del seminario.<\/p>\n<p style=\"text-align: justify;\">El IV Seminario sobre Gesti\u00f3n y Difusi\u00f3n del Patrimonio Cultural Local, que se desarrollar\u00e1 los d\u00edas 25 de febrero y 6 y 13 de marzo, es un\u00a0 encuentro organizado por el m\u00e1ster oficial en Arte, Museos y Gesti\u00f3n del Patrimonio Hist\u00f3rico y el \u00c1rea del Historia del Arte de la Universidad Pablo de Olavide, con la colaboraci\u00f3n de la Casa de la Provincia de la Diputaci\u00f3n de Sevilla; Visibilia, Red de Patrimonio Art\u00edstico Andaluz; Red de Arquitectura Vern\u00e1cula Iberoamericana (Red AVI); Enredars. Una ventana al mundo del arte iberoamericano, y Quadratura, grupo de investigaci\u00f3n de la Junta de Andaluc\u00eda.<\/p>\n<p style=\"text-align: justify;\">La asistencia al seminario es libre aunque por cuestiones de aforo es recomendable inscribirse a trav\u00e9s del correo electr\u00f3nico <a href=\"mailto:fquigar@upo.es\">fquigar@upo.es<\/a>, indicando los datos personales y laborales o estudios.<\/p>\n<p style=\"text-align: justify;\">El m\u00e1ster universitario en Arte, Museos y Gesti\u00f3n del Patrimonio Hist\u00f3rico tiene como finalidad proporcionar conocimientos amplios y s\u00f3lidos sobre historia del arte y patrimonio art\u00edstico, incidiendo en las metodolog\u00edas aplicables a su estudio, investigaci\u00f3n, difusi\u00f3n y gesti\u00f3n. Este postgrado es singular en el panorama universitario espa\u00f1ol por tratar la conexi\u00f3n de patrimonio y arte en su proyecci\u00f3n americana.<\/p>\n<p style=\"text-align: justify;\"><a href=\"http:\/\/www.upo.es\/historia_arte\/export\/sites\/historia_arte\/Actividades\/Seminarios\/IV_Seminario_de_Gestion_y_Difusion_del_Patrimonio_Cultural_Local\/IV_Seminario_Gestion_y_Difusion_del_Patrimonio_Cultural_Local_UPO.pdf\">Programa IV Seminario Gesti\u00f3n y Difusi\u00f3n del Patrimonio Cultural Local<\/a><\/p>\n","protected":false},"excerpt":{"rendered":"<p>Hoy martes 25 de febrero, a las 16:30 horas en la Casa de la Provincia, el IV Seminario sobre Gesti\u00f3n y Difusi\u00f3n del Patrimonio Cultural Local retoma su ciclo de conferencias con la conferencia \u201cLa historia del arte en M\u00e9xico. Un recorrido por la profesionalizaci\u00f3n de la disciplina\u201d, a cargo de Erika Gonz\u00e1lez del Instituto de Investigaciones Est\u00e9ticas de la Universidad Nacional Aut\u00f3noma de M\u00e9xico. Este encuentro est\u00e1 organizado por el m\u00e1ster oficial en Arte, Museos y Gesti\u00f3n del Patrimonio Hist\u00f3rico y el \u00c1rea del Historia del Arte de la Universidad Pablo de Olavide.<\/p>\n","protected":false},"author":4,"featured_media":0,"comment_status":"closed","ping_status":"open","sticky":false,"template":"","format":"standard","meta":{"_monsterinsights_skip_tracking":false,"_monsterinsights_sitenote_active":false,"_monsterinsights_sitenote_note":"","_monsterinsights_sitenote_category":0,"footnotes":""},"categories":[6],"tags":[1181,265,118,1162,1161,78],"class_list":["post-2949558","post","type-post","status-publish","format-standard","hentry","category-institucional","tag-area-del-historia-del-arte","tag-arte","tag-master","tag-museos","tag-patrimonio-cultural","tag-seminario"],"_links":{"self":[{"href":"https:\/\/www.upo.es\/diario\/wp-json\/wp\/v2\/posts\/2949558","targetHints":{"allow":["GET"]}}],"collection":[{"href":"https:\/\/www.upo.es\/diario\/wp-json\/wp\/v2\/posts"}],"about":[{"href":"https:\/\/www.upo.es\/diario\/wp-json\/wp\/v2\/types\/post"}],"author":[{"embeddable":true,"href":"https:\/\/www.upo.es\/diario\/wp-json\/wp\/v2\/users\/4"}],"replies":[{"embeddable":true,"href":"https:\/\/www.upo.es\/diario\/wp-json\/wp\/v2\/comments?post=2949558"}],"version-history":[{"count":4,"href":"https:\/\/www.upo.es\/diario\/wp-json\/wp\/v2\/posts\/2949558\/revisions"}],"predecessor-version":[{"id":2949560,"href":"https:\/\/www.upo.es\/diario\/wp-json\/wp\/v2\/posts\/2949558\/revisions\/2949560"}],"wp:attachment":[{"href":"https:\/\/www.upo.es\/diario\/wp-json\/wp\/v2\/media?parent=2949558"}],"wp:term":[{"taxonomy":"category","embeddable":true,"href":"https:\/\/www.upo.es\/diario\/wp-json\/wp\/v2\/categories?post=2949558"},{"taxonomy":"post_tag","embeddable":true,"href":"https:\/\/www.upo.es\/diario\/wp-json\/wp\/v2\/tags?post=2949558"}],"curies":[{"name":"wp","href":"https:\/\/api.w.org\/{rel}","templated":true}]}}