{"id":29503420,"date":"2018-12-11T06:23:54","date_gmt":"2018-12-11T06:23:54","guid":{"rendered":"https:\/\/www.upo.es\/diario\/?p=29503420"},"modified":"2018-12-12T14:08:04","modified_gmt":"2018-12-12T14:08:04","slug":"jornada-la-investigacion-al-servicio-de-la-transformacion-social-y-el-desarrollo-sostenible","status":"publish","type":"post","link":"https:\/\/www.upo.es\/diario\/institucional\/2018\/12\/jornada-la-investigacion-al-servicio-de-la-transformacion-social-y-el-desarrollo-sostenible\/","title":{"rendered":"Jornada \u2018La investigaci\u00f3n al servicio de la transformaci\u00f3n social y el desarrollo sostenible\u2019"},"content":{"rendered":"<figure id=\"attachment_29516918\" aria-describedby=\"caption-attachment-29516918\" style=\"width: 600px\" class=\"wp-caption aligncenter\"><a href=\"https:\/\/www.upo.es\/diario\/wp-content\/uploads\/2018\/12\/DSF6937.jpg\"><img loading=\"lazy\" decoding=\"async\" class=\"size-large wp-image-29516918\" alt=\"Carlos Garc\u00eda, Vicente Guzm\u00e1n, Juan Espadas, Miguel \u00c1ngel Castro y Myriam D\u00edaz en el Ayuntamiento de Sevilla\" src=\"https:\/\/www.upo.es\/diario\/wp-content\/uploads\/2018\/12\/DSF6937-600x400.jpg\" width=\"600\" height=\"400\" srcset=\"https:\/\/www.upo.es\/diario\/wp-content\/uploads\/2018\/12\/DSF6937-600x400.jpg 600w, https:\/\/www.upo.es\/diario\/wp-content\/uploads\/2018\/12\/DSF6937-320x213.jpg 320w\" sizes=\"auto, (max-width: 600px) 100vw, 600px\" \/><\/a><figcaption id=\"caption-attachment-29516918\" class=\"wp-caption-text\">Carlos Garc\u00eda, Vicente Guzm\u00e1n, Juan Espadas, Miguel \u00c1ngel Castro y Myriam D\u00edaz en el Ayuntamiento de Sevilla<\/figcaption><\/figure>\n<p>Un <strong>panel de expertos con representantes de las universidades de Sevilla, Pablo de Olavide y Loyola Andaluc\u00eda as\u00ed como del Ayuntamiento de Sevilla y la Coordinadora Andaluza de ONGD<\/strong> se han reunido en la ma\u00f1ana de hoy en el Sal\u00f3n Col\u00f3n del Ayuntamiento para abordar <strong>\u2018Buenas pr\u00e1cticas de investigaci\u00f3n en colaboraci\u00f3n para la transformaci\u00f3n social y el desarrollo sostenible\u2019<\/strong>.<\/p>\n<p><strong>Vicente Guzm\u00e1n<\/strong>, rector de la Universidad Pablo de Olavide; Miguel \u00c1ngel Castro, rector de la Universidad de Sevilla;<strong> Carlos Ram\u00f3n Garc\u00eda<\/strong>, vicerrector de Investigaci\u00f3n de la Universidad Loyola Andaluc\u00eda; y<strong> Juan Espadas<\/strong>, alcalde de Sevilla han intervenido en una jornada organizada con el objetivo de poner en com\u00fan las herramientas con las que cuentan universidades, administraciones p\u00fablicas, ONGs y otras organizaciones de la sociedad civil para investigar de forma colaborativa con la transformaci\u00f3n social y el desarrollo sostenible como fin.<\/p>\n<p>Durante su intervenci\u00f3n en el acto de apertura, el rector de la UPO ha destacado el compromiso social de la universidad as\u00ed como el compromiso con el desarrollo y con las investigaciones que tienen un impacto inmediato en la vida de las personas. Vicente Guzm\u00e1n ha subrayado tambi\u00e9n la necesidad de que universidades, administraciones y empresas trabajen de manera conjunta para transformar la sociedad de forma positiva.<\/p>\n<p><strong>Kees Biekart<\/strong>, profesor de la Universidad Erasmus de Rotterdam pronunciar\u00e1 la ponencia marco para el posterior debate: \u2018La investigaci\u00f3n como herramienta para la transformaci\u00f3n social y la promoci\u00f3n del desarrollo\u2019. A partir de las 16 horas, ya en la sede de la Universidad Loyola Andaluc\u00eda en Sevilla, alumnado de m\u00e1ster y doctorado de las tres universidades presentar\u00e1n sus trabajos de investigaci\u00f3n en formato breve <strong>\u2018Presenta el impacto social de tu tesis o TFM en 3 minutos&#8217;<\/strong>.<\/p>\n<p>&nbsp;<\/p>\n","protected":false},"excerpt":{"rendered":"<p>Un panel de expertos con representantes de las universidades de Sevilla, Pablo de Olavide y Loyola Andaluc\u00eda as\u00ed como del Ayuntamiento de Sevilla y la Coordinadora Andaluza de ONGD se han reunido en el Sal\u00f3n Col\u00f3n del Ayuntamiento para abordar \u2018Buenas pr\u00e1cticas de investigaci\u00f3n en colaboraci\u00f3n para la transformaci\u00f3n social y el desarrollo sostenible\u2019.<\/p>\n","protected":false},"author":6,"featured_media":0,"comment_status":"closed","ping_status":"open","sticky":false,"template":"","format":"standard","meta":{"_monsterinsights_skip_tracking":false,"_monsterinsights_sitenote_active":false,"_monsterinsights_sitenote_note":"","_monsterinsights_sitenote_category":0,"footnotes":""},"categories":[6],"tags":[621,249,3007,56,2741,38,161,39,106],"class_list":["post-29503420","post","type-post","status-publish","format-standard","hentry","category-institucional","tag-ayuntamiento-de-sevilla","tag-cambio-social","tag-desarrollo-sostenible","tag-investigacion","tag-juan-espadas","tag-rector","tag-sevilla","tag-universidades","tag-vicente-c-guzman"],"_links":{"self":[{"href":"https:\/\/www.upo.es\/diario\/wp-json\/wp\/v2\/posts\/29503420","targetHints":{"allow":["GET"]}}],"collection":[{"href":"https:\/\/www.upo.es\/diario\/wp-json\/wp\/v2\/posts"}],"about":[{"href":"https:\/\/www.upo.es\/diario\/wp-json\/wp\/v2\/types\/post"}],"author":[{"embeddable":true,"href":"https:\/\/www.upo.es\/diario\/wp-json\/wp\/v2\/users\/6"}],"replies":[{"embeddable":true,"href":"https:\/\/www.upo.es\/diario\/wp-json\/wp\/v2\/comments?post=29503420"}],"version-history":[{"count":9,"href":"https:\/\/www.upo.es\/diario\/wp-json\/wp\/v2\/posts\/29503420\/revisions"}],"predecessor-version":[{"id":29520624,"href":"https:\/\/www.upo.es\/diario\/wp-json\/wp\/v2\/posts\/29503420\/revisions\/29520624"}],"wp:attachment":[{"href":"https:\/\/www.upo.es\/diario\/wp-json\/wp\/v2\/media?parent=29503420"}],"wp:term":[{"taxonomy":"category","embeddable":true,"href":"https:\/\/www.upo.es\/diario\/wp-json\/wp\/v2\/categories?post=29503420"},{"taxonomy":"post_tag","embeddable":true,"href":"https:\/\/www.upo.es\/diario\/wp-json\/wp\/v2\/tags?post=29503420"}],"curies":[{"name":"wp","href":"https:\/\/api.w.org\/{rel}","templated":true}]}}