{"id":29503426,"date":"2018-12-11T11:03:02","date_gmt":"2018-12-11T11:03:02","guid":{"rendered":"https:\/\/www.upo.es\/diario\/?p=29503426"},"modified":"2018-12-11T12:32:16","modified_gmt":"2018-12-11T12:32:16","slug":"el-foro-de-los-consejos-sociales-de-las-universidades-publicas-andaluzas-entregan-sus-premios-de-implicacion-social","status":"publish","type":"post","link":"https:\/\/www.upo.es\/diario\/institucional\/2018\/12\/el-foro-de-los-consejos-sociales-de-las-universidades-publicas-andaluzas-entregan-sus-premios-de-implicacion-social\/","title":{"rendered":"El Foro de los Consejos Sociales de las Universidades P\u00fablicas Andaluzas entrega sus Premios de Implicaci\u00f3n Social"},"content":{"rendered":"<figure id=\"attachment_29504041\" aria-describedby=\"caption-attachment-29504041\" style=\"width: 600px\" class=\"wp-caption aligncenter\"><a href=\"https:\/\/www.upo.es\/diario\/wp-content\/uploads\/2018\/12\/foroconsejosocial.jpg\"><img loading=\"lazy\" decoding=\"async\" class=\"size-large wp-image-29504041\" alt=\"Foto de familia de los premiados. Foto:  Cata Zambrano.\" src=\"https:\/\/www.upo.es\/diario\/wp-content\/uploads\/2018\/12\/foroconsejosocial-600x280.jpg\" width=\"600\" height=\"280\" srcset=\"https:\/\/www.upo.es\/diario\/wp-content\/uploads\/2018\/12\/foroconsejosocial-600x280.jpg 600w, https:\/\/www.upo.es\/diario\/wp-content\/uploads\/2018\/12\/foroconsejosocial-320x149.jpg 320w, https:\/\/www.upo.es\/diario\/wp-content\/uploads\/2018\/12\/foroconsejosocial.jpg 1024w\" sizes=\"auto, (max-width: 600px) 100vw, 600px\" \/><\/a><figcaption id=\"caption-attachment-29504041\" class=\"wp-caption-text\">Foto de familia de los premiados. Foto: Cata Zambrano.<\/figcaption><\/figure>\n<p style=\"text-align: justify;\">El Foro de los Consejos Sociales de las Universidades P\u00fablicas de Andaluc\u00eda ha entregado los IX Premios de la Implicaci\u00f3n Social en las Universidades P\u00fablicas de Andaluc\u00eda en un acto celebrado el lunes 10 de diciembre en el edificio Constituci\u00f3n 1812 de la Universidad de C\u00e1diz. El presidente del\u00a0 Foro, Prudencio Escamilla, ha presidido el acto junto al rector de la UCA, Eduardo Gonz\u00e1lez Mazo, y la consejera en funciones de Conocimiento, Investigaci\u00f3n y Universidad de la Junta de Andaluc\u00eda, Lina G\u00e1lvez.<\/p>\n<p style=\"text-align: justify;\">Esta iniciativa reconoce y da visibilidad social a las buenas pr\u00e1cticas de colaboraci\u00f3n entre las Universidades P\u00fablicas de Andaluc\u00eda, las empresas y otros organismos p\u00fablicos y privados de su entorno, su contribuci\u00f3n al progreso y al bienestar de la sociedad mediante la producci\u00f3n, transferencia y aplicaci\u00f3n pr\u00e1ctica del conocimiento, su proyecci\u00f3n social y, en concreto, distinguir a la empresa o instituci\u00f3n, instituto universitario, centros de investigaci\u00f3n, servicio o departamento, trayectoria de investigadores\/as, egresado\/a o experiencias de internacionalizaci\u00f3n que mejor haya articulado y consolidado estas pr\u00e1cticas de colaboraci\u00f3n.<\/p>\n<p style=\"text-align: justify;\">Los ganadores de la IX edici\u00f3n han sido el proyecto Sabana, liderado por la Universidad de Almer\u00eda, en la categor\u00eda de Institutos universitarios, investigadores, centros de investigaci\u00f3n, servicios o departamentos de las universidades p\u00fablicas andaluzas; Ayesa, de Sevilla, en la categor\u00eda de empresas y otros organismos p\u00fablicos o privados; \u00c1ngeles Hoyo S\u00e1nchez, de la Universidad de Almer\u00eda, en la categor\u00eda de Egresado, y la compa\u00f1\u00eda Bionaturis, impulsada por egresados de la Universidad de C\u00e1diz, en la de Experiencias de Internacionalizaci\u00f3n. Asimismo, hubo una menci\u00f3n especial de los Premios Implicaci\u00f3n Social al proyecto -liderado por profesorado de la UCA-\u00a0<i>Reca\u00edda 0: Matem\u00e1ticas contra la Leucemia Infantil<\/i>.<\/p>\n<p style=\"text-align: justify;\">Prudencio Escamilla ha destacado que \u201clos Consejos Sociales creemos que es importante destacar referentes para que nuestro alumnado, los j\u00f3venes que pilotar\u00e1n nuestra sociedad en pocos a\u00f1os, encuentren ejemplos de los valores que se necesitan para liderar los cambios. Necesitamos, como sociedad andaluza, conocimiento, investigaci\u00f3n y transferencia, que aportar\u00e1n el valor a\u00f1adido que, junto al esfuerzo y la eficiencia, nos permitir\u00e1n avanzar\u201d.<\/p>\n<p style=\"text-align: justify;\">Tras felicitar a los premiados y agradecer al jurado su labor de elecci\u00f3n entre m\u00e1s de 40 candidaturas a los premios, el presidente del Foro ha hecho un llamamiento, con motivo del 40 aniversario de la Constituci\u00f3n. \u201cEste hito de nuestra Carta Magna debe servirnos para afianzar en nuestra sociedad el esp\u00edritu de consenso, que nos permite conseguir los retos colectivos que, como sociedad, aspiramos a lograr. Quienes tienen en sus manos importantes decisiones para nuestra sociedad, y las herramientas que nuestra Constituci\u00f3n y nuestro Estatuto de Autonom\u00eda les confieren, tienen tambi\u00e9n una enorme responsabilidad: la de generar las condiciones de futuro para que nuestros j\u00f3venes mejoren sus expectativas vitales, sin incertidumbres\u201d, ha expresado.<\/p>\n<p style=\"text-align: justify;\">El jurado, presidido por Prudencio Escamilla, estuvo integrado por Magdalena Cantero Sosa, presidenta del Consejo Social Universidad de Almer\u00eda; Manuel Torralbo Rodr\u00edguez, secretario General de Universidades de la Junta Andaluc\u00eda; Eduardo Gonz\u00e1lez Mazo, rector de la Universidad de C\u00e1diz; Alfonso D\u00edaz Abajo, director de Participaci\u00f3n Institucional de la Confederaci\u00f3n de Empresarios Andaluc\u00eda; Manuel Garc\u00eda Le\u00f3n, director de Investigaci\u00f3n y Transferencia del Conocimiento de la Junta de Andaluc\u00eda, y Olga de la Pascua Ram\u00edrez, coordinadora del Foro y secretaria del jurado.<\/p>\n<p>El galard\u00f3n consiste en una dotaci\u00f3n econ\u00f3mica de 3.000 \u20ac por modalidad, una escultura conmemorativa y un diploma acreditativo.<\/p>\n","protected":false},"excerpt":{"rendered":"<p>Esta iniciativa reconoce y da visibilidad social a las buenas pr\u00e1cticas de colaboraci\u00f3n entre las Universidades P\u00fablicas de Andaluc\u00eda, las empresas y otros organismos p\u00fablicos y privados de su entorno, su contribuci\u00f3n al progreso y al bienestar de la sociedad mediante la producci\u00f3n, transferencia y aplicaci\u00f3n pr\u00e1ctica del conocimiento, su proyecci\u00f3n social y, en concreto, distinguir a la empresa o instituci\u00f3n, instituto universitario, centros de investigaci\u00f3n, servicio o departamento, trayectoria de investigadores\/as, egresado\/a o experiencias de internacionalizaci\u00f3n que mejor haya articulado y consolidado estas pr\u00e1cticas de colaboraci\u00f3n. <\/p>\n","protected":false},"author":4,"featured_media":0,"comment_status":"closed","ping_status":"open","sticky":false,"template":"","format":"standard","meta":{"_monsterinsights_skip_tracking":false,"_monsterinsights_sitenote_active":false,"_monsterinsights_sitenote_note":"","_monsterinsights_sitenote_category":0,"footnotes":""},"categories":[6],"tags":[5705,5706,5488],"class_list":["post-29503426","post","type-post","status-publish","format-standard","hentry","category-institucional","tag-foro-consejos-sociales","tag-premios-implicacion-social","tag-universidades-publicas-andaluzas"],"_links":{"self":[{"href":"https:\/\/www.upo.es\/diario\/wp-json\/wp\/v2\/posts\/29503426","targetHints":{"allow":["GET"]}}],"collection":[{"href":"https:\/\/www.upo.es\/diario\/wp-json\/wp\/v2\/posts"}],"about":[{"href":"https:\/\/www.upo.es\/diario\/wp-json\/wp\/v2\/types\/post"}],"author":[{"embeddable":true,"href":"https:\/\/www.upo.es\/diario\/wp-json\/wp\/v2\/users\/4"}],"replies":[{"embeddable":true,"href":"https:\/\/www.upo.es\/diario\/wp-json\/wp\/v2\/comments?post=29503426"}],"version-history":[{"count":6,"href":"https:\/\/www.upo.es\/diario\/wp-json\/wp\/v2\/posts\/29503426\/revisions"}],"predecessor-version":[{"id":29504662,"href":"https:\/\/www.upo.es\/diario\/wp-json\/wp\/v2\/posts\/29503426\/revisions\/29504662"}],"wp:attachment":[{"href":"https:\/\/www.upo.es\/diario\/wp-json\/wp\/v2\/media?parent=29503426"}],"wp:term":[{"taxonomy":"category","embeddable":true,"href":"https:\/\/www.upo.es\/diario\/wp-json\/wp\/v2\/categories?post=29503426"},{"taxonomy":"post_tag","embeddable":true,"href":"https:\/\/www.upo.es\/diario\/wp-json\/wp\/v2\/tags?post=29503426"}],"curies":[{"name":"wp","href":"https:\/\/api.w.org\/{rel}","templated":true}]}}