{"id":29504663,"date":"2018-12-11T12:56:16","date_gmt":"2018-12-11T12:56:16","guid":{"rendered":"https:\/\/www.upo.es\/diario\/?p=29504663"},"modified":"2018-12-12T14:07:51","modified_gmt":"2018-12-12T14:07:51","slug":"la-upo-celebra-el-dia-internacional-del-voluntariado-con-diversas-actividades-solidarias-3","status":"publish","type":"post","link":"https:\/\/www.upo.es\/diario\/institucional\/2018\/12\/la-upo-celebra-el-dia-internacional-del-voluntariado-con-diversas-actividades-solidarias-3\/","title":{"rendered":"La UPO celebra el D\u00eda Internacional del Voluntariado con diversas actividades solidarias"},"content":{"rendered":"<figure id=\"attachment_29505279\" aria-describedby=\"caption-attachment-29505279\" style=\"width: 600px\" class=\"wp-caption aligncenter\"><a href=\"https:\/\/www.upo.es\/diario\/wp-content\/uploads\/2018\/12\/Dia-Int-Voluntariado__2018_12_11_05.jpg\"><img loading=\"lazy\" decoding=\"async\" class=\"size-large wp-image-29505279\" alt=\"Imagen de los representantes de las entidades que han participado. \" src=\"https:\/\/www.upo.es\/diario\/wp-content\/uploads\/2018\/12\/Dia-Int-Voluntariado__2018_12_11_05-600x400.jpg\" width=\"600\" height=\"400\" srcset=\"https:\/\/www.upo.es\/diario\/wp-content\/uploads\/2018\/12\/Dia-Int-Voluntariado__2018_12_11_05-600x400.jpg 600w, https:\/\/www.upo.es\/diario\/wp-content\/uploads\/2018\/12\/Dia-Int-Voluntariado__2018_12_11_05-320x213.jpg 320w\" sizes=\"auto, (max-width: 600px) 100vw, 600px\" \/><\/a><figcaption id=\"caption-attachment-29505279\" class=\"wp-caption-text\">Imagen de los representantes de las entidades que han participado.<\/figcaption><\/figure>\n<p>La Universidad Pablo de Olavide ha organizado hoy diferentes actividades para celebrar el <b>D\u00eda Internacional de Voluntariado,<\/b> que se conmemora anualmente el 5 de diciembre, entre las que destaca la exposici\u00f3n de stands de entidades de voluntariado para dar a conocer a la comunidad universitaria sus proyectos. La directora general de Programaci\u00f3n Cultural y Social de la UPO, Roc\u00edo C\u00e1rdenas Rodr\u00edguez, y la coordinadora provincial de Voluntariado de la Junta de Andaluc\u00eda, Amanda Copete, han dado la bienvenida a los asistentes de esta cita solidaria.<\/p>\n<p>En esta iniciativa han participado Solidarios, Asaenes, Red Madre, Fundaci\u00f3n TAU, Asociaci\u00f3n Educativa Scout San Juan, Fundaci\u00f3n Mornese, Autismo Sevilla, Fundaci\u00f3n Do\u00f1a Mar\u00eda, Domus VI, Dace, New Health Foundation, Equitea, Movimiento contra la Intolerancia, Aspace Sevilla, Afa Aljarafe, ANIDI y Fundaci\u00f3n TAS.<\/p>\n<p>El Vicerrectorado de Cultura y Compromiso Social de la UPO, a trav\u00e9s de su Oficina de Voluntariado y Solidaridad, pretende con esta celebraci\u00f3n sensibilizar a la comunidad universitaria de la importancia y necesidad del voluntariado en nuestra sociedad, as\u00ed como ofrecer informaci\u00f3n sobre la labor que realizan las asociaciones y entidades de voluntariado. Esta iniciativa se celebra con la colaboraci\u00f3n de la Direcci\u00f3n General de Participaci\u00f3n Ciudadana y Voluntariado de la Consejer\u00eda de Igualdad y Pol\u00edticas Sociales de la Junta de Andaluc\u00eda.<\/p>\n","protected":false},"excerpt":{"rendered":"<p>La Universidad Pablo de Olavide ha organizado diferentes actividades para celebrar el D\u00eda Internacional de Voluntariado, que se conmemora anualmente el 5 de diciembre, entre las que destaca la exposici\u00f3n de stands de entidades de voluntariado para dar a conocer a la comunidad universitaria sus proyectos. La directora general de Programaci\u00f3n Cultural y Social de la UPO, Roc\u00edo C\u00e1rdenas Rodr\u00edguez, y la coordinadora provincial de Voluntariado de la Junta de Andaluc\u00eda, Amanda Copete, han dado la bienvenida a los asistentes de esta cita solidaria. <\/p>\n","protected":false},"author":2,"featured_media":0,"comment_status":"closed","ping_status":"open","sticky":false,"template":"","format":"standard","meta":{"_monsterinsights_skip_tracking":false,"_monsterinsights_sitenote_active":false,"_monsterinsights_sitenote_note":"","_monsterinsights_sitenote_category":0,"footnotes":""},"categories":[6],"tags":[5698,1168,1024,86],"class_list":["post-29504663","post","type-post","status-publish","format-standard","hentry","category-institucional","tag-dia-internacional-de-voluntariado","tag-oficina-de-voluntariado-y-solidaridad","tag-solidaridad","tag-voluntariado"],"_links":{"self":[{"href":"https:\/\/www.upo.es\/diario\/wp-json\/wp\/v2\/posts\/29504663","targetHints":{"allow":["GET"]}}],"collection":[{"href":"https:\/\/www.upo.es\/diario\/wp-json\/wp\/v2\/posts"}],"about":[{"href":"https:\/\/www.upo.es\/diario\/wp-json\/wp\/v2\/types\/post"}],"author":[{"embeddable":true,"href":"https:\/\/www.upo.es\/diario\/wp-json\/wp\/v2\/users\/2"}],"replies":[{"embeddable":true,"href":"https:\/\/www.upo.es\/diario\/wp-json\/wp\/v2\/comments?post=29504663"}],"version-history":[{"count":3,"href":"https:\/\/www.upo.es\/diario\/wp-json\/wp\/v2\/posts\/29504663\/revisions"}],"predecessor-version":[{"id":29520623,"href":"https:\/\/www.upo.es\/diario\/wp-json\/wp\/v2\/posts\/29504663\/revisions\/29520623"}],"wp:attachment":[{"href":"https:\/\/www.upo.es\/diario\/wp-json\/wp\/v2\/media?parent=29504663"}],"wp:term":[{"taxonomy":"category","embeddable":true,"href":"https:\/\/www.upo.es\/diario\/wp-json\/wp\/v2\/categories?post=29504663"},{"taxonomy":"post_tag","embeddable":true,"href":"https:\/\/www.upo.es\/diario\/wp-json\/wp\/v2\/tags?post=29504663"}],"curies":[{"name":"wp","href":"https:\/\/api.w.org\/{rel}","templated":true}]}}