{"id":29596756,"date":"2018-12-17T13:15:17","date_gmt":"2018-12-17T13:15:17","guid":{"rendered":"https:\/\/www.upo.es\/diario\/?p=29596756"},"modified":"2021-07-01T13:31:21","modified_gmt":"2021-07-01T11:31:21","slug":"tomas-de-posesion-de-profesorado-catedras-y-cargos-academicos-de-la-universidad-pablo-de-olavide-2","status":"publish","type":"post","link":"https:\/\/www.upo.es\/diario\/institucional\/2018\/12\/tomas-de-posesion-de-profesorado-catedras-y-cargos-academicos-de-la-universidad-pablo-de-olavide-2\/","title":{"rendered":"Tomas de posesi\u00f3n de profesorado, c\u00e1tedras y cargos acad\u00e9micos de la Universidad Pablo de Olavide"},"content":{"rendered":"<figure id=\"attachment_29597385\" aria-describedby=\"caption-attachment-29597385\" style=\"width: 320px\" class=\"wp-caption alignright\"><a href=\"https:\/\/www.upo.es\/diario\/wp-content\/uploads\/2018\/12\/tomaposesionUPO.jpg\"><img loading=\"lazy\" decoding=\"async\" class=\"size-medium wp-image-29597385\" src=\"https:\/\/www.upo.es\/diario\/wp-content\/uploads\/2018\/12\/tomaposesionUPO-320x189.jpg\" alt=\"Foto de familia de la toma de posesi\u00f3n presidida por el rector de la UPO\" width=\"320\" height=\"189\" srcset=\"https:\/\/www.upo.es\/diario\/wp-content\/uploads\/2018\/12\/tomaposesionUPO-320x189.jpg 320w, https:\/\/www.upo.es\/diario\/wp-content\/uploads\/2018\/12\/tomaposesionUPO-600x354.jpg 600w\" sizes=\"auto, (max-width: 320px) 100vw, 320px\" \/><\/a><figcaption id=\"caption-attachment-29597385\" class=\"wp-caption-text\">Foto de familia de la toma de posesi\u00f3n presidida por el rector de la UPO.<\/figcaption><\/figure>\n<p style=\"text-align: justify;\">El Paraninfo de la Universidad Pablo de Olavide ha acogido hoy lunes el acto p\u00fablico de tomas de posesi\u00f3n a los cuerpos de catedr\u00e1ticos y catedr\u00e1ticas de universidad, profesores y profesoras titulares de universidad, cargos acad\u00e9micos universitarios y personal de administraci\u00f3n y servicios, en un acto que ha estado presidido por el rector Vicente Guzm\u00e1n Fluja.<\/p>\n<p style=\"text-align: justify;\">Han tomado posesi\u00f3n de sus cargos como catedr\u00e1ticos y catedr\u00e1ticas de la Universidad Pablo de Olavide <b>Mar\u00eda del Pilar Paneque Salgado<\/b> en el \u00e1rea de conocimiento de Geograf\u00eda Humana, <b>Guillermo L\u00f3pez Lluch<\/b> y <b>Jos\u00e9 Antonio S\u00e1nchez Alc\u00e1zar<\/b> en el \u00e1rea de Biolog\u00eda Celular, <b>Manuel Herrero S\u00e1nchez<\/b> en el \u00e1rea de Historia Moderna, <b>Enrique Mart\u00edn Criado<\/b> en el \u00e1rea de Sociolog\u00eda, <b>Jos\u00e9 Ignacio Garc\u00eda P\u00e9rez<\/b> en el \u00e1rea de Fundamentos del An\u00e1lisis Econ\u00f3mico, <b>Mar\u00eda Serrano Fern\u00e1ndez<\/b> en el \u00e1rea de Derecho Civil, <b>Bernardo Jes\u00fas Peri\u00f1\u00e1n G\u00f3mez<\/b> en el \u00e1rea de Derecho Romano, <b>Mar\u00eda Mercedes Atienza Ruiz <\/b>y<b> Jos\u00e9 Luis Cantero Lorente<\/b> en el \u00e1rea de Fisiolog\u00eda, <b>Ignacio Mar\u00eda Colomer Hern\u00e1ndez<\/b> en el \u00e1rea de Derecho Procesal, <b>Francisco Javier Escalera Reyes<\/b> en el \u00e1rea de Antropolog\u00eda Social, <b>Alicia Troncoso Lora<\/b> en el \u00e1rea de Lenguajes y Sistemas Inform\u00e1ticos, <b>Eugenio Manuel Fedriani Martel<\/b> y <b>Alfredo Garc\u00eda Hern\u00e1ndez-D\u00edaz<\/b> en el \u00e1rea de M\u00e9todos Cuantitativos para la Econom\u00eda y la Empresa, <b>Mar\u00eda del Carmen Cabello Medina<\/b> en el \u00e1rea de Organizaci\u00f3n de Empresas, <b>Francisco Javier Fern\u00e1ndez Roca<\/b> en el \u00e1rea de Historia e Instituciones Econ\u00f3micas, <b>Jos\u00e9 Manuel Cort\u00e9s Mart\u00edn<\/b> en el \u00e1rea de Derecho Internacional P\u00fablico y Relaciones Internacionales, y <b>Jos\u00e9 Antonio S\u00e1nchez Medina<\/b> en el \u00e1rea de Psicolog\u00eda B\u00e1sica.<\/p>\n<p style=\"text-align: justify;\">Por otro lado, han sido varios los docentes que han tomado posesi\u00f3n de su condici\u00f3n de nuevo profesorado titular: <b>Mar\u00eda Jes\u00fas Oliveras L\u00f3pez<\/b>, en el \u00e1rea de conocimiento de Nutrici\u00f3n y Bromatolog\u00eda, <b>Mar\u00eda del Carmen Lima D\u00edaz<\/b> en Econom\u00eda Aplicada, <b>Mar\u00eda de los \u00c1ngeles Conde Parrilla<\/b> en Filolog\u00eda Inglesa, <b>Juan Miguel Cuartero Otal<\/b> y <b>Ana Mar\u00eda Medina <\/b>enFilolog\u00eda Alemana, <b>Mar\u00eda Esther Carrizosa Prieto<\/b> en Derecho del Trabajo y de la Seguridad Social, <b>Jos\u00e9 Cepedello Boiso<\/b> en Filosof\u00eda del Derecho, <b>Alfonso Ybarra Bores<\/b> en Derecho Internacional Privado, <b>Patrick Jacques Merkling <\/b>en Qu\u00edmica F\u00edsica, <b>Manuel B\u00e9jar Dom\u00ednguez<\/b> en Ingenier\u00eda de Sistemas y Autom\u00e1tica, <b>Jean Baptiste Paul Harguindeguy<\/b> en Ciencia Pol\u00edtica y de la Administraci\u00f3n, <b>Antonio Lazari<\/b> en Derecho Internacional P\u00fablico y Relaciones Internacionales, <b>Francisco Toscano Gil<\/b>, en Derecho Administrativo, <b>Jos\u00e9 Manuel Ram\u00edrez Hurtado<\/b> en M\u00e9todos Cuantitativos para la Econom\u00eda y la Empresa, <b>B\u00e1rbara Naia Larra\u00f1eta G\u00f3mez-Caminero<\/b> en Organizaci\u00f3n de Empresas, <b>Federico Divina<\/b> y <b>Francisco Mart\u00ednez Alvarez<\/b> \u00a0en Lenguajes y Sistemas Inform\u00e1ticos, <b>Juan Carlos Fern\u00e1ndez Tru\u00e1n<\/b> en Educaci\u00f3n F\u00edsica y Deportiva.<\/p>\n<p style=\"text-align: justify;\">Respecto a los cargos acad\u00e9micos, han tomado posesi\u00f3n <b>Ra\u00fal Gir\u00e1ldez Rojo<\/b>, como delegado del rector para la Calidad; <b>Jorge Augusto Luengo L\u00f3pez<\/b>, como director general de Seguimiento y Garant\u00eda de Calidad de Postgrado; <b>Nuria Ponce M\u00e1rquez<\/b>, como coordinadora de Pr\u00e1cticas Externas Regladas de la Facultad de Humanidades, <b>Olga Cruz Moya<\/b>, como vicedecana de Calidad y Comunicaci\u00f3n de la Facultad de Humanidades; <b>Eduardo Saez de Villarreal Saez<\/b>, como vicedecano de Pr\u00e1cticas Externas de la Facultad de Ciencias del Deporte; <b>Antonia Corona Aguilar<\/b>, como secretaria de la Facultad de Ciencias Sociales, y <b>Juan Miguel G\u00f3mez Espino<\/b>, como vicedecano de Ordenaci\u00f3n Acad\u00e9mica de la Facultad de Ciencias Sociales.<\/p>\n<p style=\"text-align: justify;\">Finalmente, <b>Sergio Ar\u00e9valo Ga\u00f1\u00e1n <\/b>y<b> Carlos Rafael Gonz\u00e1lez<\/b> han tomado posesi\u00f3n como funcionarios de carrera de la Escala de Gesti\u00f3n de Sistemas e Inform\u00e1tica.<\/p>\n<p><a title=\"Tomas de posesi\u00f3n - 17\/12\/2018\" href=\"https:\/\/www.flickr.com\/photos\/pablodeolavide\/albums\/72157703287096041\" data-flickr-embed=\"true\" data-header=\"true\"><img loading=\"lazy\" decoding=\"async\" src=\"https:\/\/farm5.staticflickr.com\/4873\/32493255728_a57df029d4_z.jpg\" alt=\"Tomas de posesi\u00f3n - 17\/12\/2018\" width=\"640\" height=\"348\" \/><\/a><script charset=\"utf-8\" type=\"text\/javascript\" src=\"\/\/embedr.flickr.com\/assets\/client-code.js\" async=\"\"><\/script><\/p>\n","protected":false},"excerpt":{"rendered":"<p>El Paraninfo de la Universidad Pablo de Olavide ha acogido el acto p\u00fablico de tomas de posesi\u00f3n a los cuerpos de catedr\u00e1ticos y catedr\u00e1ticas de universidad, profesores y profesoras titulares de universidad, cargos acad\u00e9micos universitarios y personal de administraci\u00f3n y servicios, en un acto que ha estado presidido por el rector Vicente Guzm\u00e1n Fluja.<\/p>\n","protected":false},"author":2,"featured_media":0,"comment_status":"closed","ping_status":"open","sticky":false,"template":"","format":"standard","meta":{"_monsterinsights_skip_tracking":false,"_monsterinsights_sitenote_active":false,"_monsterinsights_sitenote_note":"","_monsterinsights_sitenote_category":0,"footnotes":""},"categories":[6],"tags":[686,654,682,199,38,685,106],"class_list":["post-29596756","post","type-post","status-publish","format-standard","hentry","category-institucional","tag-cargos","tag-catedratico","tag-pas","tag-profesorado","tag-rector","tag-toma-de-posesion","tag-vicente-c-guzman"],"_links":{"self":[{"href":"https:\/\/www.upo.es\/diario\/wp-json\/wp\/v2\/posts\/29596756","targetHints":{"allow":["GET"]}}],"collection":[{"href":"https:\/\/www.upo.es\/diario\/wp-json\/wp\/v2\/posts"}],"about":[{"href":"https:\/\/www.upo.es\/diario\/wp-json\/wp\/v2\/types\/post"}],"author":[{"embeddable":true,"href":"https:\/\/www.upo.es\/diario\/wp-json\/wp\/v2\/users\/2"}],"replies":[{"embeddable":true,"href":"https:\/\/www.upo.es\/diario\/wp-json\/wp\/v2\/comments?post=29596756"}],"version-history":[{"count":7,"href":"https:\/\/www.upo.es\/diario\/wp-json\/wp\/v2\/posts\/29596756\/revisions"}],"predecessor-version":[{"id":30867212,"href":"https:\/\/www.upo.es\/diario\/wp-json\/wp\/v2\/posts\/29596756\/revisions\/30867212"}],"wp:attachment":[{"href":"https:\/\/www.upo.es\/diario\/wp-json\/wp\/v2\/media?parent=29596756"}],"wp:term":[{"taxonomy":"category","embeddable":true,"href":"https:\/\/www.upo.es\/diario\/wp-json\/wp\/v2\/categories?post=29596756"},{"taxonomy":"post_tag","embeddable":true,"href":"https:\/\/www.upo.es\/diario\/wp-json\/wp\/v2\/tags?post=29596756"}],"curies":[{"name":"wp","href":"https:\/\/api.w.org\/{rel}","templated":true}]}}