{"id":29597396,"date":"2018-12-17T00:40:09","date_gmt":"2018-12-16T23:40:09","guid":{"rendered":"https:\/\/www.upo.es\/diario\/?p=29597396"},"modified":"2018-12-19T09:16:55","modified_gmt":"2018-12-19T08:16:55","slug":"la-estudiante-de-la-upo-monica-hernandez-consigue-el-oro-en-el-cau-de-campo-a-traves","status":"publish","type":"post","link":"https:\/\/www.upo.es\/diario\/deportes\/2018\/12\/la-estudiante-de-la-upo-monica-hernandez-consigue-el-oro-en-el-cau-de-campo-a-traves\/","title":{"rendered":"La estudiante de la UPO M\u00f3nica Hern\u00e1ndez consigue el oro en el CAU de Campo a Trav\u00e9s"},"content":{"rendered":"<figure id=\"attachment_29598018\" aria-describedby=\"caption-attachment-29598018\" style=\"width: 320px\" class=\"wp-caption alignright\"><a href=\"https:\/\/www.upo.es\/diario\/wp-content\/uploads\/2018\/12\/cau2019_1_cuadrada.jpg\"><img loading=\"lazy\" decoding=\"async\" class=\"size-medium wp-image-29598018\" alt=\"De izquierda a derecha: Estefan\u00eda Rodr\u00edguez, M\u00f3nica Hern\u00e1ndez y Luc\u00eda Ruiz.\" src=\"https:\/\/www.upo.es\/diario\/wp-content\/uploads\/2018\/12\/cau2019_1_cuadrada-320x217.jpg\" width=\"320\" height=\"217\" srcset=\"https:\/\/www.upo.es\/diario\/wp-content\/uploads\/2018\/12\/cau2019_1_cuadrada-320x217.jpg 320w, https:\/\/www.upo.es\/diario\/wp-content\/uploads\/2018\/12\/cau2019_1_cuadrada-600x407.jpg 600w, https:\/\/www.upo.es\/diario\/wp-content\/uploads\/2018\/12\/cau2019_1_cuadrada.jpg 899w\" sizes=\"auto, (max-width: 320px) 100vw, 320px\" \/><\/a><figcaption id=\"caption-attachment-29598018\" class=\"wp-caption-text\">De izquierda a derecha: Estefan\u00eda Rodr\u00edguez, M\u00f3nica Hern\u00e1ndez y Luc\u00eda Ruiz.<\/figcaption><\/figure>\n<p style=\"text-align: justify;\">La atleta de la Universidad Pablo de Olavide M\u00f3nica Hern\u00e1ndez Casco ha conseguido el oro en el Campeonato de Andaluc\u00eda Universitario (CAU) de Campo a Trav\u00e9s, celebrado el pasado s\u00e1bado en el Club N\u00e1utico de la Universidad de Granada. Por tercer a\u00f1o consecutivo la atleta de la UPO se ha alzado con la victoria en la competici\u00f3n regional, en esta ocasi\u00f3n con un tiempo de 00:22:34.<\/p>\n<p style=\"text-align: justify;\">Durante toda la prueba, un circuito de 1.500 metros (cuatro vueltas), M\u00f3nica control\u00f3 la prueba junto a Ana Gay, atleta de la Universidad de Granada, que entr\u00f3 en segunda posici\u00f3n con un tiempo de 00:22:37. En tercer lugar, subi\u00f3 al podio la atleta de la Universidad de C\u00f3rdoba, Laura V\u00e1zquez, con un tiempo de 00:22:49.<\/p>\n<p style=\"text-align: justify;\">Adem\u00e1s de la victoria individual, el equipo femenino de la UPO, compuesto por M\u00f3nica Hern\u00e1ndez, Estefan\u00eda Rodr\u00edguez y Luc\u00eda Ruiz, consigui\u00f3 el bronce con la suma de los dos mejores tiempos (de M\u00f3nica y Estefan\u00eda), un total de 00:46:45, quedando detr\u00e1s de las universidades de C\u00f3rdoba y Granada que finalizaron primera y segunda, respectivamente.<\/p>\n<p style=\"text-align: justify;\">Por su parte, el equipo masculino de la Olavide, formado por Mario Franco, Carlos Morales, Ram\u00f3n Aranda, Dar\u00edo Ballesteros y Andr\u00e9s Jes\u00fas M\u00e1rquez, acab\u00f3 en quinta posici\u00f3n en la clasificaci\u00f3n general por equipos. Sumaron para dicha clasificaci\u00f3n los tiempos de los tres mejores atletas del grupo (Mario, Carlos y Ram\u00f3n) con un total en el tiempo de 01:13:52.<\/p>\n<p style=\"text-align: justify;\">La carrera femenina se celebr\u00f3 a las 12,30 horas y fue de 6.000 metros (cuatro vueltas al circuito), mientras que la masculina, que se desarroll\u00f3 a las 13,15 horas, fue de 7.500 metros (cinco vueltas al circuito).<\/p>\n<p style=\"text-align: justify;\">El Campeonato de Andaluc\u00eda Universitario de campo a trav\u00e9s ha estado organizado por la Universidad de Granada, que este a\u00f1o ser\u00e1 la encargada de acoger todas las fases finales de los diferentes deportes en estos CAU de 2019.<\/p>\n","protected":false},"excerpt":{"rendered":"<p>La atleta de la Universidad Pablo de Olavide M\u00f3nica Hern\u00e1ndez Casco ha conseguido el oro en el Campeonato de Andaluc\u00eda Universitario (CAU) de Campo a Trav\u00e9s, celebrado el pasado s\u00e1bado en el Club N\u00e1utico de la Universidad de Granada. Por tercer a\u00f1o consecutivo la atleta de la UPO se ha alzado con la victoria en la competici\u00f3n regional, en esta ocasi\u00f3n con un tiempo de 00:22:34.<\/p>\n","protected":false},"author":15,"featured_media":0,"comment_status":"closed","ping_status":"open","sticky":false,"template":"","format":"standard","meta":{"_monsterinsights_skip_tracking":false,"_monsterinsights_sitenote_active":false,"_monsterinsights_sitenote_note":"","_monsterinsights_sitenote_category":0,"footnotes":""},"categories":[30],"tags":[255,4851,324,5712,5713,5711,1725],"class_list":["post-29597396","post","type-post","status-publish","format-standard","hentry","category-deportes","tag-campo-a-traves","tag-campo-a-traves-femenino","tag-cau","tag-estefania-rodriguez","tag-lucia-ruiz","tag-monica-hernandez","tag-oro"],"_links":{"self":[{"href":"https:\/\/www.upo.es\/diario\/wp-json\/wp\/v2\/posts\/29597396","targetHints":{"allow":["GET"]}}],"collection":[{"href":"https:\/\/www.upo.es\/diario\/wp-json\/wp\/v2\/posts"}],"about":[{"href":"https:\/\/www.upo.es\/diario\/wp-json\/wp\/v2\/types\/post"}],"author":[{"embeddable":true,"href":"https:\/\/www.upo.es\/diario\/wp-json\/wp\/v2\/users\/15"}],"replies":[{"embeddable":true,"href":"https:\/\/www.upo.es\/diario\/wp-json\/wp\/v2\/comments?post=29597396"}],"version-history":[{"count":6,"href":"https:\/\/www.upo.es\/diario\/wp-json\/wp\/v2\/posts\/29597396\/revisions"}],"predecessor-version":[{"id":29624127,"href":"https:\/\/www.upo.es\/diario\/wp-json\/wp\/v2\/posts\/29597396\/revisions\/29624127"}],"wp:attachment":[{"href":"https:\/\/www.upo.es\/diario\/wp-json\/wp\/v2\/media?parent=29597396"}],"wp:term":[{"taxonomy":"category","embeddable":true,"href":"https:\/\/www.upo.es\/diario\/wp-json\/wp\/v2\/categories?post=29597396"},{"taxonomy":"post_tag","embeddable":true,"href":"https:\/\/www.upo.es\/diario\/wp-json\/wp\/v2\/tags?post=29597396"}],"curies":[{"name":"wp","href":"https:\/\/api.w.org\/{rel}","templated":true}]}}