{"id":2961922,"date":"2014-02-26T06:44:34","date_gmt":"2014-02-26T06:44:34","guid":{"rendered":"https:\/\/www.upo.es\/diario\/?p=2961922"},"modified":"2014-02-26T14:35:25","modified_gmt":"2014-02-26T14:35:25","slug":"arranca-una-investigacion-sobre-la-represion-de-la-disidencia-sexual-en-el-franquismo-y-la-transicion-en-andalucia","status":"publish","type":"post","link":"https:\/\/www.upo.es\/diario\/institucional\/2014\/02\/arranca-una-investigacion-sobre-la-represion-de-la-disidencia-sexual-en-el-franquismo-y-la-transicion-en-andalucia\/","title":{"rendered":"Arranca una investigaci\u00f3n sobre la represi\u00f3n de la disidencia sexual en el franquismo y la transici\u00f3n en Andaluc\u00eda"},"content":{"rendered":"<p>Hoy mi\u00e9rcoles d\u00eda 26 de febrero, a las 18 horas en el Centro C\u00edvico la Ranilla (antigua c\u00e1rcel de Sevilla, C\/Mariano Benlliure s\/n), se presentar\u00e1 el proyecto de investigaci\u00f3n<strong> \u201cLa represi\u00f3n de la disidencia sexual en Andaluc\u00eda durante el franquismo y la Transici\u00f3n\u201d<\/strong>, financiado por la Direcci\u00f3n General de Memoria Democr\u00e1tica de la Junta de Andaluc\u00eda y coordinado por los profesores de la Universidad Pablo de Olavide <strong>Mar\u00eda Marco<\/strong> y <strong>Rafael C\u00e1ceres<\/strong>, quienes presentar\u00e1n el acto y el estudio, respectivamente.<\/p>\n<p>El acto de presentaci\u00f3n es el punto de arranque de esta investigaci\u00f3n que pretende, por un lado, \u00a0recuperar la memoria hist\u00f3rica de mujeres y hombres que, por su disidencia sexual, sufrieron la represi\u00f3n pol\u00edtica y social durante el franquismo y la Transici\u00f3n y, por otro, cubrir una importante laguna en las investigaciones sobre la represi\u00f3n pol\u00edtica y los mecanismos de respuesta y resistencia de personas y grupos implicados.<\/p>\n<p>Adem\u00e1s de Mar\u00eda Marco y Rafael C\u00e1ceres, en la presentaci\u00f3n intervendr\u00e1n Antonio Guti\u00e9rrez Dorado, vicepresidente de la Asociaci\u00f3n de Expresos Sociales, quien se centrar\u00e1 en el tema de la represi\u00f3n de los homosexuales durante el franquismo y la creaci\u00f3n de la Asociaci\u00f3n de Ex Presos Sociales, y Jos\u00e9 Antonio Campillo, presidente de la Asociaci\u00f3n Adriano Ant\u00ednoo, quien abordar\u00e1 la evoluci\u00f3n de la represi\u00f3n durante la Transici\u00f3n.<\/p>\n<p>Para finalizar se desarrollar\u00e1 un debate con el objeto de incorporar todas las aportaciones y sugerencias de los participantes e incorporar testimonios, propuestas y distintos puntos de vista sobre el tema, dando voz al mayor n\u00famero de personas posible.<\/p>\n<p>El equipo de trabajo est\u00e1 integrado por investigadores del \u00e1mbito de la Psicolog\u00eda, la Antropolog\u00eda, el Trabajo Social y la Sociolog\u00eda de las universidades Pablo de Olavide, Sevilla y Barcelona, as\u00ed como por activistas de grupos memorialistas.<\/p>\n","protected":false},"excerpt":{"rendered":"<p>Hoy mi\u00e9rcoles d\u00eda 26 de febrero, a las 18 horas en el Centro C\u00edvico la Ranilla (antigua c\u00e1rcel de Sevilla, C\/Mariano Benlliure s\/n), se presentar\u00e1 el proyecto de investigaci\u00f3n \u201cLa represi\u00f3n de la disidencia sexual en Andaluc\u00eda durante el franquismo y la Transici\u00f3n\u201d, financiado por la Direcci\u00f3n General de Memoria Democr\u00e1tica de la Junta de Andaluc\u00eda y coordinado por los profesores de la Universidad Pablo de Olavide Mar\u00eda Marco y Rafael C\u00e1ceres, quienes presentar\u00e1n el acto y el estudio, respectivamente. <\/p>\n","protected":false},"author":6,"featured_media":0,"comment_status":"closed","ping_status":"open","sticky":false,"template":"","format":"standard","meta":{"_monsterinsights_skip_tracking":false,"_monsterinsights_sitenote_active":false,"_monsterinsights_sitenote_note":"","_monsterinsights_sitenote_category":0,"footnotes":""},"categories":[6],"tags":[190,1106,919,336,56,76,208],"class_list":["post-2961922","post","type-post","status-publish","format-standard","hentry","category-institucional","tag-andalucia","tag-derecho-y-sexualidad","tag-dictaduras","tag-genero","tag-investigacion","tag-politica","tag-sexualidad"],"_links":{"self":[{"href":"https:\/\/www.upo.es\/diario\/wp-json\/wp\/v2\/posts\/2961922","targetHints":{"allow":["GET"]}}],"collection":[{"href":"https:\/\/www.upo.es\/diario\/wp-json\/wp\/v2\/posts"}],"about":[{"href":"https:\/\/www.upo.es\/diario\/wp-json\/wp\/v2\/types\/post"}],"author":[{"embeddable":true,"href":"https:\/\/www.upo.es\/diario\/wp-json\/wp\/v2\/users\/6"}],"replies":[{"embeddable":true,"href":"https:\/\/www.upo.es\/diario\/wp-json\/wp\/v2\/comments?post=2961922"}],"version-history":[{"count":4,"href":"https:\/\/www.upo.es\/diario\/wp-json\/wp\/v2\/posts\/2961922\/revisions"}],"predecessor-version":[{"id":2961924,"href":"https:\/\/www.upo.es\/diario\/wp-json\/wp\/v2\/posts\/2961922\/revisions\/2961924"}],"wp:attachment":[{"href":"https:\/\/www.upo.es\/diario\/wp-json\/wp\/v2\/media?parent=2961922"}],"wp:term":[{"taxonomy":"category","embeddable":true,"href":"https:\/\/www.upo.es\/diario\/wp-json\/wp\/v2\/categories?post=2961922"},{"taxonomy":"post_tag","embeddable":true,"href":"https:\/\/www.upo.es\/diario\/wp-json\/wp\/v2\/tags?post=2961922"}],"curies":[{"name":"wp","href":"https:\/\/api.w.org\/{rel}","templated":true}]}}