{"id":29639653,"date":"2018-12-20T09:57:37","date_gmt":"2018-12-20T09:57:37","guid":{"rendered":"https:\/\/www.upo.es\/diario\/?p=29639653"},"modified":"2018-12-20T10:00:27","modified_gmt":"2018-12-20T10:00:27","slug":"acto-de-homenaje-a-luis-bobadilla","status":"publish","type":"post","link":"https:\/\/www.upo.es\/diario\/institucional\/2018\/12\/acto-de-homenaje-a-luis-bobadilla\/","title":{"rendered":"Acto de homenaje a Luis Bobadilla"},"content":{"rendered":"<figure id=\"attachment_29639794\" aria-describedby=\"caption-attachment-29639794\" style=\"width: 600px\" class=\"wp-caption aligncenter\"><a href=\"https:\/\/www.upo.es\/diario\/wp-content\/uploads\/2018\/12\/homenaje_luisbobadilla1.jpg\"><img loading=\"lazy\" decoding=\"async\" class=\"size-large wp-image-29639794\" alt=\"Foto de familia del homenaje organizado por sus compa\u00f1eros. \" src=\"https:\/\/www.upo.es\/diario\/wp-content\/uploads\/2018\/12\/homenaje_luisbobadilla1-600x450.jpg\" width=\"600\" height=\"450\" srcset=\"https:\/\/www.upo.es\/diario\/wp-content\/uploads\/2018\/12\/homenaje_luisbobadilla1-600x450.jpg 600w, https:\/\/www.upo.es\/diario\/wp-content\/uploads\/2018\/12\/homenaje_luisbobadilla1-320x240.jpg 320w, https:\/\/www.upo.es\/diario\/wp-content\/uploads\/2018\/12\/homenaje_luisbobadilla1.jpg 1600w\" sizes=\"auto, (max-width: 600px) 100vw, 600px\" \/><\/a><figcaption id=\"caption-attachment-29639794\" class=\"wp-caption-text\">Foto de familia del homenaje organizado por sus compa\u00f1eros y compa\u00f1eras.<\/figcaption><\/figure>\n<p>Compa\u00f1eros y compa\u00f1eras de la Universidad Pablo de Olavide han rendido un emotivo <strong>homenaje con motivo de su jubilaci\u00f3n a Luis Bobadilla<\/strong>, ayudante de servicio de esta universidad desde hace m\u00e1s de 15 a\u00f1os.<\/p>\n<p>M\u00e1s de 70 personas quisieron participar en este acto en el que el homenajeado recalc\u00f3 en su discurso el alto grado de compromiso con la instituci\u00f3n. Por su parte, la vicerrectora de Relaciones Institucionales y Comunicaci\u00f3n Pilar Rodr\u00edguez Reina subray\u00f3 \u201cel buen hacer, la generosidad, honestidad, profesionalidad y compa\u00f1erismo de Luis en todos estos a\u00f1os en los que ha venido prestando servicios en la UPO\u201d. Igualmente, la vicerrectora le agradeci\u00f3 p\u00fablicamente su labor encomiable y dijo de \u00e9l que \u201cser\u00e1 siempre el mejor embajador de la Universidad Pablo de Olavide donde quiera que vaya\u201d.<\/p>\n<figure id=\"attachment_29640276\" aria-describedby=\"caption-attachment-29640276\" style=\"width: 320px\" class=\"wp-caption alignright\"><a href=\"https:\/\/www.upo.es\/diario\/wp-content\/uploads\/2018\/12\/Derecho_LuisBobadilla_20181219_3.jpg\"><img loading=\"lazy\" decoding=\"async\" class=\"size-medium wp-image-29640276\" alt=\"Foto de familia del homenaje organizado por los profesores y profesoras de Derecho. \" src=\"https:\/\/www.upo.es\/diario\/wp-content\/uploads\/2018\/12\/Derecho_LuisBobadilla_20181219_3-320x213.jpg\" width=\"320\" height=\"213\" srcset=\"https:\/\/www.upo.es\/diario\/wp-content\/uploads\/2018\/12\/Derecho_LuisBobadilla_20181219_3-320x213.jpg 320w, https:\/\/www.upo.es\/diario\/wp-content\/uploads\/2018\/12\/Derecho_LuisBobadilla_20181219_3-600x399.jpg 600w\" sizes=\"auto, (max-width: 320px) 100vw, 320px\" \/><\/a><figcaption id=\"caption-attachment-29640276\" class=\"wp-caption-text\">Foto de familia del homenaje organizado por los profesores y profesoras de Derecho.<\/figcaption><\/figure>\n<p>Por otro lado, los profesores de los departamentos de Derecho privado y Derecho p\u00fablico tambi\u00e9n quisieron rendir homenaje a Luis Bobadilla por todos los a\u00f1os que ha estado destinado en el edificio 6 de la UPO, donde se ubican los despachos de estos departamentos.<\/p>\n","protected":false},"excerpt":{"rendered":"<p>Compa\u00f1eros y compa\u00f1eras de la Universidad Pablo de Olavide han rendido un emotivo homenaje con motivo de su jubilaci\u00f3n a Luis Bobadilla, ayudante de servicio de esta universidad desde hace m\u00e1s de 15 a\u00f1os.<\/p>\n","protected":false},"author":2,"featured_media":0,"comment_status":"closed","ping_status":"open","sticky":false,"template":"","format":"standard","meta":{"_monsterinsights_skip_tracking":false,"_monsterinsights_sitenote_active":false,"_monsterinsights_sitenote_note":"","_monsterinsights_sitenote_category":0,"footnotes":""},"categories":[6],"tags":[5722,308],"class_list":["post-29639653","post","type-post","status-publish","format-standard","hentry","category-institucional","tag-celebracion","tag-homenaje"],"_links":{"self":[{"href":"https:\/\/www.upo.es\/diario\/wp-json\/wp\/v2\/posts\/29639653","targetHints":{"allow":["GET"]}}],"collection":[{"href":"https:\/\/www.upo.es\/diario\/wp-json\/wp\/v2\/posts"}],"about":[{"href":"https:\/\/www.upo.es\/diario\/wp-json\/wp\/v2\/types\/post"}],"author":[{"embeddable":true,"href":"https:\/\/www.upo.es\/diario\/wp-json\/wp\/v2\/users\/2"}],"replies":[{"embeddable":true,"href":"https:\/\/www.upo.es\/diario\/wp-json\/wp\/v2\/comments?post=29639653"}],"version-history":[{"count":4,"href":"https:\/\/www.upo.es\/diario\/wp-json\/wp\/v2\/posts\/29639653\/revisions"}],"predecessor-version":[{"id":29640278,"href":"https:\/\/www.upo.es\/diario\/wp-json\/wp\/v2\/posts\/29639653\/revisions\/29640278"}],"wp:attachment":[{"href":"https:\/\/www.upo.es\/diario\/wp-json\/wp\/v2\/media?parent=29639653"}],"wp:term":[{"taxonomy":"category","embeddable":true,"href":"https:\/\/www.upo.es\/diario\/wp-json\/wp\/v2\/categories?post=29639653"},{"taxonomy":"post_tag","embeddable":true,"href":"https:\/\/www.upo.es\/diario\/wp-json\/wp\/v2\/tags?post=29639653"}],"curies":[{"name":"wp","href":"https:\/\/api.w.org\/{rel}","templated":true}]}}