{"id":29642172,"date":"2018-12-21T03:33:01","date_gmt":"2018-12-21T03:33:01","guid":{"rendered":"https:\/\/www.upo.es\/diario\/?p=29642172"},"modified":"2018-12-21T08:19:49","modified_gmt":"2018-12-21T08:19:49","slug":"concierto-de-navidad-del-coro-de-la-universidad-pablo-de-olavide-en-la-iglesia-de-san-esteban","status":"publish","type":"post","link":"https:\/\/www.upo.es\/diario\/cultura\/2018\/12\/concierto-de-navidad-del-coro-de-la-universidad-pablo-de-olavide-en-la-iglesia-de-san-esteban\/","title":{"rendered":"Concierto de Navidad del Coro de la Universidad Pablo de Olavide en la Iglesia de San Esteban"},"content":{"rendered":"<p><img loading=\"lazy\" decoding=\"async\" class=\"alignright size-medium wp-image-29610603\" alt=\"cartel-coro-navidad-upo-300\" src=\"https:\/\/www.upo.es\/diario\/wp-content\/uploads\/2018\/12\/cartel-coro-navidad-upo-300-192x320.jpg\" width=\"192\" height=\"320\" srcset=\"https:\/\/www.upo.es\/diario\/wp-content\/uploads\/2018\/12\/cartel-coro-navidad-upo-300-192x320.jpg 192w, https:\/\/www.upo.es\/diario\/wp-content\/uploads\/2018\/12\/cartel-coro-navidad-upo-300.jpg 300w\" sizes=\"auto, (max-width: 192px) 100vw, 192px\" \/>Hoy\u00a0<strong>viernes 21 de diciembre, a las 21.00 horas en la Iglesia de San Esteban de Sevilla<\/strong> (Calle \u00c1guilas), el Coro de la Universidad Pablo de Olavide ofrecer\u00e1 un <strong>concierto de Navidad en el que interpretar\u00e1 <i>Gloria<\/i> de A. Vivaldi y una selecci\u00f3n de <i>El Mes\u00edas<\/i> de G.F. H\u00e4ndel<\/strong>. <strong>La entrada es libre hasta completar aforo<\/strong>.<\/p>\n<p>El coro de la UPO acompa\u00f1ado por un ensamble barroco, y bajo la direcci\u00f3n musical de Jorge Rodr\u00edguez Morata y la direcci\u00f3n art\u00edstica de Miguel Rodr\u00edguez Rodr\u00edguez, contar\u00e1 tambi\u00e9n con la participaci\u00f3n del organista Chano Robles, las sopranos Mar\u00eda Jes\u00fas Pacheco y Paloma Espi y el contratenor Miguel \u00c1ngel Hern\u00e1ndez.<\/p>\n<p>Se presenta un concierto con una primera parte en la que se interpretar\u00e1 completo el <b><i>Gloria<\/i><\/b>de A. Vivaldi (RV 589). Una obra hermosa donde se alternan momentos de coro con partes para solista. Se trata de una de las piezas barrocas m\u00e1s conocidas y representativas de este periodo. En la segunda parte se interpretar\u00e1 una selecci\u00f3n de otra pieza clave del periodo barroco: <b><i>El<\/i><\/b><i> <b>Mes\u00edas<\/b><\/i> de G.F. H\u00e4ndel (HWV 56). Este oratorio, aunque tradicionalmente asociado con la Navidad, trata no solo del nacimiento de Jes\u00fas de Nazaret, sino de toda su vida.<\/p>\n<p>El Coro de la Universidad Pablo de Olavide de Sevilla, que forma parte del Programa Artes y Formaci\u00f3n del Servicio de Extensi\u00f3n Cultural, impulsado por el Vicerrectorado de Cultura y Compromiso Social, est\u00e1 constituido como Asociaci\u00f3n Cultural sin \u00e1nimo de lucro desde el curso 2008\/2009. El Coro de la UPO tiene como objetivo llevar a cabo un trabajo de formaci\u00f3n e interpretaci\u00f3n del repertorio coral occidental desde la \u00e9poca medieval hasta la actualidad y contribuir a la divulgaci\u00f3n de este legado musical.<\/p>\n<p><b>Programa<\/b><b>:<\/b><\/p>\n<p>Primera parte: <b>Gloria<\/b> (RV 589)<\/p>\n<ol start=\"1\">\n<li>Gloria (Coro)<\/li>\n<li>Et in terra pax (Coro)<\/li>\n<li>Laudamus te (Sopranos I and II)<\/li>\n<li>Gratias agimus tibi (Coro)<\/li>\n<li>Propter magnam gloriam (Coro)<\/li>\n<li>Domine Deus (Soprano)<\/li>\n<li>Domine, Fili unigenite (Coro)<\/li>\n<li>Domine Deus, Agnus Dei (Contralto y Coro)<\/li>\n<li>Qui tollis peccata mundi (Coro)<\/li>\n<li>Qui sedes ad dexteram Patris (Contralto)<\/li>\n<li>Quoniam tu solus sanctus (Coro)<\/li>\n<li>Cum Sancto Spiritu (Coro)<\/li>\n<\/ol>\n<p>Segunda parte: <b>Messiah<\/b> (HWM 56)<\/p>\n<p>(selecci\u00f3n)<\/p>\n<ul>\n<li>And the glory of the Lord (Coro)<\/li>\n<li>And he shall purify (Coro)<\/li>\n<li>For unto us the child is born (Coro)<\/li>\n<li>Rejoice greately (Soprano)<\/li>\n<li>Allelujah (Coro)<\/li>\n<\/ul>\n<p><b>\u00a0<\/b><\/p>\n","protected":false},"excerpt":{"rendered":"<p>Hoy viernes 21 de diciembre, a las 21.00 horas en la Iglesia de San Esteban de Sevilla (Calle \u00c1guilas), el Coro de la Universidad Pablo de Olavide ofrecer\u00e1 un concierto de Navidad en el que interpretar\u00e1 Gloria de A. Vivaldi y una selecci\u00f3n de El Mes\u00edas de G.F. H\u00e4ndel. La entrada es libre hasta completar aforo.<\/p>\n","protected":false},"author":6,"featured_media":0,"comment_status":"closed","ping_status":"open","sticky":false,"template":"","format":"standard","meta":{"_monsterinsights_skip_tracking":false,"_monsterinsights_sitenote_active":false,"_monsterinsights_sitenote_note":"","_monsterinsights_sitenote_category":0,"footnotes":""},"categories":[7],"tags":[2279,403,71,75,109,161],"class_list":["post-29642172","post","type-post","status-publish","format-standard","hentry","category-cultura","tag-barroco","tag-concierto","tag-coro","tag-extension-cultural","tag-navidad","tag-sevilla"],"_links":{"self":[{"href":"https:\/\/www.upo.es\/diario\/wp-json\/wp\/v2\/posts\/29642172","targetHints":{"allow":["GET"]}}],"collection":[{"href":"https:\/\/www.upo.es\/diario\/wp-json\/wp\/v2\/posts"}],"about":[{"href":"https:\/\/www.upo.es\/diario\/wp-json\/wp\/v2\/types\/post"}],"author":[{"embeddable":true,"href":"https:\/\/www.upo.es\/diario\/wp-json\/wp\/v2\/users\/6"}],"replies":[{"embeddable":true,"href":"https:\/\/www.upo.es\/diario\/wp-json\/wp\/v2\/comments?post=29642172"}],"version-history":[{"count":2,"href":"https:\/\/www.upo.es\/diario\/wp-json\/wp\/v2\/posts\/29642172\/revisions"}],"predecessor-version":[{"id":29654527,"href":"https:\/\/www.upo.es\/diario\/wp-json\/wp\/v2\/posts\/29642172\/revisions\/29654527"}],"wp:attachment":[{"href":"https:\/\/www.upo.es\/diario\/wp-json\/wp\/v2\/media?parent=29642172"}],"wp:term":[{"taxonomy":"category","embeddable":true,"href":"https:\/\/www.upo.es\/diario\/wp-json\/wp\/v2\/categories?post=29642172"},{"taxonomy":"post_tag","embeddable":true,"href":"https:\/\/www.upo.es\/diario\/wp-json\/wp\/v2\/tags?post=29642172"}],"curies":[{"name":"wp","href":"https:\/\/api.w.org\/{rel}","templated":true}]}}