{"id":2971989,"date":"2014-02-26T00:19:02","date_gmt":"2014-02-26T00:19:02","guid":{"rendered":"https:\/\/www.upo.es\/diario\/?p=2971989"},"modified":"2014-02-26T14:22:12","modified_gmt":"2014-02-26T14:22:12","slug":"cristina-joanaz-de-melo-y-david-soto-en-la-cuarta-sesion-del-ciclo-de-conferencias-sobre-investigacion-historica","status":"publish","type":"post","link":"https:\/\/www.upo.es\/diario\/institucional\/2014\/02\/cristina-joanaz-de-melo-y-david-soto-en-la-cuarta-sesion-del-ciclo-de-conferencias-sobre-investigacion-historica\/","title":{"rendered":"Cristina Joanaz de Melo y David Soto en la cuarta sesi\u00f3n del ciclo de conferencias sobre investigaci\u00f3n hist\u00f3rica"},"content":{"rendered":"<figure id=\"attachment_2564507\" aria-describedby=\"caption-attachment-2564507\" style=\"width: 320px\" class=\"wp-caption alignright\"><a href=\"https:\/\/www.upo.es\/diario\/wp-content\/uploads\/2014\/01\/Cartel9Ciclo2014_inv_historica.jpg\"><img loading=\"lazy\" decoding=\"async\" class=\"size-medium wp-image-2564507\" alt=\"La IX edici\u00f3n del Ciclo Internacional de Conferencias \u2018M\u00e9todos, Teor\u00edas y Nuevas L\u00edneas de Investigaci\u00f3n Hist\u00f3rica\u2019 (cartel)\" src=\"https:\/\/www.upo.es\/diario\/wp-content\/uploads\/2014\/01\/Cartel9Ciclo2014_inv_historica-320x213.jpg\" width=\"320\" height=\"213\" srcset=\"https:\/\/www.upo.es\/diario\/wp-content\/uploads\/2014\/01\/Cartel9Ciclo2014_inv_historica-320x213.jpg 320w, https:\/\/www.upo.es\/diario\/wp-content\/uploads\/2014\/01\/Cartel9Ciclo2014_inv_historica-1024x682.jpg 1024w, https:\/\/www.upo.es\/diario\/wp-content\/uploads\/2014\/01\/Cartel9Ciclo2014_inv_historica-600x400.jpg 600w\" sizes=\"auto, (max-width: 320px) 100vw, 320px\" \/><\/a><figcaption id=\"caption-attachment-2564507\" class=\"wp-caption-text\">El ciclo consta de quince conferencias programadas hasta el 11 de abril<\/figcaption><\/figure>\n<p>Ma\u00f1ana <b>jueves 27 de febrero, a las 16 horas en la sala Calder\u00f3n Quijano de la Escuela de Estudios Hispano-Americanos<\/b> (C\/ Alfonso XII, 16), Cristina Joanaz de Melo, de la Universidad Nova de Lisboa, y David Soto Fern\u00e1ndez, de la Universidad Pablo de Olavide, intervendr\u00e1n en la cuarta sesi\u00f3n del IX Ciclo Internacional de Conferencias \u2018M\u00e9todos, Teor\u00edas y Nuevas L\u00edneas de Investigaci\u00f3n Hist\u00f3rica\u2019.<\/p>\n<p><b>\u2018<em>Rotas vis\u00edveis de recursos naturais: Eucalipto, do ex\u00f3tico \u00e0 economia de escala<\/em>\u2019<\/b> y <b>\u2018Conflictos ambientales por los comunales en la Galicia contempor\u00e1nea\u2019<\/b> ser\u00e1n los temas abordados en esta doble cita que contar\u00e1 con Bethany Aram, profesora de Historia Moderna de la Universidad Pablo de Olavide, como moderadora.<\/p>\n<p>El Ciclo \u2018M\u00e9todos, Teor\u00edas y Nuevas L\u00edneas de Investigaci\u00f3n Hist\u00f3rica\u2019 tiene programadas quince conferencias hasta el 11 de abril, que tendr\u00e1n lugar tanto en la Universidad Pablo de Olavide como en la Escuela de Estudios Hispano-Americanos (CSIC). El ciclo est\u00e1 organizado por el \u00c1rea de Historia Moderna de la UPO con el objetivo de exponer las\u00a0 nuevas teor\u00edas e investigaciones sobre este per\u00edodo que se llevan a cabo en universidades de Europa y Am\u00e9rica.<\/p>\n<p>M\u00e1s informaci\u00f3n y programa completo en: <a href=\"http:\/\/www.upo.es\/historia_moderna\">www.upo.es\/historia_moderna<\/a><\/p>\n","protected":false},"excerpt":{"rendered":"<p>Ma\u00f1ana jueves 27 de febrero, a las 16 horas en la sala Calder\u00f3n Quijano de la Escuela de Estudios Hispano-Americanos (C\/ Alfonso XII, 16), Cristina Joanaz de Melo, de la Universidad Nova de Lisboa, y David Soto Fern\u00e1ndez, de la Universidad Pablo de Olavide, intervendr\u00e1n en la cuarta sesi\u00f3n del IX Ciclo Internacional de Conferencias \u2018M\u00e9todos, Teor\u00edas y Nuevas L\u00edneas de Investigaci\u00f3n Hist\u00f3rica\u2019.<\/p>\n","protected":false},"author":6,"featured_media":0,"comment_status":"closed","ping_status":"open","sticky":false,"template":"","format":"standard","meta":{"_monsterinsights_skip_tracking":false,"_monsterinsights_sitenote_active":false,"_monsterinsights_sitenote_note":"","_monsterinsights_sitenote_category":0,"footnotes":""},"categories":[6],"tags":[1110,544,1037,150,56,734],"class_list":["post-2971989","post","type-post","status-publish","format-standard","hentry","category-institucional","tag-ciclo-de-conferencias","tag-conferencias","tag-escuela-de-estudios-hispano-americanos","tag-historia","tag-investigacion","tag-investigadores"],"_links":{"self":[{"href":"https:\/\/www.upo.es\/diario\/wp-json\/wp\/v2\/posts\/2971989","targetHints":{"allow":["GET"]}}],"collection":[{"href":"https:\/\/www.upo.es\/diario\/wp-json\/wp\/v2\/posts"}],"about":[{"href":"https:\/\/www.upo.es\/diario\/wp-json\/wp\/v2\/types\/post"}],"author":[{"embeddable":true,"href":"https:\/\/www.upo.es\/diario\/wp-json\/wp\/v2\/users\/6"}],"replies":[{"embeddable":true,"href":"https:\/\/www.upo.es\/diario\/wp-json\/wp\/v2\/comments?post=2971989"}],"version-history":[{"count":2,"href":"https:\/\/www.upo.es\/diario\/wp-json\/wp\/v2\/posts\/2971989\/revisions"}],"predecessor-version":[{"id":2971991,"href":"https:\/\/www.upo.es\/diario\/wp-json\/wp\/v2\/posts\/2971989\/revisions\/2971991"}],"wp:attachment":[{"href":"https:\/\/www.upo.es\/diario\/wp-json\/wp\/v2\/media?parent=2971989"}],"wp:term":[{"taxonomy":"category","embeddable":true,"href":"https:\/\/www.upo.es\/diario\/wp-json\/wp\/v2\/categories?post=2971989"},{"taxonomy":"post_tag","embeddable":true,"href":"https:\/\/www.upo.es\/diario\/wp-json\/wp\/v2\/tags?post=2971989"}],"curies":[{"name":"wp","href":"https:\/\/api.w.org\/{rel}","templated":true}]}}