{"id":2982584,"date":"2014-02-27T13:41:26","date_gmt":"2014-02-27T13:41:26","guid":{"rendered":"https:\/\/www.upo.es\/diario\/?p=2982584"},"modified":"2014-02-27T13:41:26","modified_gmt":"2014-02-27T13:41:26","slug":"sobresaliente-cum-laude-para-la-tesis-estudio-neurofisiologico-y-comportamental-del-efecto-de-la-hipoxia-hipobarica-sobre-el-rendimiento-cognitivo-submaximo-en-ratones-y-su-implicacion-en-el","status":"publish","type":"post","link":"https:\/\/www.upo.es\/diario\/tesis\/2014\/02\/sobresaliente-cum-laude-para-la-tesis-estudio-neurofisiologico-y-comportamental-del-efecto-de-la-hipoxia-hipobarica-sobre-el-rendimiento-cognitivo-submaximo-en-ratones-y-su-implicacion-en-el\/","title":{"rendered":"Sobresaliente Cum Laude para la tesis \u201cEstudio neurofisiol\u00f3gico y comportamental del efecto de la hipoxia hipob\u00e1rica sobre el rendimiento cognitivo subm\u00e1ximo en ratones y su implicaci\u00f3n en el balance del sistema colin\u00e9rgico\u201d"},"content":{"rendered":"<p>Hoy viernes ha tenido lugar en la sala de grados del edificio 6, la defensa p\u00fablica de la tesis doctoral titulada \u201cEstudio neurofisiol\u00f3gico y comportamental del efecto de la hipoxia hipob\u00e1rica sobre el rendimiento cognitivo subm\u00e1ximo en ratones y su implicaci\u00f3n en el balance del sistema colin\u00e9rgico\u201d, de la que es autor Rafael Guerra Narbona. Esta tesis, dirigida por los profesores Juan Carlos L\u00f3pez Ramos y Jos\u00e9 Mar\u00eda Delgado Garc\u00eda, de la Universidad Pablo de Olavide, ha obtenido la calificaci\u00f3n de Sobresaliente Cum Laude.<\/p>\n","protected":false},"excerpt":{"rendered":"<p>Hoy viernes ha tenido lugar en la sala de grados del edificio 6, la defensa p\u00fablica de la tesis doctoral titulada \u201cEstudio neurofisiol\u00f3gico y comportamental del efecto de la hipoxia hipob\u00e1rica sobre el rendimiento cognitivo subm\u00e1ximo en ratones y su implicaci\u00f3n en el balance del sistema colin\u00e9rgico\u201d, de la que es autor Rafael Guerra Narbona. Esta tesis, dirigida por los profesores Juan Carlos L\u00f3pez Ramos y Jos\u00e9 Mar\u00eda Delgado Garc\u00eda, de la Universidad Pablo de Olavide, ha obtenido la calificaci\u00f3n de Sobresaliente Cum Laude.<\/p>\n","protected":false},"author":5,"featured_media":0,"comment_status":"closed","ping_status":"open","sticky":false,"template":"","format":"standard","meta":{"_monsterinsights_skip_tracking":false,"_monsterinsights_sitenote_active":false,"_monsterinsights_sitenote_note":"","_monsterinsights_sitenote_category":0,"footnotes":""},"categories":[119],"tags":[114],"class_list":["post-2982584","post","type-post","status-publish","format-standard","hentry","category-tesis","tag-neurociencia"],"_links":{"self":[{"href":"https:\/\/www.upo.es\/diario\/wp-json\/wp\/v2\/posts\/2982584","targetHints":{"allow":["GET"]}}],"collection":[{"href":"https:\/\/www.upo.es\/diario\/wp-json\/wp\/v2\/posts"}],"about":[{"href":"https:\/\/www.upo.es\/diario\/wp-json\/wp\/v2\/types\/post"}],"author":[{"embeddable":true,"href":"https:\/\/www.upo.es\/diario\/wp-json\/wp\/v2\/users\/5"}],"replies":[{"embeddable":true,"href":"https:\/\/www.upo.es\/diario\/wp-json\/wp\/v2\/comments?post=2982584"}],"version-history":[{"count":1,"href":"https:\/\/www.upo.es\/diario\/wp-json\/wp\/v2\/posts\/2982584\/revisions"}],"predecessor-version":[{"id":2982585,"href":"https:\/\/www.upo.es\/diario\/wp-json\/wp\/v2\/posts\/2982584\/revisions\/2982585"}],"wp:attachment":[{"href":"https:\/\/www.upo.es\/diario\/wp-json\/wp\/v2\/media?parent=2982584"}],"wp:term":[{"taxonomy":"category","embeddable":true,"href":"https:\/\/www.upo.es\/diario\/wp-json\/wp\/v2\/categories?post=2982584"},{"taxonomy":"post_tag","embeddable":true,"href":"https:\/\/www.upo.es\/diario\/wp-json\/wp\/v2\/tags?post=2982584"}],"curies":[{"name":"wp","href":"https:\/\/api.w.org\/{rel}","templated":true}]}}