{"id":29929634,"date":"2019-01-08T02:52:15","date_gmt":"2019-01-08T02:52:15","guid":{"rendered":"https:\/\/www.upo.es\/diario\/?p=29929634"},"modified":"2019-01-09T13:35:47","modified_gmt":"2019-01-09T13:35:47","slug":"oscar-castillo-reclama-la-refundacion-del-estado-en-nicaragua-para-conseguir-justicia-y-democracia","status":"publish","type":"post","link":"https:\/\/www.upo.es\/diario\/institucional\/2019\/01\/oscar-castillo-reclama-la-refundacion-del-estado-en-nicaragua-para-conseguir-justicia-y-democracia\/","title":{"rendered":"\u00d3scar Castillo reclama la refundaci\u00f3n del estado en Nicaragua para conseguir justicia y democracia"},"content":{"rendered":"<figure id=\"attachment_29930258\" aria-describedby=\"caption-attachment-29930258\" style=\"width: 600px\" class=\"wp-caption aligncenter\"><a href=\"https:\/\/www.upo.es\/diario\/wp-content\/uploads\/2019\/01\/OscarCastillo-Nicaragua_2019_01_08_34.jpg\"><img loading=\"lazy\" decoding=\"async\" class=\"size-large wp-image-29930258\" alt=\"\u00d3scar Castillo, Vicente Guzm\u00e1n y Mariano Reyes en la Biblioteca de la UPO\" src=\"https:\/\/www.upo.es\/diario\/wp-content\/uploads\/2019\/01\/OscarCastillo-Nicaragua_2019_01_08_34-600x337.jpg\" width=\"600\" height=\"337\" srcset=\"https:\/\/www.upo.es\/diario\/wp-content\/uploads\/2019\/01\/OscarCastillo-Nicaragua_2019_01_08_34-600x337.jpg 600w, https:\/\/www.upo.es\/diario\/wp-content\/uploads\/2019\/01\/OscarCastillo-Nicaragua_2019_01_08_34-320x180.jpg 320w\" sizes=\"auto, (max-width: 600px) 100vw, 600px\" \/><\/a><figcaption id=\"caption-attachment-29930258\" class=\"wp-caption-text\">\u00d3scar Castillo, Vicente Guzm\u00e1n y Mariano Reyes en la Biblioteca de la UPO<\/figcaption><\/figure>\n<p><b>\u2018Nicaragua en la crisis de abril: hacia una refundaci\u00f3n del estado\u2019<\/b> <b>es el t\u00edtulo de la conferencia que el doctor \u00d3scar Castillo Guido ha pronunciado hoy en la Biblioteca de la Universidad Pablo de Olavide<\/b>. Quien fuera decano de la de la Escuela de Ciencias Jur\u00eddicas y Pol\u00edticas de la Universidad Polit\u00e9cnica de Nicaragua es en la actualidad Asesor de la Alianza C\u00edvica por la Justicia y la Democracia en Nicaragua y se encuentra exiliado en M\u00e9xico. El Dr. Castillo ha sido presentado por el rector de la UPO, Vicente Guzm\u00e1n, y por el director general de Formaci\u00f3n e Innovaci\u00f3n Docente de la Universidad, Mariano Reyes.<\/p>\n<p><b>\u00d3scar Castillo<\/b>, que fue alumno de doctorado en la UPO, ha relatado en su conferencia la situaci\u00f3n que se vive en Nicaragua desde el 18 de abril de 2018, fecha en la que estudiantes, campesinos, jubilados, empresarios y antiguos participantes de la revoluci\u00f3n sandinista que expuls\u00f3 a Somoza salieron a la calle para protestar pac\u00edficamente contra la reforma de la seguridad social. Precisamente el jurista y analista pol\u00edtico centroamericano ha remarcado la paradoja de que Ortega est\u00e9 repitiendo en Nicaragua la historia que se vivi\u00f3 con el dictador derrocado en 1979. El pa\u00eds se encuentra controlado por una minor\u00eda que ha criminalizado las protestas de abril del a\u00f1o pasado, cuya represi\u00f3n ha causado m\u00e1s de 400 muertos y 1000 desaparecidos, denuncia el Dr. Castillo, mientras cierran peri\u00f3dicos y ONGs y ha sido declarado el estado de sitio para luchar contra un \u201cgolpe de estado blando\u201d como lo califica el presidente Daniel Ortega.<\/p>\n<p>En el coloquio que ha tenido lugar tras la conferencia, <b>Mariano Reyes<\/b> ha manifestado que \u201ces necesario que se conozca la verdad para llegar a la justicia\u201d, as\u00ed mismo el profesor de la UPO ha lamentado que los medios de comunicaci\u00f3n no informen de lo que est\u00e1 aconteciendo en Nicaragua. \u201cDebemos ser part\u00edcipes de la soluci\u00f3n y para ello hay que conocer el problema\u201d ha declarado el rector <b>Vicente Guzm\u00e1n<\/b> quien ha agradecido la presencia de \u00d3scar Castillo en el campus y ha a\u00f1adido que la Universidad Pablo de Olavide siempre mirar\u00e1 a Am\u00e9rica Latina y prestar\u00e1 sus aulas para contribuir a la democracia y la libertad.<\/p>\n","protected":false},"excerpt":{"rendered":"<p>\u2018Nicaragua en la crisis de abril: hacia una refundaci\u00f3n del estado\u2019 es el t\u00edtulo de la conferencia que el doctor \u00d3scar Castillo Guido ha pronunciado hoy en la Biblioteca de la Universidad Pablo de Olavide. Quien fuera decano de la de la Escuela de Ciencias Jur\u00eddicas y Pol\u00edticas de la Universidad Polit\u00e9cnica de Nicaragua es en la actualidad Asesor de la Alianza C\u00edvica por la Justicia y la Democracia en Nicaragua y se encuentra exiliado en M\u00e9xico. El Dr. Castillo ha sido presentado por el rector de la UPO, Vicente Guzm\u00e1n, y por el director general de Formaci\u00f3n e Innovaci\u00f3n Docente de la Universidad, Mariano Reyes.<\/p>\n","protected":false},"author":6,"featured_media":0,"comment_status":"closed","ping_status":"open","sticky":false,"template":"","format":"standard","meta":{"_monsterinsights_skip_tracking":false,"_monsterinsights_sitenote_active":false,"_monsterinsights_sitenote_note":"","_monsterinsights_sitenote_category":0,"footnotes":""},"categories":[6],"tags":[227,744,87,4235,613,2029,579,76,38,106],"class_list":["post-29929634","post","type-post","status-publish","format-standard","hentry","category-institucional","tag-conferencia","tag-democracia","tag-derecho","tag-derechos-y-libertades","tag-justicia","tag-mariano-reyes","tag-nicaragua","tag-politica","tag-rector","tag-vicente-c-guzman"],"_links":{"self":[{"href":"https:\/\/www.upo.es\/diario\/wp-json\/wp\/v2\/posts\/29929634","targetHints":{"allow":["GET"]}}],"collection":[{"href":"https:\/\/www.upo.es\/diario\/wp-json\/wp\/v2\/posts"}],"about":[{"href":"https:\/\/www.upo.es\/diario\/wp-json\/wp\/v2\/types\/post"}],"author":[{"embeddable":true,"href":"https:\/\/www.upo.es\/diario\/wp-json\/wp\/v2\/users\/6"}],"replies":[{"embeddable":true,"href":"https:\/\/www.upo.es\/diario\/wp-json\/wp\/v2\/comments?post=29929634"}],"version-history":[{"count":3,"href":"https:\/\/www.upo.es\/diario\/wp-json\/wp\/v2\/posts\/29929634\/revisions"}],"predecessor-version":[{"id":29945151,"href":"https:\/\/www.upo.es\/diario\/wp-json\/wp\/v2\/posts\/29929634\/revisions\/29945151"}],"wp:attachment":[{"href":"https:\/\/www.upo.es\/diario\/wp-json\/wp\/v2\/media?parent=29929634"}],"wp:term":[{"taxonomy":"category","embeddable":true,"href":"https:\/\/www.upo.es\/diario\/wp-json\/wp\/v2\/categories?post=29929634"},{"taxonomy":"post_tag","embeddable":true,"href":"https:\/\/www.upo.es\/diario\/wp-json\/wp\/v2\/tags?post=29929634"}],"curies":[{"name":"wp","href":"https:\/\/api.w.org\/{rel}","templated":true}]}}