{"id":29959014,"date":"2019-01-10T11:56:16","date_gmt":"2019-01-10T11:56:16","guid":{"rendered":"https:\/\/www.upo.es\/diario\/?p=29959014"},"modified":"2019-01-14T11:53:55","modified_gmt":"2019-01-14T11:53:55","slug":"la-profesora-de-la-upo-ma-victoria-perez-de-guzman-preside-la-sociedad-iberoamericana-de-pedagogia-social","status":"publish","type":"post","link":"https:\/\/www.upo.es\/diario\/institucional\/2019\/01\/la-profesora-de-la-upo-ma-victoria-perez-de-guzman-preside-la-sociedad-iberoamericana-de-pedagogia-social\/","title":{"rendered":"La profesora de la UPO M\u00aa Victoria P\u00e9rez de Guzm\u00e1n preside la Sociedad Iberoamericana de Pedagog\u00eda Social"},"content":{"rendered":"<figure id=\"attachment_29959596\" aria-describedby=\"caption-attachment-29959596\" style=\"width: 600px\" class=\"wp-caption aligncenter\"><a href=\"https:\/\/www.upo.es\/diario\/wp-content\/uploads\/2019\/01\/PerezdeGuzman_Victoria01.jpg\"><img loading=\"lazy\" decoding=\"async\" class=\"size-large wp-image-29959596\" alt=\"La profesora M\u00aa Victoria P\u00e9rez de Guzm\u00e1n.\" src=\"https:\/\/www.upo.es\/diario\/wp-content\/uploads\/2019\/01\/PerezdeGuzman_Victoria01-600x400.jpg\" width=\"600\" height=\"400\" srcset=\"https:\/\/www.upo.es\/diario\/wp-content\/uploads\/2019\/01\/PerezdeGuzman_Victoria01-600x400.jpg 600w, https:\/\/www.upo.es\/diario\/wp-content\/uploads\/2019\/01\/PerezdeGuzman_Victoria01-320x213.jpg 320w\" sizes=\"auto, (max-width: 600px) 100vw, 600px\" \/><\/a><figcaption id=\"caption-attachment-29959596\" class=\"wp-caption-text\">La profesora M\u00aa Victoria P\u00e9rez de Guzm\u00e1n.<\/figcaption><\/figure>\n<p>La profesora de la Universidad Pablo de Olavide <b>M\u00aa Victoria P\u00e9rez de Guzm\u00e1n Puya<\/b> ha sido nombrada <b>presidenta de la <a href=\"https:\/\/sips-es.blogspot.com\/\">Sociedad Iberoamericana de Pedagog\u00eda Social<\/a><\/b> (SIPS), sociedad cient\u00edfica cuyo objetivo es contribuir con sus sugerencias y recomendaciones a la mejora de la reflexi\u00f3n, investigaci\u00f3n y difusi\u00f3n de la pedagog\u00eda social y la educaci\u00f3n social a nivel nacional e internacional.<\/p>\n<p>En esta etapa liderada por la profesora de la UPOse pretende dar respuesta a las necesidades y expectativas de los asociados y asociadas, teniendo en cuenta tanto la pluralidad de pensamientos y de sensibilidades como de rasgos identitarios que enriquecen el d\u00eda a d\u00eda, dando fuerza y sentido a la sociedad. Para ello, cuentan con un amplio capital humano que posibilita seguir avanzando y hacer visibles a las personas que proceden de diversas \u00e1reas de conocimiento y que conforman esta red.<\/p>\n<p>La Sociedad Iberoamericana de Pedagog\u00eda Social promueve y forma parte de comit\u00e9s cient\u00edficos de congresos, tanto a nivel nacional como internacional. As\u00ed mismo pertenece a varias redes nacionales e internacionales como RETINDE (Red Transdisciplinar de Investigaci\u00f3n Educativa) y ACEB (Alianza Cient\u00edfico-Profesional Estado de Bienestar).<\/p>\n<p>La revista de car\u00e1cter cient\u00edfico \u2018<a href=\"https:\/\/recyt.fecyt.es\/index.php\/PSRI\/\">Pedagog\u00eda Social. Revista Interuniversitaria<\/a>\u2019 es el \u00f3rgano de expresi\u00f3n de la SIPS y cuenta con m\u00e1s de 30 a\u00f1os de existencia.<\/p>\n<p><b>M\u00aa Victoria P\u00e9rez de Guzm\u00e1n Puya<\/b> es doctora en Pedagog\u00eda y profesora titular de Pedagog\u00eda Social en el Departamento de Educaci\u00f3n y Psicolog\u00eda Social de la Universidad Pablo de Olavide. Sus l\u00edneas de investigaci\u00f3n se centran en el campo de la pedagog\u00eda social y la educaci\u00f3n social, en temas como la resoluci\u00f3n de conflictos, la animaci\u00f3n sociocultural y el desarrollo comunitario, familia y escuela, educaci\u00f3n de personas adultas y mayores y educaci\u00f3n y g\u00e9nero. Cuenta con m\u00e1s de medio centenar de publicaciones en revistas, libros y actas de congresos. Es miembro del <b>Grupo de Investigaci\u00f3n en Acci\u00f3n Socioeducativa <\/b>(GIAS) de la UPO.<\/p>\n<p>&nbsp;<\/p>\n<p><b>M\u00e1s informaci\u00f3n sobre la Sociedad Iberoamericana de Pedagog\u00eda Social:<\/b><\/p>\n<p>Web: <a href=\"https:\/\/sips-es.blogspot.com\/\">https:\/\/sips-es.blogspot.com\/<\/a><\/p>\n<p>Facebook: Sociedad Iberoamericana de Pedagog\u00eda Social<\/p>\n<p>Twiter: <a href=\"https:\/\/twitter.com\/PedagogiaSocial\">@PedagogiaSocial<\/a><\/p>\n<p align=\"center\"><b>\u00a0<\/b><\/p>\n","protected":false},"excerpt":{"rendered":"<p>La profesora de la Universidad Pablo de Olavide M\u00aa Victoria P\u00e9rez de Guzm\u00e1n Puya ha sido nombrada presidenta de la Sociedad Iberoamericana de Pedagog\u00eda Social (SIPS), sociedad cient\u00edfica cuyo objetivo es contribuir con sus sugerencias y recomendaciones a la mejora de la reflexi\u00f3n, investigaci\u00f3n y difusi\u00f3n de la pedagog\u00eda social y la educaci\u00f3n social a nivel nacional e internacional. <\/p>\n","protected":false},"author":2,"featured_media":0,"comment_status":"closed","ping_status":"open","sticky":false,"template":"","format":"standard","meta":{"_monsterinsights_skip_tracking":false,"_monsterinsights_sitenote_active":false,"_monsterinsights_sitenote_note":"","_monsterinsights_sitenote_category":0,"footnotes":""},"categories":[6],"tags":[628,159,5743,3162,5744],"class_list":["post-29959014","post","type-post","status-publish","format-standard","hentry","category-institucional","tag-educacion-social","tag-nombramiento","tag-pedagogia-social","tag-presidenta","tag-sociedad-iberoamericana-de-pedagogia-social"],"_links":{"self":[{"href":"https:\/\/www.upo.es\/diario\/wp-json\/wp\/v2\/posts\/29959014","targetHints":{"allow":["GET"]}}],"collection":[{"href":"https:\/\/www.upo.es\/diario\/wp-json\/wp\/v2\/posts"}],"about":[{"href":"https:\/\/www.upo.es\/diario\/wp-json\/wp\/v2\/types\/post"}],"author":[{"embeddable":true,"href":"https:\/\/www.upo.es\/diario\/wp-json\/wp\/v2\/users\/2"}],"replies":[{"embeddable":true,"href":"https:\/\/www.upo.es\/diario\/wp-json\/wp\/v2\/comments?post=29959014"}],"version-history":[{"count":4,"href":"https:\/\/www.upo.es\/diario\/wp-json\/wp\/v2\/posts\/29959014\/revisions"}],"predecessor-version":[{"id":29959599,"href":"https:\/\/www.upo.es\/diario\/wp-json\/wp\/v2\/posts\/29959014\/revisions\/29959599"}],"wp:attachment":[{"href":"https:\/\/www.upo.es\/diario\/wp-json\/wp\/v2\/media?parent=29959014"}],"wp:term":[{"taxonomy":"category","embeddable":true,"href":"https:\/\/www.upo.es\/diario\/wp-json\/wp\/v2\/categories?post=29959014"},{"taxonomy":"post_tag","embeddable":true,"href":"https:\/\/www.upo.es\/diario\/wp-json\/wp\/v2\/tags?post=29959014"}],"curies":[{"name":"wp","href":"https:\/\/api.w.org\/{rel}","templated":true}]}}