{"id":30036779,"date":"2019-01-16T08:20:51","date_gmt":"2019-01-16T08:20:51","guid":{"rendered":"https:\/\/www.upo.es\/diario\/?p=30036779"},"modified":"2019-01-16T09:29:28","modified_gmt":"2019-01-16T09:29:28","slug":"esta-tarde-comienza-el-seminario-problematizando-la-declaracion-universal-de-los-derechos-humanos-70o-aniversario","status":"publish","type":"post","link":"https:\/\/www.upo.es\/diario\/institucional\/2019\/01\/esta-tarde-comienza-el-seminario-problematizando-la-declaracion-universal-de-los-derechos-humanos-70o-aniversario\/","title":{"rendered":"Comienza el seminario \u2018Problematizando la Declaraci\u00f3n Universal de los Derechos Humanos. 70\u00ba aniversario\u2019"},"content":{"rendered":"<figure id=\"attachment_30051131\" aria-describedby=\"caption-attachment-30051131\" style=\"width: 320px\" class=\"wp-caption alignright\"><a href=\"https:\/\/www.upo.es\/diario\/wp-content\/uploads\/2019\/01\/s_DchosHnos.jpg\"><img loading=\"lazy\" decoding=\"async\" class=\"size-medium wp-image-30051131\" alt=\"Imagen de la inauguraci\u00f3n del seminario.\" src=\"https:\/\/www.upo.es\/diario\/wp-content\/uploads\/2019\/01\/s_DchosHnos-320x240.jpg\" width=\"320\" height=\"240\" srcset=\"https:\/\/www.upo.es\/diario\/wp-content\/uploads\/2019\/01\/s_DchosHnos-320x240.jpg 320w, https:\/\/www.upo.es\/diario\/wp-content\/uploads\/2019\/01\/s_DchosHnos-600x450.jpg 600w, https:\/\/www.upo.es\/diario\/wp-content\/uploads\/2019\/01\/s_DchosHnos.jpg 1024w\" sizes=\"auto, (max-width: 320px) 100vw, 320px\" \/><\/a><figcaption id=\"caption-attachment-30051131\" class=\"wp-caption-text\">Imagen de la inauguraci\u00f3n del seminario.<\/figcaption><\/figure>\n<p>Ayer dio comienzo en la Fundaci\u00f3n Tres Culturas del Mediterr\u00e1neo el <b>Seminario Internacional \u2018Problematizando la Declaraci\u00f3n Universal de los Derechos Humanos. 70\u00ba Aniversario \u00bfLa era del Humanismo est\u00e1 llegando a su fin?\u2019<\/b>, un encuentro que se celebra los d\u00edas 15, 16 y 17 de enero y que est\u00e1 organizado por el Instituto Joaqu\u00edn Herrera Flores, la C\u00e1tedra UNIA Derechos Humanos, Interculturalidad y Desarrollo, el M\u00e1ster en Derechos Humanos, Interculturalidad y Desarrollo &#8211; UNIA\/UPO y el Doctorado en Ciencias Jur\u00eddicas y Pol\u00edticas de la Universidad Pablo de Olavide.<\/p>\n<p>La inauguraci\u00f3n cont\u00f3 con las intervenciones de <b>Lina G\u00e1lvez Mu\u00f1oz<\/b>, consejera de Conocimiento, Investigaci\u00f3n y Universidad en funciones; <b>Pilar Rodr\u00edguez Reina<\/b>, vicerrectora de Relaciones Institucionales de la UPO; <b>Encarnaci\u00f3n Mellado<\/b>, vicerrectora de la Universidad Internacional de Andaluc\u00eda; <b>Antonio Chaves, <\/b>responsable de Planificaci\u00f3n Estrat\u00e9gicade la Fundaci\u00f3n Tres Culturas del Mediterr\u00e1neo; <b>Ruth Rubio Mar\u00edn<\/b>, C\u00e1tedra UNIA Derechos Humanos, Interculturalidad y Desarrollo; <b>Francisco Infante, <\/b>codirector delM\u00e1ster Oficial Derechos Humanos, Interculturalidad y Desarrollo \u2013 UPO\/UNIA; <b>Carol Proner<\/b>, presidenta del Instituto Joaqu\u00edn Herrera Flores-Brasil; y <b>Salvador Vives<\/b>, Editorial Tirant lo Blanch.<\/p>\n<p>Tras el acto de inauguraci\u00f3n se celebr\u00f3 la mesa redonda \u2018\u00bfLa era del Humanismo est\u00e1 llegando a su fin?\u2019, que contar\u00e1 con las intervenciones de la ex presidenta de Brasil <b>Dilma Rousseff<\/b>; el ex magistrado de la Audiencia Nacional <b>Baltasar Garz\u00f3n<\/b>; la catedr\u00e1tica de la UPO <b>Lina G\u00e1lvez<\/b> y <b>Pilar del R\u00edo<\/b>, presidenta de la fundaci\u00f3n Jos\u00e9 Saramago. <b>Pablo Gentili<\/b>, ex secretario general de CLACSO, ser\u00e1 el moderador.<\/p>\n<p>Previamente a la inauguraci\u00f3n y a la mesa redonda\u00a0 se present\u00f3 el libro \u201870\u00ba Aniversario de la Declaraci\u00f3n Universal de Derechos Humanos\u2019 (Editorial Tirant lo Blanch &#8211; Colecci\u00f3n: Perspectivas Iberoamericanas sobre la Justicia), organizado por el Instituto Joaqu\u00edn Herrera Flores e Instituto Iberoamericano de la Haya. Representando la coordinaci\u00f3n de la obra intervendr\u00e1n <b>Carol Proner<\/b> y <b>Gisele Ricobom<\/b>.<\/p>\n<p>La jornada del d\u00eda de ayer termin\u00f3 con la mesa redonda \u2018Universalismo de los Derechos Humanos,\u00a0 en la que intervinieron\u00a0<b>Jes\u00fas Sabariego<\/b> &#8211; CES (PT)\/US (ES); <b>Juliana Neuenschwander<\/b> \u2013 UFRJ \u2013 BR; <b>Jo\u00e3o Ricardo Dornelles<\/b> \u2013 PUC-Rio \u2013\u00a0 BR; <b>Edileny Tom\u00e9 da Mata<\/b> \u2013 UPO \u2013\u00a0 ES; <b>Antonio Henrique Suxberger<\/b> \u2013 UniCeub \u2013\u00a0 BR; y <b>Francisco Lou\u00e7\u00e3<\/b> (economista y pol\u00edtico portugu\u00e9s, ex coordinador del Bloque de Izquierda). El moderador ser\u00e1 <b>Manuel G\u00e1ndara Carballido<\/b> \u2013 UFRJ\/IJHF\/UPO-ES). En esta mesa redonda, partiendo de la idea de que la Declaraci\u00f3n es considerada el marco de un consenso universal, los investigadores responder\u00e1n a la pregunta sobre \u00bfc\u00f3mo comprender el multiculturalismo y los enfrentamientos entre culturas a partir de los valores consagrados en los treinta art\u00edculos?<\/p>\n<p>El seminario se traslada hoy d\u00eda 16 y ma\u00f1ana d\u00eda 17 de enero al Monasterio Santa Mar\u00eda de las Cuevas.<\/p>\n<p>&nbsp;<\/p>\n<p><b>M\u00e1s informaci\u00f3n y programa:<\/b><b>\u00a0<\/b><\/p>\n<p><a href=\"https:\/\/joaquinherreraflores.org\/content\/noticias\/seminario-internacional-problematizando-la-declaracion-universal-de-los-derechos\">Seminario Internacional \u2018Problematizando la Declaraci\u00f3n Universal de los Derechos Humanos. 70\u00ba aniversario\u2019<\/a><\/p>\n<p>&nbsp;<\/p>\n","protected":false},"excerpt":{"rendered":"<p>Comienza en la Fundaci\u00f3n Tres Culturas del Mediterr\u00e1neo el Seminario Internacional \u2018Problematizando la Declaraci\u00f3n Universal de los Derechos Humanos. 70\u00ba Aniversario \u00bfLa era del Humanismo est\u00e1 llegando a su fin?\u2019, un encuentro que se celebra los d\u00edas 15, 16 y 17 de enero y que est\u00e1 organizado por el Instituto Joaqu\u00edn Herrera Flores, la C\u00e1tedra UNIA Derechos Humanos, Interculturalidad y Desarrollo, el M\u00e1ster en Derechos Humanos, Interculturalidad y Desarrollo &#8211; UNIA\/UPO y el Doctorado en Ciencias Jur\u00eddicas y Pol\u00edticas de la Universidad Pablo de Olavide.<\/p>\n","protected":false},"author":2,"featured_media":0,"comment_status":"closed","ping_status":"open","sticky":false,"template":"","format":"standard","meta":{"_monsterinsights_skip_tracking":false,"_monsterinsights_sitenote_active":false,"_monsterinsights_sitenote_note":"","_monsterinsights_sitenote_category":0,"footnotes":""},"categories":[6],"tags":[1084,154,5746,3834,3833,3832,78,170],"class_list":["post-30036779","post","type-post","status-publish","format-standard","hentry","category-institucional","tag-baltasar-garzon","tag-brasil","tag-declaracion-universal-de-los-derechos-humanos","tag-dilma-rousseff","tag-fundacion-tres-culturas","tag-master-en-derechos-humanos-interculturalidad-y-desarrollo","tag-seminario","tag-unia"],"_links":{"self":[{"href":"https:\/\/www.upo.es\/diario\/wp-json\/wp\/v2\/posts\/30036779","targetHints":{"allow":["GET"]}}],"collection":[{"href":"https:\/\/www.upo.es\/diario\/wp-json\/wp\/v2\/posts"}],"about":[{"href":"https:\/\/www.upo.es\/diario\/wp-json\/wp\/v2\/types\/post"}],"author":[{"embeddable":true,"href":"https:\/\/www.upo.es\/diario\/wp-json\/wp\/v2\/users\/2"}],"replies":[{"embeddable":true,"href":"https:\/\/www.upo.es\/diario\/wp-json\/wp\/v2\/comments?post=30036779"}],"version-history":[{"count":6,"href":"https:\/\/www.upo.es\/diario\/wp-json\/wp\/v2\/posts\/30036779\/revisions"}],"predecessor-version":[{"id":30036782,"href":"https:\/\/www.upo.es\/diario\/wp-json\/wp\/v2\/posts\/30036779\/revisions\/30036782"}],"wp:attachment":[{"href":"https:\/\/www.upo.es\/diario\/wp-json\/wp\/v2\/media?parent=30036779"}],"wp:term":[{"taxonomy":"category","embeddable":true,"href":"https:\/\/www.upo.es\/diario\/wp-json\/wp\/v2\/categories?post=30036779"},{"taxonomy":"post_tag","embeddable":true,"href":"https:\/\/www.upo.es\/diario\/wp-json\/wp\/v2\/tags?post=30036779"}],"curies":[{"name":"wp","href":"https:\/\/api.w.org\/{rel}","templated":true}]}}