{"id":30037421,"date":"2019-01-15T10:40:47","date_gmt":"2019-01-15T10:40:47","guid":{"rendered":"https:\/\/www.upo.es\/diario\/?p=30037421"},"modified":"2019-01-21T12:51:14","modified_gmt":"2019-01-21T12:51:14","slug":"la-universidad-pablo-de-olavide-formara-a-expertos-en-liderazgo-deportivo-y-alto-rendimiento","status":"publish","type":"post","link":"https:\/\/www.upo.es\/diario\/institucional\/2019\/01\/la-universidad-pablo-de-olavide-formara-a-expertos-en-liderazgo-deportivo-y-alto-rendimiento\/","title":{"rendered":"La Universidad Pablo de Olavide formar\u00e1 a expertos en liderazgo deportivo y alto rendimiento"},"content":{"rendered":"<figure id=\"attachment_30037422\" aria-describedby=\"caption-attachment-30037422\" style=\"width: 600px\" class=\"wp-caption aligncenter\"><a href=\"https:\/\/www.upo.es\/diario\/wp-content\/uploads\/2019\/01\/Conv_Experto-Liderazgo-Dep_2019_01_15_12.jpg\"><img loading=\"lazy\" decoding=\"async\" class=\"size-large wp-image-30037422\" alt=\"Juan Manuel Su\u00e1rez, Vicente Guzm\u00e1n, Alfonso Escribano y Carlos Otero durante la firma del convenio\" src=\"https:\/\/www.upo.es\/diario\/wp-content\/uploads\/2019\/01\/Conv_Experto-Liderazgo-Dep_2019_01_15_12-600x337.jpg\" width=\"600\" height=\"337\" srcset=\"https:\/\/www.upo.es\/diario\/wp-content\/uploads\/2019\/01\/Conv_Experto-Liderazgo-Dep_2019_01_15_12-600x337.jpg 600w, https:\/\/www.upo.es\/diario\/wp-content\/uploads\/2019\/01\/Conv_Experto-Liderazgo-Dep_2019_01_15_12-320x180.jpg 320w\" sizes=\"auto, (max-width: 600px) 100vw, 600px\" \/><\/a><figcaption id=\"caption-attachment-30037422\" class=\"wp-caption-text\">Juan Manuel Su\u00e1rez, Vicente Guzm\u00e1n, Alfonso Escribano y Carlos Otero durante la firma del convenio<\/figcaption><\/figure>\n<p>La Universidad Pablo de la Olavide ha acogido esta ma\u00f1ana la<strong> firma del convenio espec\u00edfico de colaboraci\u00f3n entre la UPO, la Confederaci\u00f3n Andaluza de Federaciones Deportivas (CAFD) y Reaprendiendo Jotaeme, S.L. (Sport Campus Novaera, escuela de formaci\u00f3n deportiva) para la realizaci\u00f3n del t\u00edtulo propio de experto en \u2018Liderazgo Deportivo y Alto Rendimiento\u2019<\/strong>, gestionado por el \u00c1rea de Formaci\u00f3n Permanente de la Fundaci\u00f3n UPO.<\/p>\n<p>El acto ha contado con la presencia de <strong>Vicente Guzm\u00e1n<\/strong>, rector de la UPO; <strong>Alfonso Escribano<\/strong>, presidente de la Confederaci\u00f3n Andaluza de Federaciones Deportivas; <strong>Juan Manuel Su\u00e1rez<\/strong>, director gerente de Reaprendiendo Jotaeme, S. L.; <strong>Carlos Otero<\/strong>, socio fundador de dicha empresa y <strong>Marta Garc\u00eda Tasc\u00f3n<\/strong>, directora acad\u00e9mica del curso.<\/p>\n<p>Adem\u00e1s de la puesta en marcha de este t\u00edtulo de experto, que se realizar\u00e1 con la colaboraci\u00f3n de Sport Campus Novaera, el alumnado de este programa formativo podr\u00e1 realizar pr\u00e1cticas en el CAFD para que puedan complementar su formaci\u00f3n y aplicar sus conocimientos.<\/p>\n<p>Durante el transcurso del acto, Vicente Guzm\u00e1n ha agradecido a las instituciones presentes la puesta en marcha de este curso, as\u00ed como la oportunidad de que la UPO pueda desarrollar un programa formativo que, hasta la fecha, no se hab\u00eda llevado a cabo en Andaluc\u00eda.<\/p>\n<p>Adem\u00e1s, ha declarado que aunque la firma de hoy haya representado el inicio de una colaboraci\u00f3n para poder llevar a cabo este t\u00edtulo de experto, \u201cestamos dispuestos a apoyar otras iniciativas similares que ayuden a la pr\u00e1ctica y formaci\u00f3n deportiva para que la cultura del ejercicio del deporte y sus valores llegue al mayor segmento de poblaci\u00f3n\u201d.<\/p>\n<p>Por su parte, Juan Manuel Su\u00e1rez ha mostrado su satisfacci\u00f3n por la puesta en marcha de este curso, \u201cen el que se trabajar\u00e1n aspectos como el alto rendimiento a nivel deportivo, la interrelaci\u00f3n personal, el crecimiento personal vinculado al deportivo\u2026\u201d.\u00a0 Por \u00faltimo, Alfonso Escribano ha felicitado a la UPO por hacer realidad esta iniciativa, puesto que \u201cla formaci\u00f3n es la demanda m\u00e1s grande que existe en la actualidad a nivel deportivo\u201d.<\/p>\n<p>Este curso, que comenzar\u00e1 el pr\u00f3ximo 22 de febrero de 2019 y es de car\u00e1cter presencial, tiene como objetivos conocer y desarrollar las competencias esenciales para la gesti\u00f3n de personas y equipos, en entornos de igualdad entre hombres, mujeres y personas con discapacidad en cualquier disciplina deportiva que practique; conocer la importancia del entrenamiento mental en el \u00e1mbito deportivo; promover el auto conocimiento del alumno\/deportista, tanto de aspectos mentales como emocionales o identificar fortalezas y \u00e1reas de mejora para definir objetivos de desarrollo profesional y deportivo.<\/p>\n<p>M\u00e1s informaci\u00f3n: <a href=\"http:\/\/www.upo.es\/postgrado\/Titulo-de-Experto-Liderazgo-Deportivo-y-Alto-Rendimiento?opcion=1\">T\u00edtulo de Experto \u2018Liderazgo Deportivo y Alto Rendimiento, I edici\u00f3n\u2019.<\/a><\/p>\n","protected":false},"excerpt":{"rendered":"<p>La Universidad Pablo de la Olavide ha acogido la firma del convenio espec\u00edfico de colaboraci\u00f3n entre la UPO, la Confederaci\u00f3n Andaluza de Federaciones Deportivas (CAFD) y Reaprendiendo Jotaeme, S.L. (Sport Campus Novaera, escuela de formaci\u00f3n deportiva) para la realizaci\u00f3n del t\u00edtulo propio de experto en \u2018Liderazgo Deportivo y Alto Rendimiento\u2019, gestionado por el \u00c1rea de Formaci\u00f3n Permanente de la Fundaci\u00f3n UPO.<\/p>\n","protected":false},"author":6,"featured_media":0,"comment_status":"closed","ping_status":"open","sticky":false,"template":"","format":"standard","meta":{"_monsterinsights_skip_tracking":false,"_monsterinsights_sitenote_active":false,"_monsterinsights_sitenote_note":"","_monsterinsights_sitenote_category":0,"footnotes":""},"categories":[6],"tags":[326,231,2474,4382,38,106],"class_list":["post-30037421","post","type-post","status-publish","format-standard","hentry","category-institucional","tag-convenio","tag-deportes-2","tag-fundacion-universidad-pablo-de-olavide","tag-marta-garcia-tascon","tag-rector","tag-vicente-c-guzman"],"_links":{"self":[{"href":"https:\/\/www.upo.es\/diario\/wp-json\/wp\/v2\/posts\/30037421","targetHints":{"allow":["GET"]}}],"collection":[{"href":"https:\/\/www.upo.es\/diario\/wp-json\/wp\/v2\/posts"}],"about":[{"href":"https:\/\/www.upo.es\/diario\/wp-json\/wp\/v2\/types\/post"}],"author":[{"embeddable":true,"href":"https:\/\/www.upo.es\/diario\/wp-json\/wp\/v2\/users\/6"}],"replies":[{"embeddable":true,"href":"https:\/\/www.upo.es\/diario\/wp-json\/wp\/v2\/comments?post=30037421"}],"version-history":[{"count":8,"href":"https:\/\/www.upo.es\/diario\/wp-json\/wp\/v2\/posts\/30037421\/revisions"}],"predecessor-version":[{"id":30130193,"href":"https:\/\/www.upo.es\/diario\/wp-json\/wp\/v2\/posts\/30037421\/revisions\/30130193"}],"wp:attachment":[{"href":"https:\/\/www.upo.es\/diario\/wp-json\/wp\/v2\/media?parent=30037421"}],"wp:term":[{"taxonomy":"category","embeddable":true,"href":"https:\/\/www.upo.es\/diario\/wp-json\/wp\/v2\/categories?post=30037421"},{"taxonomy":"post_tag","embeddable":true,"href":"https:\/\/www.upo.es\/diario\/wp-json\/wp\/v2\/tags?post=30037421"}],"curies":[{"name":"wp","href":"https:\/\/api.w.org\/{rel}","templated":true}]}}