{"id":30053018,"date":"2019-01-18T07:03:34","date_gmt":"2019-01-18T07:03:34","guid":{"rendered":"https:\/\/www.upo.es\/diario\/?p=30053018"},"modified":"2019-01-21T08:07:14","modified_gmt":"2019-01-21T08:07:14","slug":"manana-recital-la-noche-magica-de-la-zarzuela-en-el-marco-de-la-catedra-general-castanos","status":"publish","type":"post","link":"https:\/\/www.upo.es\/diario\/cultura\/2019\/01\/manana-recital-la-noche-magica-de-la-zarzuela-en-el-marco-de-la-catedra-general-castanos\/","title":{"rendered":"Recital \u2018La Noche M\u00e1gica de la Zarzuela\u2019 en el marco de la C\u00e1tedra General Casta\u00f1os"},"content":{"rendered":"<figure id=\"attachment_30082894\" aria-describedby=\"caption-attachment-30082894\" style=\"width: 600px\" class=\"wp-caption aligncenter\"><a href=\"https:\/\/www.upo.es\/diario\/wp-content\/uploads\/2019\/01\/recital_zarzuela01.jpg\"><img loading=\"lazy\" decoding=\"async\" class=\"size-large wp-image-30082894\" alt=\"La soprano Diana Larios y el repertorista Jes\u00fas Sancha.\" src=\"https:\/\/www.upo.es\/diario\/wp-content\/uploads\/2019\/01\/recital_zarzuela01-600x400.jpg\" width=\"600\" height=\"400\" srcset=\"https:\/\/www.upo.es\/diario\/wp-content\/uploads\/2019\/01\/recital_zarzuela01-600x400.jpg 600w, https:\/\/www.upo.es\/diario\/wp-content\/uploads\/2019\/01\/recital_zarzuela01-320x213.jpg 320w\" sizes=\"auto, (max-width: 600px) 100vw, 600px\" \/><\/a><figcaption id=\"caption-attachment-30082894\" class=\"wp-caption-text\">La soprano Diana Larios y el repertorista Jes\u00fas Sancha.<\/figcaption><\/figure>\n<p>Ayer jueves 17 de enero se celebr\u00f3 en el Sal\u00f3n de Actos de Capitan\u00eda General el recital <strong>\u2018La Noche M\u00e1gica de la Zarzuela\u2019<\/strong>, organizado por el <strong>Vicerrectorado de Relaciones Institucionales de la Universidad Pablo de Olavide<\/strong> en el marco del convenio suscrito con la<strong> C\u00e1tedra General Casta\u00f1os<\/strong>.<\/p>\n<figure id=\"attachment_30082896\" aria-describedby=\"caption-attachment-30082896\" style=\"width: 320px\" class=\"wp-caption alignright\"><a href=\"https:\/\/www.upo.es\/diario\/wp-content\/uploads\/2019\/01\/recital_zarzuela02.jpg\"><img loading=\"lazy\" decoding=\"async\" class=\"size-medium wp-image-30082896\" alt=\"El Teniente General de la Fuerza Terrestre  Juan G\u00f3mez de Salazar M\u00ednguez junto a los artistas, la vicerrectora Pilar Rodr\u00edguez Reina y Javier S\u00e1nchez Rivas. \" src=\"https:\/\/www.upo.es\/diario\/wp-content\/uploads\/2019\/01\/recital_zarzuela02-320x213.jpg\" width=\"320\" height=\"213\" srcset=\"https:\/\/www.upo.es\/diario\/wp-content\/uploads\/2019\/01\/recital_zarzuela02-320x213.jpg 320w, https:\/\/www.upo.es\/diario\/wp-content\/uploads\/2019\/01\/recital_zarzuela02-600x400.jpg 600w\" sizes=\"auto, (max-width: 320px) 100vw, 320px\" \/><\/a><figcaption id=\"caption-attachment-30082896\" class=\"wp-caption-text\">El Teniente General de la Fuerza Terrestre Juan G\u00f3mez de Salazar M\u00ednguez junto a los artistas, la vicerrectora Pilar Rodr\u00edguez Reina y Javier S\u00e1nchez Rivas.<\/figcaption><\/figure>\n<p>El recital, patrocinado por el <b>Proyecto Sociocultural Compa\u00f1\u00eda Sevillana de Zarzuela<\/b>, cont\u00f3 con las actuaciones de la soprano Diana Larios y el repertorista Jes\u00fas Sancha, quienes interpretaron distintas romanzas de zarzuela. Estuvo presidido por el Teniente General de la Fuerza Terrestre\u00a0 Juan G\u00f3mez de Salazar M\u00ednguez, y a \u00e9l asisti\u00f3 la vicerrectora de Relaciones Institucionales de la UPO Pilar Rodr\u00edguez Reina.<\/p>\n<p>La <a href=\"https:\/\/catedrageneralcastanos.org\/\">C\u00e1tedra General Casta\u00f1os<\/a> se cre\u00f3 en el a\u00f1o 1989 por iniciativa del Cuartel General de la Regi\u00f3n Militar Sur con la finalidad de constituir una plataforma cultural c\u00edvico-militar que favoreciera el estudio y la investigaci\u00f3n de los temas hist\u00f3ricos, art\u00edsticos y culturales de Espa\u00f1a y los pa\u00edses de ra\u00edz cultural hispana. Hist\u00f3ricamente, la C\u00e1tedra ha permanecido vinculada con Capitan\u00eda General, donde tiene su sede, con el objetivo de mantener e incrementar las relaciones culturales del mundo militar con la ciudadan\u00eda de Sevilla.<\/p>\n<p>La Universidad Pablo de Olavide y la C\u00e1tedra General Casta\u00f1os firmaron en el a\u00f1o 2005 un convenio de cooperaci\u00f3n educativa a trav\u00e9s del cual ambas instituciones impulsan la celebraci\u00f3n de actividades formativas de tipo cultural, cient\u00edfico, t\u00e9cnico y de investigaci\u00f3n en materias de inter\u00e9s com\u00fan. Desde el a\u00f1o 2012, la vicerrectora de Relaciones Institucionales Pilar Rodr\u00edguez Reina es patrona de la C\u00e1tedra General Casta\u00f1os y colabora activamente con el programa cultural que anualmente se viene desarrollando en Capitan\u00eda General, de manera que son ya numerosas las actividades que han tenido lugar en dicho marco, gracias a la colaboraci\u00f3n de los miembros de la comunidad universitaria, entre las cuales se cuentan conferencias, conciertos y espect\u00e1culos de flamenco.<\/p>\n","protected":false},"excerpt":{"rendered":"<p>El jueves 17 de enero se celebr\u00f3 en el Sal\u00f3n de Actos de Capitan\u00eda General el recital \u2018La Noche M\u00e1gica de la Zarzuela\u2019, organizado por el Vicerrectorado de Relaciones Institucionales de la Universidad Pablo de Olavide en el marco del convenio suscrito con la C\u00e1tedra General Casta\u00f1os. <\/p>\n","protected":false},"author":2,"featured_media":0,"comment_status":"closed","ping_status":"open","sticky":false,"template":"","format":"standard","meta":{"_monsterinsights_skip_tracking":false,"_monsterinsights_sitenote_active":false,"_monsterinsights_sitenote_note":"","_monsterinsights_sitenote_category":0,"footnotes":""},"categories":[7],"tags":[4431,4428,2403,5512,3609],"class_list":["post-30053018","post","type-post","status-publish","format-standard","hentry","category-cultura","tag-capitania-general","tag-catedra-general-castanos","tag-recital","tag-vicerrectorado-de-relaciones-institucionales","tag-zarzuela"],"_links":{"self":[{"href":"https:\/\/www.upo.es\/diario\/wp-json\/wp\/v2\/posts\/30053018","targetHints":{"allow":["GET"]}}],"collection":[{"href":"https:\/\/www.upo.es\/diario\/wp-json\/wp\/v2\/posts"}],"about":[{"href":"https:\/\/www.upo.es\/diario\/wp-json\/wp\/v2\/types\/post"}],"author":[{"embeddable":true,"href":"https:\/\/www.upo.es\/diario\/wp-json\/wp\/v2\/users\/2"}],"replies":[{"embeddable":true,"href":"https:\/\/www.upo.es\/diario\/wp-json\/wp\/v2\/comments?post=30053018"}],"version-history":[{"count":7,"href":"https:\/\/www.upo.es\/diario\/wp-json\/wp\/v2\/posts\/30053018\/revisions"}],"predecessor-version":[{"id":30053021,"href":"https:\/\/www.upo.es\/diario\/wp-json\/wp\/v2\/posts\/30053018\/revisions\/30053021"}],"wp:attachment":[{"href":"https:\/\/www.upo.es\/diario\/wp-json\/wp\/v2\/media?parent=30053018"}],"wp:term":[{"taxonomy":"category","embeddable":true,"href":"https:\/\/www.upo.es\/diario\/wp-json\/wp\/v2\/categories?post=30053018"},{"taxonomy":"post_tag","embeddable":true,"href":"https:\/\/www.upo.es\/diario\/wp-json\/wp\/v2\/tags?post=30053018"}],"curies":[{"name":"wp","href":"https:\/\/api.w.org\/{rel}","templated":true}]}}