{"id":30130179,"date":"2019-01-22T07:10:31","date_gmt":"2019-01-22T07:10:31","guid":{"rendered":"https:\/\/www.upo.es\/diario\/?p=30130179"},"modified":"2019-01-23T12:08:13","modified_gmt":"2019-01-23T12:08:13","slug":"el-alumnado-del-aula-abierta-de-mayores-de-la-upo-asistira-a-unos-seminarios-academicos-en-el-campus-2","status":"publish","type":"post","link":"https:\/\/www.upo.es\/diario\/institucional\/2019\/01\/el-alumnado-del-aula-abierta-de-mayores-de-la-upo-asistira-a-unos-seminarios-academicos-en-el-campus-2\/","title":{"rendered":"El alumnado del Aula Abierta de Mayores de la UPO asiste a unos seminarios acad\u00e9micos en el campus"},"content":{"rendered":"<figure id=\"attachment_30143391\" aria-describedby=\"caption-attachment-30143391\" style=\"width: 600px\" class=\"wp-caption aligncenter\"><a href=\"https:\/\/www.upo.es\/diario\/wp-content\/uploads\/2019\/01\/AAM_SeminariosAcademicos_22012019.jpg\"><img loading=\"lazy\" decoding=\"async\" class=\"size-large wp-image-30143391\" alt=\"asdrfewqra\" src=\"https:\/\/www.upo.es\/diario\/wp-content\/uploads\/2019\/01\/AAM_SeminariosAcademicos_22012019-600x337.jpg\" width=\"600\" height=\"337\" srcset=\"https:\/\/www.upo.es\/diario\/wp-content\/uploads\/2019\/01\/AAM_SeminariosAcademicos_22012019-600x337.jpg 600w, https:\/\/www.upo.es\/diario\/wp-content\/uploads\/2019\/01\/AAM_SeminariosAcademicos_22012019-320x180.jpg 320w\" sizes=\"auto, (max-width: 600px) 100vw, 600px\" \/><\/a><figcaption id=\"caption-attachment-30143391\" class=\"wp-caption-text\">M\u00aa del Castillo imparte el seminario &#8216;Evoluci\u00f3n\u00a0 de los Servicios Sociales en Andaluc\u00eda&#8217;<\/figcaption><\/figure>\n<p>El alumnado del <b>Aula Abierta de Mayores<\/b> de la Universidad Pablo de Olavide asiste hoy martes 22 y ma\u00f1ana mi\u00e9rcoles 23 de enero a cuatro seminarios acad\u00e9micos que se celebran en el campus de la UPO en el marco del <b>VIII Programa de Envejecimiento Activo y Solidaridad Intergeneracional<\/b>.<\/p>\n<p>En concreto, estos encuentros, que se desarrollar\u00e1n en el Paraninfo, en el sal\u00f3n de actos del CABD y en el aula 1 del edificio 10, abordar\u00e1n temas relacionados con las <b>Ciencias Sociales<\/b>, las <b>Ciencias Experimentales y Medio Ambiente<\/b>, <b>Ciencias de la Salud y de la Actividad F\u00edsica<\/b>, <b>Ciencias Jur\u00eddicas y Econ\u00f3micas<\/b>, y <b>Humanidades<\/b>.<\/p>\n<p>Esta actividad tiene como objetivo complementar las actuaciones acad\u00e9micas desarrolladas en los municipios, facilitando as\u00ed un espacio para compartir conocimientos y experiencias entre los alumnos y alumnas de las distintas sedes municipales del programa. Para ello, se utiliza como base la docencia en el campus universitario del <b>profesorado perteneciente a la UPO<\/b>.<\/p>\n<p>As\u00ed, hoy martes 22 de enero el alumnado de Herrera, La Algaba, La Puebla de Cazalla, Mairena del Alcor y Pilas asistir\u00e1 a las conferencias <b>\u2018Evoluci\u00f3n de los Servicios Sociales en Espa\u00f1a\u2019<\/b> y <b>\u2018Descubrir la realidad, no imaginarla: la investigaci\u00f3n sociol\u00f3gica como contribuci\u00f3n social\u2019<\/b>. Tambi\u00e9n ma\u00f1ana martes el alumnado de Almensilla, Dos Hermanas y Lebrija asistir\u00e1 a las ponencias <b>\u2018Compostaje de residuos s\u00f3lidos urbanos\u2019<\/b> y <b>\u2018Evoluci\u00f3n de las Geociencias Forenses en el mundo y en Espa\u00f1a. Los peritajes judiciales t\u00e9cnicos en el caso Aznalc\u00f3llar\u2019<\/b>.<\/p>\n<p>El mi\u00e9rcoles 23 de enero ser\u00e1 el turno del alumnado de Alcal\u00e1 de Guada\u00edra, Bormujos, Pedrera y Tomares, que disfrutar\u00e1 de las conferencias <b>\u2018Medios de comunicaci\u00f3n, Actividad F\u00edsica y Mayores\u2019<\/b> e <b>\u2018Importancia de la percepci\u00f3n sensorial en la alimentaci\u00f3n\u2019<\/b>. Tambi\u00e9n el mi\u00e9rcoles visitar\u00e1 el campus el alumnado de Aznalc\u00f3llar, Gerena, Las Cabezas de San Juan, Santiponce y Salteras, que asistir\u00e1 a las ponencias <b>\u2018La Econom\u00eda Espa\u00f1ola en 2019: Fortalezas y Aspectos Preocupantes\u2019<\/b> y <b>\u2018El sistema espa\u00f1ol de Seguridad Social: nociones b\u00e1sicas\u2019<\/b>. El alumnado de Castilleja de la Cuesta, Gines, Gilena y La Puebla del R\u00edo tambi\u00e9n tiene su cita el mi\u00e9rcoles con las conferencias \u2018El sentido y la necesidad actual de las Humanidades\u2019 y \u2018El nacimiento de una gran instituci\u00f3n medieval: la Universidad\u2019.<\/p>\n<p>Actualmente, el Aula Abierta de Mayores de la UPO cuenta con <b>985 estudiantes y 21 sedes<\/b> en la provincia de Sevilla: Alcal\u00e1 de Guada\u00edra, Almensilla, Aznalc\u00f3llar, Bormujos, Castilleja de la Cuesta, Dos Hermanas, Gerena, Gilena, Gines, Herrera, La Algaba, La Puebla de Cazalla, La Puebla del R\u00edo, Las Cabezas de San Juan, Lebrija, Mairena del Alcor, Pedrera, Pilas, Salteras, Santiponce y Tomares.<\/p>\n<p>Las instituciones que colaboran, adem\u00e1s de la propia Universidad Pablo de Olavide a trav\u00e9s del <b>Vicerrectorado de Cultura y Compromiso Social<\/b>, son la <b>Consejer\u00eda de Igualdad y Pol\u00edticas Sociales<\/b> de la Junta de Andaluc\u00eda, la <b>Diputaci\u00f3n de Sevilla<\/b>, <b>Obra Social La Caixa<\/b> y los distintos <b>ayuntamientos<\/b> donde tiene lugar dicho programa.<\/p>\n<ul>\n<li>Programa de los <a href=\"https:\/\/www.upo.es\/aula-mayores\/export\/sites\/aula_abierta_mayores\/documentos\/2018-19\/2019_seminarios_triptico.pdf\">Seminarios Acad\u00e9micos del Aula Abierta de Mayores<\/a>.<\/li>\n<\/ul>\n","protected":false},"excerpt":{"rendered":"<p>El alumnado del Aula Abierta de Mayores de la Universidad Pablo de Olavide asiste a cuatro seminarios acad\u00e9micos que se celebran en el campus de la UPO en el marco del VIII Programa de Envejecimiento Activo y Solidaridad Intergeneracional. En concreto, estos encuentros abordar\u00e1n temas relacionados con las Ciencias Sociales, las Ciencias Experimentales y Medio Ambiente, Ciencias de la Salud y de la Actividad F\u00edsica, Ciencias Jur\u00eddicas y Econ\u00f3micas, y Humanidades.<\/p>\n","protected":false},"author":2,"featured_media":0,"comment_status":"closed","ping_status":"open","sticky":false,"template":"","format":"standard","meta":{"_monsterinsights_skip_tracking":false,"_monsterinsights_sitenote_active":false,"_monsterinsights_sitenote_note":"","_monsterinsights_sitenote_category":0,"footnotes":""},"categories":[6],"tags":[52,4639,4640,545,132,3105,1996],"class_list":["post-30130179","post","type-post","status-publish","format-standard","hentry","category-institucional","tag-aula-abierta-de-mayores","tag-ciencias-experimentales","tag-ciencias-juridicas","tag-ciencias-sociales","tag-humanidades","tag-programa-de-envejecimiento","tag-seminarios"],"_links":{"self":[{"href":"https:\/\/www.upo.es\/diario\/wp-json\/wp\/v2\/posts\/30130179","targetHints":{"allow":["GET"]}}],"collection":[{"href":"https:\/\/www.upo.es\/diario\/wp-json\/wp\/v2\/posts"}],"about":[{"href":"https:\/\/www.upo.es\/diario\/wp-json\/wp\/v2\/types\/post"}],"author":[{"embeddable":true,"href":"https:\/\/www.upo.es\/diario\/wp-json\/wp\/v2\/users\/2"}],"replies":[{"embeddable":true,"href":"https:\/\/www.upo.es\/diario\/wp-json\/wp\/v2\/comments?post=30130179"}],"version-history":[{"count":9,"href":"https:\/\/www.upo.es\/diario\/wp-json\/wp\/v2\/posts\/30130179\/revisions"}],"predecessor-version":[{"id":30130182,"href":"https:\/\/www.upo.es\/diario\/wp-json\/wp\/v2\/posts\/30130179\/revisions\/30130182"}],"wp:attachment":[{"href":"https:\/\/www.upo.es\/diario\/wp-json\/wp\/v2\/media?parent=30130179"}],"wp:term":[{"taxonomy":"category","embeddable":true,"href":"https:\/\/www.upo.es\/diario\/wp-json\/wp\/v2\/categories?post=30130179"},{"taxonomy":"post_tag","embeddable":true,"href":"https:\/\/www.upo.es\/diario\/wp-json\/wp\/v2\/tags?post=30130179"}],"curies":[{"name":"wp","href":"https:\/\/api.w.org\/{rel}","templated":true}]}}