{"id":30159887,"date":"2019-01-24T12:06:42","date_gmt":"2019-01-24T12:06:42","guid":{"rendered":"https:\/\/www.upo.es\/diario\/?p=30159887"},"modified":"2019-01-24T12:16:32","modified_gmt":"2019-01-24T12:16:32","slug":"la-facultad-de-ciencias-sociales-de-la-upo-organiza-el-seminario-diseno-de-proyectos-de-intervencion-social","status":"publish","type":"post","link":"https:\/\/www.upo.es\/diario\/docencia-formacion\/2019\/01\/la-facultad-de-ciencias-sociales-de-la-upo-organiza-el-seminario-diseno-de-proyectos-de-intervencion-social\/","title":{"rendered":"La Facultad de Ciencias Sociales de la UPO organiza el seminario \u2018Dise\u00f1o de Proyectos de Intervenci\u00f3n Social\u2019"},"content":{"rendered":"<figure id=\"attachment_30175637\" aria-describedby=\"caption-attachment-30175637\" style=\"width: 600px\" class=\"wp-caption aligncenter\"><a href=\"https:\/\/www.upo.es\/diario\/wp-content\/uploads\/2019\/01\/se_protectos_intervencion_socia0003.jpg\"><img loading=\"lazy\" decoding=\"async\" class=\"size-large wp-image-30175637\" alt=\"El profesor Gustavo Garc\u00eda Herrero en un momento de su intervenci\u00f3n en el seminario. \" src=\"https:\/\/www.upo.es\/diario\/wp-content\/uploads\/2019\/01\/se_protectos_intervencion_socia0003-600x400.jpg\" width=\"600\" height=\"400\" srcset=\"https:\/\/www.upo.es\/diario\/wp-content\/uploads\/2019\/01\/se_protectos_intervencion_socia0003-600x400.jpg 600w, https:\/\/www.upo.es\/diario\/wp-content\/uploads\/2019\/01\/se_protectos_intervencion_socia0003-320x213.jpg 320w\" sizes=\"auto, (max-width: 600px) 100vw, 600px\" \/><\/a><figcaption id=\"caption-attachment-30175637\" class=\"wp-caption-text\">El profesor Gustavo Garc\u00eda Herrero en un momento de su intervenci\u00f3n en el seminario.<\/figcaption><\/figure>\n<p>La Facultad de Ciencias Sociales ha organizado los d\u00edas 24 y 25 de enero el <b>seminario \u2018Dise\u00f1o de Proyectos de Intervenci\u00f3n Social\u2019<\/b>, dirigido a estudiantes de 4\u00ba y 5\u00ba del Grado de Trabajo Social, Doble Grado en Trabajo Social y Educaci\u00f3n Social y Doble Grado en Trabajo Social y Sociolog\u00eda.<\/p>\n<p>Se trata de un espacio de reflexi\u00f3n en el que el alumnado recibir\u00e1 informaci\u00f3n adicional para la elaboraci\u00f3n de su Trabajo de Fin de Grado, as\u00ed como una oportunidad para recibir una formaci\u00f3n s\u00f3lida sobre los proyectos de intervenci\u00f3n social, elemento clave en la profesi\u00f3n de los trabajadores sociales.<\/p>\n<p>Se celebrar\u00e1 <span style=\"text-decoration: underline;\">en el seminario 2 del edificio 10 de la UPO, los d\u00edas 24 y 25 de enero en horario de 10:00 a 14:00 horas<\/span>, y ser\u00e1 impartido por el profesor Gustavo Garc\u00eda Herrero.<\/p>\n<p>&nbsp;<\/p>\n<p align=\"center\"><b><span style=\"text-decoration: underline;\">PROGRAMA<\/span><\/b><\/p>\n<p>&nbsp;<\/p>\n<p>NIVELES DE LA PLANIFICACI\u00d3N. PLAN, PROGRAMA, PROYECTO<\/p>\n<p>&#8211; Sobre los conceptos y su articulaci\u00f3n<\/p>\n<p>&#8211; La coherencia del proceso. Objetivos Generales, Espec\u00edficos y Operativos<\/p>\n<p>&nbsp;<\/p>\n<p>LA G\u00c9NESIS DE UN PROYECTO<\/p>\n<p>&#8211; El diagn\u00f3stico: necesidad &amp; potencial de mejora<\/p>\n<p>&#8211; Promover un cambio \/ mejora en algo o en \u201calguien\u201d<\/p>\n<p>&#8211; El proceso l\u00f3gico para de elaboraci\u00f3n de un proyecto<\/p>\n<p>&nbsp;<\/p>\n<p>LOS OBJETIVOS DE UN PROYECTO DE INTERVENCI\u00d3N<\/p>\n<p>&#8211; La dimensi\u00f3n operativa del proyecto<\/p>\n<p>&#8211; Como definir objetivos operativos: Resultados &amp; intervenciones<\/p>\n<p>&#8211; \u00bfHay que cuantificar? \u00bfC\u00f3mo?<\/p>\n<p>&nbsp;<\/p>\n<p>ELEMENTOS PARA LA DEFINICION DEL PROYECTO<\/p>\n<p>&#8211; Fundamentaci\u00f3n \/ Objetivos \/ Proceso de intervenci\u00f3n: temporalizaci\u00f3n \/ Metodolog\u00eda \/ Costes &amp; presupuesto<\/p>\n<p>&nbsp;<\/p>\n<p>LA EVALUACI\u00d3N. CONSTRUCCI\u00d3N Y SELECCI\u00d3N DE INDICADORES<\/p>\n<p>&#8211; El proceso de evaluaci\u00f3n \/ Variables, indicadores, \u00edndices \/ Como construir indicadores \/ Seleccionar indicadores<\/p>\n<p>&nbsp;<\/p>\n<p>APUNTES SOBRE LA FORMA DE PRESENTACI\u00d3N DEL PROYECTO Y DE SU EVALUACI\u00d3N<\/p>\n<p>&nbsp;<\/p>\n","protected":false},"excerpt":{"rendered":"<p>La Facultad de Ciencias Sociales ha organizado los d\u00edas 24 y 25 de enero el seminario \u2018Dise\u00f1o de Proyectos de Intervenci\u00f3n Social\u2019, dirigido a estudiantes de 4\u00ba y 5\u00ba del Grado de Trabajo Social, Doble Grado en Trabajo Social y Educaci\u00f3n Social y Doble Grado en Trabajo Social y Sociolog\u00eda. <\/p>\n","protected":false},"author":2,"featured_media":0,"comment_status":"closed","ping_status":"open","sticky":false,"template":"","format":"standard","meta":{"_monsterinsights_skip_tracking":false,"_monsterinsights_sitenote_active":false,"_monsterinsights_sitenote_note":"","_monsterinsights_sitenote_category":0,"footnotes":""},"categories":[2779],"tags":[2469,5181,487,1457,5750,78,2144],"class_list":["post-30159887","post","type-post","status-publish","format-standard","hentry","category-docencia-formacion","tag-doble-grado-en-trabajo-social-y-educacion-social","tag-doble-grado-en-trabajo-social-y-sociologia","tag-facultad-ciencias-sociales","tag-grado-en-trabajo-social","tag-proyecto-de-intervencion-social","tag-seminario","tag-trabajo-de-fin-de-grado"],"_links":{"self":[{"href":"https:\/\/www.upo.es\/diario\/wp-json\/wp\/v2\/posts\/30159887","targetHints":{"allow":["GET"]}}],"collection":[{"href":"https:\/\/www.upo.es\/diario\/wp-json\/wp\/v2\/posts"}],"about":[{"href":"https:\/\/www.upo.es\/diario\/wp-json\/wp\/v2\/types\/post"}],"author":[{"embeddable":true,"href":"https:\/\/www.upo.es\/diario\/wp-json\/wp\/v2\/users\/2"}],"replies":[{"embeddable":true,"href":"https:\/\/www.upo.es\/diario\/wp-json\/wp\/v2\/comments?post=30159887"}],"version-history":[{"count":4,"href":"https:\/\/www.upo.es\/diario\/wp-json\/wp\/v2\/posts\/30159887\/revisions"}],"predecessor-version":[{"id":30175638,"href":"https:\/\/www.upo.es\/diario\/wp-json\/wp\/v2\/posts\/30159887\/revisions\/30175638"}],"wp:attachment":[{"href":"https:\/\/www.upo.es\/diario\/wp-json\/wp\/v2\/media?parent=30159887"}],"wp:term":[{"taxonomy":"category","embeddable":true,"href":"https:\/\/www.upo.es\/diario\/wp-json\/wp\/v2\/categories?post=30159887"},{"taxonomy":"post_tag","embeddable":true,"href":"https:\/\/www.upo.es\/diario\/wp-json\/wp\/v2\/tags?post=30159887"}],"curies":[{"name":"wp","href":"https:\/\/api.w.org\/{rel}","templated":true}]}}