{"id":30236797,"date":"2019-01-29T07:25:54","date_gmt":"2019-01-29T07:25:54","guid":{"rendered":"https:\/\/www.upo.es\/diario\/?p=30236797"},"modified":"2019-01-29T07:43:44","modified_gmt":"2019-01-29T07:43:44","slug":"la-upo-acoge-manana-una-charla-sobre-la-problematica-de-los-rios-y-humedales-en-andalucia","status":"publish","type":"post","link":"https:\/\/www.upo.es\/diario\/institucional\/2019\/01\/la-upo-acoge-manana-una-charla-sobre-la-problematica-de-los-rios-y-humedales-en-andalucia\/","title":{"rendered":"La UPO acoge esta tarde una charla sobre la problem\u00e1tica de los r\u00edos y humedales en Andaluc\u00eda"},"content":{"rendered":"<p><a href=\"https:\/\/www.upo.es\/diario\/wp-content\/uploads\/2019\/01\/R\u00edos-y-humedales-andaluces.jpg\"><img loading=\"lazy\" decoding=\"async\" class=\"alignright size-medium wp-image-30236798\" alt=\"R\u00edos y humedales andaluces\" src=\"https:\/\/www.upo.es\/diario\/wp-content\/uploads\/2019\/01\/R\u00edos-y-humedales-andaluces-226x320.jpg\" width=\"226\" height=\"320\" srcset=\"https:\/\/www.upo.es\/diario\/wp-content\/uploads\/2019\/01\/R\u00edos-y-humedales-andaluces-226x320.jpg 226w, https:\/\/www.upo.es\/diario\/wp-content\/uploads\/2019\/01\/R\u00edos-y-humedales-andaluces-424x600.jpg 424w, https:\/\/www.upo.es\/diario\/wp-content\/uploads\/2019\/01\/R\u00edos-y-humedales-andaluces-600x848.jpg 600w, https:\/\/www.upo.es\/diario\/wp-content\/uploads\/2019\/01\/R\u00edos-y-humedales-andaluces.jpg 1587w\" sizes=\"auto, (max-width: 226px) 100vw, 226px\" \/><\/a>Hoy martes 29 de enero a las 16:00 horas en la Sala de Grados II CEI Cambio, Edif.25 (Biblioteca), tendr\u00e1 lugar la charla \u2018\u00bfQu\u00e9 est\u00e1 ocurriendo con nuestros r\u00edos y humedales?\u2019, de la mano de <b>Juan Matutano Cuenca<\/b>, educador ambiental en Ecotono Sociedad Cooperativa Andaluza y en la secretar\u00eda t\u00e9cnica del programa Andarr\u00edos de la Consejer\u00eda de Medio Ambiente y Ordenaci\u00f3n del Territorio.<\/p>\n<p>La charla, organizada por el Campus de Excelencia Internacional del Medio Ambiente, Biodiversidad y Cambio Global (CEI Cambio), consistir\u00e1 en una ponencia te\u00f3rico pr\u00e1ctica en la que se enmarcar\u00e1 la problem\u00e1tica actual de los ecosistemas acu\u00e1ticos de agua dulce en un contexto de crisis ambiental global.<\/p>\n<p>Esta actividad plantear\u00e1 la necesidad de un punto de inflexi\u00f3n en la materia y supondr\u00e1 el arranque de otras acciones que forman parte del Proyecto Agua y Vida de 2019, que contempla tambi\u00e9n dos jornadas pr\u00e1cticas de muestreo de ecosistemas acu\u00e1ticos centradas en la identificaci\u00f3n de macroinvertebrados de agua dulce y el c\u00e1lculo de \u00edndices de biodiversidad.<\/p>\n<p>La charla \u2018\u00bfQu\u00e9 est\u00e1 ocurriendo con nuestros r\u00edos y humedales?\u2019 tiene una duraci\u00f3n prevista de dos horas, es gratuita y se encuentra abierta a todas las personas interesadas en participar.<\/p>\n<p>&nbsp;<\/p>\n","protected":false},"excerpt":{"rendered":"<p>Hoy martes 29 de enero a las 16:00 horas en la Sala de Grados II CEI Cambio, Edif.25 (Biblioteca), tendr\u00e1 lugar la charla \u2018\u00bfQu\u00e9 est\u00e1 ocurriendo con nuestros r\u00edos y humedales?\u2019, de la mano de Juan Matutano Cuenca, educador ambiental en Ecotono Sociedad Cooperativa Andaluza y en la secretar\u00eda t\u00e9cnica del programa Andarr\u00edos de la Consejer\u00eda de Medio Ambiente y Ordenaci\u00f3n del Territorio. La charla, organizada por el Campus de Excelencia Internacional del Medio Ambiente, Biodiversidad y Cambio Global (CEI Cambio), consistir\u00e1 en una ponencia te\u00f3rico pr\u00e1ctica en la que se enmarcar\u00e1 la problem\u00e1tica actual de los ecosistemas acu\u00e1ticos de agua dulce en un contexto de crisis ambiental global.<\/p>\n","protected":false},"author":15,"featured_media":0,"comment_status":"closed","ping_status":"open","sticky":false,"template":"","format":"standard","meta":{"_monsterinsights_skip_tracking":false,"_monsterinsights_sitenote_active":false,"_monsterinsights_sitenote_note":"","_monsterinsights_sitenote_category":0,"footnotes":""},"categories":[6],"tags":[224,901,5762,5764,5763],"class_list":["post-30236797","post","type-post","status-publish","format-standard","hentry","category-institucional","tag-cei-cambio","tag-charla","tag-humedales","tag-juan-matutano","tag-rios"],"_links":{"self":[{"href":"https:\/\/www.upo.es\/diario\/wp-json\/wp\/v2\/posts\/30236797","targetHints":{"allow":["GET"]}}],"collection":[{"href":"https:\/\/www.upo.es\/diario\/wp-json\/wp\/v2\/posts"}],"about":[{"href":"https:\/\/www.upo.es\/diario\/wp-json\/wp\/v2\/types\/post"}],"author":[{"embeddable":true,"href":"https:\/\/www.upo.es\/diario\/wp-json\/wp\/v2\/users\/15"}],"replies":[{"embeddable":true,"href":"https:\/\/www.upo.es\/diario\/wp-json\/wp\/v2\/comments?post=30236797"}],"version-history":[{"count":3,"href":"https:\/\/www.upo.es\/diario\/wp-json\/wp\/v2\/posts\/30236797\/revisions"}],"predecessor-version":[{"id":30248789,"href":"https:\/\/www.upo.es\/diario\/wp-json\/wp\/v2\/posts\/30236797\/revisions\/30248789"}],"wp:attachment":[{"href":"https:\/\/www.upo.es\/diario\/wp-json\/wp\/v2\/media?parent=30236797"}],"wp:term":[{"taxonomy":"category","embeddable":true,"href":"https:\/\/www.upo.es\/diario\/wp-json\/wp\/v2\/categories?post=30236797"},{"taxonomy":"post_tag","embeddable":true,"href":"https:\/\/www.upo.es\/diario\/wp-json\/wp\/v2\/tags?post=30236797"}],"curies":[{"name":"wp","href":"https:\/\/api.w.org\/{rel}","templated":true}]}}