{"id":30251414,"date":"2019-01-29T11:58:55","date_gmt":"2019-01-29T11:58:55","guid":{"rendered":"https:\/\/www.upo.es\/diario\/?p=30251414"},"modified":"2019-02-12T13:59:13","modified_gmt":"2019-02-12T13:59:13","slug":"enach-asociacion-financia-en-la-upo-una-linea-de-investigacion-pionera-para-el-desarrollo-de-terapias-personalizadas","status":"publish","type":"post","link":"https:\/\/www.upo.es\/diario\/ciencia\/2019\/01\/enach-asociacion-financia-en-la-upo-una-linea-de-investigacion-pionera-para-el-desarrollo-de-terapias-personalizadas\/","title":{"rendered":"ENACH Asociaci\u00f3n financia en la UPO una l\u00ednea de investigaci\u00f3n pionera para el desarrollo de terapias personalizadas"},"content":{"rendered":"<figure id=\"attachment_30251518\" aria-describedby=\"caption-attachment-30251518\" style=\"width: 600px\" class=\"wp-caption aligncenter\"><a href=\"https:\/\/www.upo.es\/diario\/wp-content\/uploads\/2019\/01\/conveUPO_EnachAsociacion0002.jpg\"><img loading=\"lazy\" decoding=\"async\" class=\"size-large wp-image-30251518\" alt=\"El rector de la UPO Vicente Guzm\u00e1n junto a Antonio L\u00f3pez, presidente de ENACH Asociaci\u00f3n.\" src=\"https:\/\/www.upo.es\/diario\/wp-content\/uploads\/2019\/01\/conveUPO_EnachAsociacion0002-600x400.jpg\" width=\"600\" height=\"400\" srcset=\"https:\/\/www.upo.es\/diario\/wp-content\/uploads\/2019\/01\/conveUPO_EnachAsociacion0002-600x400.jpg 600w, https:\/\/www.upo.es\/diario\/wp-content\/uploads\/2019\/01\/conveUPO_EnachAsociacion0002-320x213.jpg 320w\" sizes=\"auto, (max-width: 600px) 100vw, 600px\" \/><\/a><figcaption id=\"caption-attachment-30251518\" class=\"wp-caption-text\">El rector de la UPO Vicente Guzm\u00e1n junto a Antonio L\u00f3pez, presidente de ENACH Asociaci\u00f3n.<\/figcaption><\/figure>\n<p>El rector de la Universidad Pablo de Olavide, <b>Vicente Guzm\u00e1n Fluja<\/b>, y el presidente de <a href=\"http:\/\/www.enach.org\/\">ENACH Asociaci\u00f3n<\/a> (Asociaci\u00f3n de Enfermedades Neurodegenerativas por Acumulaci\u00f3n Cerebral de Hierro), <b>Antonio L\u00f3pez Gal\u00e1n<\/b>, han firmado esta ma\u00f1ana un convenio de colaboraci\u00f3n para la contribuci\u00f3n en el <b>desarrollo de nuevos tratamientos alternativos a la neurodegeneraci\u00f3n asociada a la prote\u00edna beta-propeller (BPAN)<\/b>, uno de los 11 subtipos de la <b>enfermedad rara denominada NACH<\/b> que afecta en su mayor\u00eda a ni\u00f1os y ni\u00f1as durante su primera d\u00e9cada de vida.<\/p>\n<p>Esta <b>nueva l\u00ednea de investigaci\u00f3n<\/b> es una <b>acci\u00f3n pionera<\/b> que se enmarca en el<b> Proyecto BrainCure<\/b>, impulsado por ENACH Asociaci\u00f3n y desarrollado por el equipo cient\u00edfico dirigido por el profesor de la UPO <b>Jos\u00e9 Antonio S\u00e1nchez Alc\u00e1zar<\/b>, del Departamento de Fisiolog\u00eda, Anatom\u00eda y Biolog\u00eda Celular, referente internacional en la b\u00fasqueda de terapias frente a <b>enfermedades raras<\/b>.<\/p>\n<p>Tras la firma del convenio,<b> Vicente Guzm\u00e1n<\/b> ha resaltado que \u201ccomo instituci\u00f3n de servicio p\u00fablico, la Universidad tiene que trabajar para mejorar la vida de las personas y para llegar a lugares donde otras iniciativas no alcanzan\u201d, y ha afirmado tambi\u00e9n que \u201ccon la firma de este convenio, la UPO muestra su compromiso con cuestiones de verdadera importancia en nuestra sociedad. La Universidad Pablo de Olavide y sus investigadores van a estar, en la medida de lo posible, en la batalla contra estas enfermedades\u201d.<\/p>\n<p>Por su parte, <b>Antonio L\u00f3pez<\/b> ha mostrado su agradecimiento a la Universidad Pablo de Olavide al firmar el acuerdo con un \u00e1rea \u201cque se encontraba muy sola\u201d y resalta la importancia del movimiento asociativo, cuyo \u201cesfuerzo y esp\u00edritu de lucha\u201d conlleva beneficios para la sociedad en su conjunto. Por otro lado, el investigador <b>Jos\u00e9 Antonio S\u00e1nchez Alc\u00e1zar<\/b> ha destacado el componente social y esperanzador de este proyecto \u201cya que genera ilusi\u00f3n en las personas y en las familias que sufren estas enfermedades que son progresivas y que no ten\u00edan tratamiento. Motiva incluso en la competencia un movimiento por cambiar las cosas, por hacer posible lo que parec\u00eda imposible\u201d.<\/p>\n<figure id=\"attachment_30251519\" aria-describedby=\"caption-attachment-30251519\" style=\"width: 320px\" class=\"wp-caption alignright\"><a href=\"https:\/\/www.upo.es\/diario\/wp-content\/uploads\/2019\/01\/conveUPO_EnachAsociacion0003.jpg\"><img loading=\"lazy\" decoding=\"async\" class=\"size-medium wp-image-30251519\" alt=\"De izquierda a derecha, la vicerrectora de Relaciones Institucionales Pilar Rodr\u00edguez Reina, el doctor Jos\u00e9 Antonio S\u00e1nchez Alc\u00e1zar, el rector de la UPO Vicente Guzm\u00e1n Fluja, el presidente de ENAC Asociaci\u00f3n Antonio L\u00f3pez Gal\u00e1n, y las investigadoras Alejandra Su\u00e1rez y M\u00f3nica \u00c1lvarez. \" src=\"https:\/\/www.upo.es\/diario\/wp-content\/uploads\/2019\/01\/conveUPO_EnachAsociacion0003-320x213.jpg\" width=\"320\" height=\"213\" srcset=\"https:\/\/www.upo.es\/diario\/wp-content\/uploads\/2019\/01\/conveUPO_EnachAsociacion0003-320x213.jpg 320w, https:\/\/www.upo.es\/diario\/wp-content\/uploads\/2019\/01\/conveUPO_EnachAsociacion0003-600x400.jpg 600w\" sizes=\"auto, (max-width: 320px) 100vw, 320px\" \/><\/a><figcaption id=\"caption-attachment-30251519\" class=\"wp-caption-text\">De izquierda a derecha, la vicerrectora de Relaciones Institucionales Pilar Rodr\u00edguez Reina, el doctor Jos\u00e9 Antonio S\u00e1nchez Alc\u00e1zar, el rector de la UPO Vicente Guzm\u00e1n Fluja, el presidente de ENACH Asociaci\u00f3n Antonio L\u00f3pez Gal\u00e1n, y las investigadoras Alejandra Su\u00e1rez y M\u00f3nica \u00c1lvarez.<\/figcaption><\/figure>\n<p><b>Proyecto BrainCure<\/b><\/p>\n<p>ENACH es una asociaci\u00f3n sin \u00e1nimo de lucro que tiene por finalidad <b>promover la investigaci\u00f3n dirigida a buscar la cura o cronificaci\u00f3n de los enfermos<\/b> con este grupo de patolog\u00edas neurodegenerativas. Este grupo de trastornos neurodegenerativos, que padecen unas 60 personas de Espa\u00f1a y aproximadamente 15000 pacientes en el mundo, se caracteriza por una disfunci\u00f3n del sistema nervioso central y la acumulaci\u00f3n de hierro en determinadas \u00e1reas del cerebro, lo que provoca la discapacidad progresiva de los pacientes.<\/p>\n<p>As\u00ed, el Proyecto BrainCure pretende <b>buscar f\u00e1rmacos ya existentes en el mercado<\/b> que, combinados entre s\u00ed y en distintas dosis, puedan ser una opci\u00f3n terap\u00e9utica para los pacientes ENACH. Como explica Antonio L\u00f3pez, presidente de ENACH Asociaci\u00f3n, \u201cse trata de encontrar medicamentos ya existentes <b>para tratar a nuestros ni\u00f1os hoy, no ma\u00f1ana<\/b>\u201d.<\/p>\n<p>Desde que se pusiera en marcha el Proyecto BrainCure en el a\u00f1o 2014, el equipo del profesor S\u00e1nchez Alc\u00e1zar, que desarrolla su trabajo en el <b>CABD<\/b> (Centro Andaluz de Biolog\u00eda del Desarrollo), ha logrado grandes avances, como <b>encontrar un m\u00e9todo que permite determinar de forma individualizada cu\u00e1l es la combinaci\u00f3n de medicamentos<\/b> m\u00e1s efectiva para paliar los severos efectos de la Neurodegeneraci\u00f3n con Acumulaci\u00f3n Cerebral de Hierro (NACH).<\/p>\n<p>De esta manera, los <b>resultados obtenidos en el laboratorio con modelos celulares de los propios pacientes<\/b>, que luego se est\u00e1n trasladado a la <b>cl\u00ednica<\/b> con resultados muy prometedores en el subtipo ENACH llamado PKAN (el m\u00e1s prevalente de los subtipos), ha llevado a aplicar la misma metodolog\u00eda a los dem\u00e1s subtipos ENACH con resultados tambi\u00e9n alentadores a nivel de laboratorio.<\/p>\n<p>\u201cSe han identificado 13 medicamentos para el subtipo PKAN, 5 pacientes se encuentran en tratamiento con excelentes resultados y 3 se est\u00e1n incorporando con un c\u00f3ctel mejorado. Respecto al subtipo PLAN, se han identificado 15 medicamentos y un paciente acaba de comenzar el tratamiento. Ahora comenzaremos con el subtipo BPAN y queremos incluir a MPAN como una posible l\u00ednea de investigaci\u00f3n\u201d, explica Antonio L\u00f3pez.<\/p>\n<p>El equipo del doctor S\u00e1nchez Alc\u00e1zar propone una visi\u00f3n ambiciosa y <b>adaptada al nuevo concepto de medicina personalizada<\/b>. Este equipo cient\u00edfico propone evaluar la efectividad terap\u00e9utica de los distintos tratamientos en los fibroblastos derivados de los pacientes y en c\u00e9lulas neuronales generadas por reprogramaci\u00f3n directa. El doctor S\u00e1nchez Alc\u00e1zar explica que, para conseguir este objetivo, \u201cestudiamos los efectos de estos tratamientos sobre las alteraciones fisiopatol\u00f3gicas presentes en los fibroblastos y c\u00e9lulas neuronales derivadas de los pacientes\u201d. De esta manera eval\u00faan los efectos de los diferentes f\u00e1rmacos y dosis <i>in vitro<\/i> sobre los tejidos de los propios pacientes y as\u00ed poder <b>observar los resultados de forma individualizada con un menor riesgo de efectos adversos para el enfermo.<\/b><b>\u00a0<\/b><\/p>\n<p>Una vez que BrainCure identifica qu\u00e9 medicamentos y en qu\u00e9 dosis funcionan en los fibroblastos de cada paciente, los resultados son presentados al neur\u00f3logo de dicho paciente para que decida si aplicar el tratamiento o no.<\/p>\n<p>As\u00ed, gracias a este convenio por el que <b>ENACH Asociaci\u00f3n donar\u00e1 44000 euros<\/b>, el grupo de investigaci\u00f3n de S\u00e1nchez Alc\u00e1zar llevar\u00e1 a cabo la caracterizaci\u00f3n de los mecanismos fisiopatog\u00e9nicos en los fibroblastos de pacientes con neurodegeneraci\u00f3n asociada a la prote\u00edna beta-propeller (BPAN). Por otro lado, otra de las l\u00edneas de investigaci\u00f3n ser\u00e1 valorar la eficacia e indicaci\u00f3n hu\u00e9rfana de los agentes que modulan la autofagia\/mitofagia y la biog\u00e9nesis mitocondrial.<\/p>\n<p>Poco a poco, el proyecto BrainCure va creciendo y recibiendo <b>apoyos tanto dentro como fuera de Espa\u00f1a<\/b>. Recientemente, la Asociaci\u00f3n hermana de ENACH en Francia, <b>AIDNAI<\/b>, ha firmado un acuerdo de colaboraci\u00f3n y apoyo a este proyecto y en las pr\u00f3ximas semanas habr\u00e1 adhesiones al mismo por parte de otras organizaciones internacionales.<\/p>\n<p>&gt; English version:\u00a0<a title=\"The ENACH Association is financing a pioneering research line at the UPO to develop personalised therapies\" href=\"https:\/\/www.upo.es\/diario\/english\/2019\/01\/the-enach-association-is-financing-a-pioneering-research-line-at-the-upo-to-develop-personalised-therapies\/\"><strong><em>The ENACH Association is financing a pioneering research line at the UPO to develop personalised therapies<\/em><\/strong><\/a><\/p>\n","protected":false},"excerpt":{"rendered":"<p>El rector de la Universidad Pablo de Olavide, Vicente Guzm\u00e1n Fluja, y el presidente de ENACH Asociaci\u00f3n (Asociaci\u00f3n de Enfermedades Neurodegenerativas por Acumulaci\u00f3n Cerebral de Hierro), Antonio L\u00f3pez Gal\u00e1n, han firmado un convenio de colaboraci\u00f3n para la contribuci\u00f3n en el desarrollo de nuevos tratamientos alternativos a la neurodegeneraci\u00f3n asociada a la prote\u00edna beta-propeller (BPAN), uno de los 11 subtipos de la enfermedad rara denominada NACH que afecta en su mayor\u00eda a ni\u00f1os y ni\u00f1as durante su primera d\u00e9cada de vida. <\/p>\n","protected":false},"author":2,"featured_media":0,"comment_status":"closed","ping_status":"open","sticky":false,"template":"","format":"standard","meta":{"_monsterinsights_skip_tracking":false,"_monsterinsights_sitenote_active":false,"_monsterinsights_sitenote_note":"","_monsterinsights_sitenote_category":0,"footnotes":""},"categories":[3],"tags":[5766,4401,5767,4402,117,1832,5765,5768],"class_list":["post-30251414","post","type-post","status-publish","format-standard","hentry","category-ciencia","tag-acumulacion-de-hierro","tag-enach","tag-enach-asociacion","tag-enfermedades-neurodegenerativas","tag-enfermedades-raras","tag-jose-antonio-sanchez-alcazar","tag-proyecto-braincure","tag-tratamientos-alternativos"],"_links":{"self":[{"href":"https:\/\/www.upo.es\/diario\/wp-json\/wp\/v2\/posts\/30251414","targetHints":{"allow":["GET"]}}],"collection":[{"href":"https:\/\/www.upo.es\/diario\/wp-json\/wp\/v2\/posts"}],"about":[{"href":"https:\/\/www.upo.es\/diario\/wp-json\/wp\/v2\/types\/post"}],"author":[{"embeddable":true,"href":"https:\/\/www.upo.es\/diario\/wp-json\/wp\/v2\/users\/2"}],"replies":[{"embeddable":true,"href":"https:\/\/www.upo.es\/diario\/wp-json\/wp\/v2\/comments?post=30251414"}],"version-history":[{"count":6,"href":"https:\/\/www.upo.es\/diario\/wp-json\/wp\/v2\/posts\/30251414\/revisions"}],"predecessor-version":[{"id":30251521,"href":"https:\/\/www.upo.es\/diario\/wp-json\/wp\/v2\/posts\/30251414\/revisions\/30251521"}],"wp:attachment":[{"href":"https:\/\/www.upo.es\/diario\/wp-json\/wp\/v2\/media?parent=30251414"}],"wp:term":[{"taxonomy":"category","embeddable":true,"href":"https:\/\/www.upo.es\/diario\/wp-json\/wp\/v2\/categories?post=30251414"},{"taxonomy":"post_tag","embeddable":true,"href":"https:\/\/www.upo.es\/diario\/wp-json\/wp\/v2\/tags?post=30251414"}],"curies":[{"name":"wp","href":"https:\/\/api.w.org\/{rel}","templated":true}]}}