{"id":3026476,"date":"2014-03-03T00:45:25","date_gmt":"2014-03-03T00:45:25","guid":{"rendered":"https:\/\/www.upo.es\/diario\/?p=3026476"},"modified":"2014-03-04T14:09:33","modified_gmt":"2014-03-04T14:09:33","slug":"manana-se-celebra-en-la-upo-la-i-feria-universitaria-movilizate","status":"publish","type":"post","link":"https:\/\/www.upo.es\/diario\/institucional\/2014\/03\/manana-se-celebra-en-la-upo-la-i-feria-universitaria-movilizate\/","title":{"rendered":"Ma\u00f1ana se celebra en la UPO la I Feria Universitaria MOVIL\u00cdZATE"},"content":{"rendered":"<p>Ma\u00f1ana <strong>martes 4 de marzo de 2014<\/strong> tendr\u00e1 lugar en la Universidad Pablo de Olavide de Sevilla la\u00a0 <strong>I Feria Universitaria MOVIL\u00cdZATE<\/strong>, que pone en marcha la Oficina para la Igualdad del Vicerrectorado de Cultura, Participaci\u00f3n y Compromiso Social de la UPO, con motivo de la programaci\u00f3n en esta universidad de las actividades para celebrar el 8 de marzo \u201cD\u00eda Internacional de las mujeres\u201d.<\/p>\n<p>La feria MOVIL\u00cdZATE es un<strong> encuentro entre movimientos feministas y asociaciones comprometidas con la igualdad<\/strong> de oportunidades y tem\u00e1ticas de g\u00e9nero, para visibilizar la presencia y la acci\u00f3n de los mismos en el \u00e1mbito universitario.<\/p>\n<p>Esta iniciativa tendr\u00e1 lugar en la galer\u00eda central de la Universidad Pablo de Olavide, un espacio abierto y de paso para toda la comunidad universitaria. El horario de apertura de la feria es de 10 \u00a0a 16 horas.<\/p>\n<p>En esta feria interactiva se van a poner en marcha diversas actividades dirigidas a toda la comunidad universitaria. Estas actividades son programadas gracias a la participaci\u00f3n de Acci\u00f3n en Red, Asamblea Feminista, Asociaci\u00f3n Mar\u00eda Coraje, AMUVI, Intered, Mujeres Supervivientes, Secretar\u00eda de la Mujer de CCOO y Uni\u00f3n Roman\u00ed.<\/p>\n<p><strong>Programa de actividades:<\/strong><\/p>\n<ul>\n<li>10:00h-10:15h\u00a0\u00a0 Proyecci\u00f3n Spot \u00abDecidir nos hace libres\u00bb y debate\/reflexi\u00f3n.<\/li>\n<li>10:30h-11:30h\u00a0\u00a0 Taller \u201cJuguemos con los Cuidados\u201d. Din\u00e1micas l\u00fadico-teatrales para reflexionar sobre los cuidados<\/li>\n<li>11:30h-12:30h\u00a0\u00a0 Charla debate Voluntariado y G\u00e9nero<\/li>\n<li>12:30h-13:15h\u00a0\u00a0 Proyecci\u00f3n corto \u00abHechos son amores\u00bb.\u00a0 Prevenci\u00f3n violencia sexista y debate\/reflexi\u00f3n.<\/li>\n<li>13:15h-14:00h\u00a0\u00a0 Video f\u00f3rum \u201cAct\u00faa con cuidado. Transforma la realidad. Pistas para un modelo de vida sostenible\u201d<\/li>\n<li>14:00h-14:45h\u00a0\u00a0 Proyecci\u00f3n Documental\u00a0 \u201c100.000 mujeres invisibles. Da voz a mujeres que han interrumpido su embarazo.\u201d Y debate\/reflexi\u00f3n.<\/li>\n<li>15:00-15:30h\u00a0\u00a0\u00a0\u00a0 Obra teatral \u201cCuadros vivos. Relatos contra la violencia de g\u00e9nero\u201d.<\/li>\n<\/ul>\n<p>Adem\u00e1s de estas actividades programadas, se llevar\u00e1n a cabo otras actividades dirigidas a la participaci\u00f3n conjunta de toda la comunidad universitaria, una de ellas la elaboraci\u00f3n del manifiesto de la Universidad Pablo de Olavide con motivo del 8 de marzo, el cual se redactar\u00e1 con las aportaciones de quienes quieran colaborar.<\/p>\n","protected":false},"excerpt":{"rendered":"<p>Ma\u00f1ana martes 4 de marzo de 2014 tendr\u00e1 lugar en la Universidad Pablo de Olavide de Sevilla la  I Feria Universitaria MOVIL\u00cdZATE, que pone en marcha la Oficina para la Igualdad del Vicerrectorado de Cultura, Participaci\u00f3n y Compromiso Social de la UPO, con motivo de la programaci\u00f3n en esta universidad de las actividades para celebrar el 8 de marzo \u201cD\u00eda Internacional de las mujeres\u201d.<\/p>\n","protected":false},"author":6,"featured_media":0,"comment_status":"closed","ping_status":"open","sticky":false,"template":"","format":"standard","meta":{"_acf_changed":false,"_monsterinsights_skip_tracking":false,"footnotes":""},"categories":[6],"tags":[890,1042,336,517],"class_list":["post-3026476","post","type-post","status-publish","format-standard","hentry","category-institucional","tag-feminismo","tag-feria","tag-genero","tag-igualdad"],"acf":[],"_links":{"self":[{"href":"https:\/\/www.upo.es\/diario\/wp-json\/wp\/v2\/posts\/3026476","targetHints":{"allow":["GET"]}}],"collection":[{"href":"https:\/\/www.upo.es\/diario\/wp-json\/wp\/v2\/posts"}],"about":[{"href":"https:\/\/www.upo.es\/diario\/wp-json\/wp\/v2\/types\/post"}],"author":[{"embeddable":true,"href":"https:\/\/www.upo.es\/diario\/wp-json\/wp\/v2\/users\/6"}],"replies":[{"embeddable":true,"href":"https:\/\/www.upo.es\/diario\/wp-json\/wp\/v2\/comments?post=3026476"}],"version-history":[{"count":6,"href":"https:\/\/www.upo.es\/diario\/wp-json\/wp\/v2\/posts\/3026476\/revisions"}],"predecessor-version":[{"id":3026478,"href":"https:\/\/www.upo.es\/diario\/wp-json\/wp\/v2\/posts\/3026476\/revisions\/3026478"}],"wp:attachment":[{"href":"https:\/\/www.upo.es\/diario\/wp-json\/wp\/v2\/media?parent=3026476"}],"wp:term":[{"taxonomy":"category","embeddable":true,"href":"https:\/\/www.upo.es\/diario\/wp-json\/wp\/v2\/categories?post=3026476"},{"taxonomy":"post_tag","embeddable":true,"href":"https:\/\/www.upo.es\/diario\/wp-json\/wp\/v2\/tags?post=3026476"}],"curies":[{"name":"wp","href":"https:\/\/api.w.org\/{rel}","templated":true}]}}