{"id":3026922,"date":"2014-03-03T14:36:07","date_gmt":"2014-03-03T14:36:07","guid":{"rendered":"https:\/\/www.upo.es\/diario\/?p=3026922"},"modified":"2014-03-04T14:09:05","modified_gmt":"2014-03-04T14:09:05","slug":"la-residencia-universitaria-flora-tristan-premio-meridiana-2014-a-la-defensa-de-la-igualdad-de-genero","status":"publish","type":"post","link":"https:\/\/www.upo.es\/diario\/institucional\/2014\/03\/la-residencia-universitaria-flora-tristan-premio-meridiana-2014-a-la-defensa-de-la-igualdad-de-genero\/","title":{"rendered":"La residencia universitaria Flora Trist\u00e1n, Premio Meridiana 2014 a la Defensa de la Igualdad de G\u00e9nero"},"content":{"rendered":"<figure id=\"attachment_974938\" aria-describedby=\"caption-attachment-974938\" style=\"width: 320px\" class=\"wp-caption alignright\"><a href=\"https:\/\/www.upo.es\/diario\/wp-content\/uploads\/2013\/06\/flora.jpg\"><img loading=\"lazy\" decoding=\"async\" class=\"size-medium wp-image-974938\" alt=\"Estudiantes ante la Residencia Flora Trist\u00e1n\" src=\"https:\/\/www.upo.es\/diario\/wp-content\/uploads\/2013\/06\/flora-320x213.jpg\" width=\"320\" height=\"213\" srcset=\"https:\/\/www.upo.es\/diario\/wp-content\/uploads\/2013\/06\/flora-320x213.jpg 320w, https:\/\/www.upo.es\/diario\/wp-content\/uploads\/2013\/06\/flora-1024x682.jpg 1024w, https:\/\/www.upo.es\/diario\/wp-content\/uploads\/2013\/06\/flora-600x400.jpg 600w, https:\/\/www.upo.es\/diario\/wp-content\/uploads\/2013\/06\/flora.jpg 1900w\" sizes=\"auto, (max-width: 320px) 100vw, 320px\" \/><\/a><figcaption id=\"caption-attachment-974938\" class=\"wp-caption-text\">La Flora Trist\u00e1n pretende proporcionar a los estudiantes una formaci\u00f3n humana integral m\u00e1s all\u00e1 de la acad\u00e9mica<\/figcaption><\/figure>\n<p>La <strong>Consejer\u00eda de Igualdad, Salud y Pol\u00edticas Sociales<\/strong>, a trav\u00e9s de su Instituto Andaluz de la Mujer (IAM), ha dado a conocer el fallo del jurado de los <strong>Premios Meridiana 2014<\/strong>, que tienen como finalidad otorgar reconocimiento p\u00fablico a la labor desarrollada por personas, colectivos, entidades e instituciones que hayan contribuido y destacado en la defensa de la igualdad de derechos y oportunidades entre mujeres y hombres. Uno de estos reconocimientos ha reca\u00eddo este a\u00f1o en la residencia universitaria de la Universidad Pablo de Olavide \u201cFlora Trist\u00e1n\u201d, ubicada en el Pol\u00edgono Sur, que este mes cumple 10 a\u00f1os, y que<strong> ha sido galardonada en el apartado \u201cIniciativas contra la exclusi\u00f3n social\u201d<\/strong>. La entrega de premios tendr\u00e1 lugar en Sevilla el pr\u00f3ximo 10 de marzo, para conmemorar el D\u00eda Internacional de las Mujeres.<\/p>\n<p>Para la edici\u00f3n de 2014, el jurado ha decidido entregar un total de 10 galardones, distribuidos entre las seis modalidades de premio habituales y un reconocimiento especial del jurado a la periodista Pepa Bueno, presentadora del programa \u201cHoy por hoy\u201d de la Cadena Ser, por su contribuci\u00f3n a la visibilizaci\u00f3n de las mujeres en la vida pol\u00edtica, cultural y social y en los medios de comunicaci\u00f3n.<\/p>\n<p>En la modalidad de \u201cIniciativas en los medios de comunicaci\u00f3n o publicitarios\u201d, el IAM ha concedido el premio a la Asociaci\u00f3n de Periodistas ASOC de la Prensa de Almer\u00eda por su defensa de la igualdad, a trav\u00e9s del tratamiento informativo, de la formaci\u00f3n en materia de g\u00e9nero ofrecida a sus profesionales asociados y de la creaci\u00f3n del premio Colombine para reconocer el periodismo igualitario.<\/p>\n<p>En el apartado de \u201cIniciativas contra la exclusi\u00f3n social o de cooperaci\u00f3n al desarrollo\u201d se ha concedido dos galardones. Uno de ellos para la Residencia Universitaria Flora Trist\u00e1n, de la Universidad Pablo de Olavide, por la labor que desarrolla para la renovaci\u00f3n social del Pol\u00edgono Sur, barrio sevillano en el que se ubica, y por su m\u00e9todo participativo y colaborador de trabajar por la igualdad. El otro galard\u00f3n ha reca\u00eddo en la asociaci\u00f3n malague\u00f1a Arrabal AID, por su esfuerzo diario para mejorar las condiciones sociales y laborales de las personas, especialmente de aquellas m\u00e1s vulnerables o en riesgo de exclusi\u00f3n social, trabajando para que sean protagonistas de su propio proceso de cambio.<\/p>\n<p>En \u201cIniciativas empresariales o tecnol\u00f3gicas\u201d se ha reconocido el trabajo de la empresa granadina IRIS Servicios a la Comunidad SLU, por integrar la igualdad de trato como principio b\u00e1sico de su organizaci\u00f3n, eliminando desigualdades en el acceso y participaci\u00f3n en su estructura empresarial.<\/p>\n<p>En la modalidad de \u201cIniciativas de producci\u00f3n art\u00edstica, cultural o deportiva\u201d se han otorgado dos premios. Uno de ellos para la futbolista jiennense Celia Jim\u00e9nez, referente en la lucha por la igualdad en el mundo del deporte, donde ha conseguido competir al m\u00e1s alto nivel en una especialidad tradicionalmente masculina, el f\u00fatbol. El otro galard\u00f3n ha sido para la escritora cordobesa y profesora de Arte Remedios Zafra, por su trayectoria profesional y art\u00edstica como defensora de los derechos de las mujeres.<\/p>\n<p>La quinta modalidad, \u201cIniciativas contra la violencia de g\u00e9nero\u201d, ha reca\u00eddo en la ONG Mujeres en Zona de Conflicto, en reconocimiento a su contribuci\u00f3n a la lucha contra el maltrato a trav\u00e9s de la acci\u00f3n social y la educaci\u00f3n, atendiendo de forma especial la trata de mujeres y ni\u00f1as con fines de explotaci\u00f3n sexual y la violencia de g\u00e9nero en los conflictos armados.<\/p>\n<p>Por \u00faltimo, en la categor\u00eda de \u201cIniciativas que promueven el desarrollo de valores en defensa de la igualdad entre las personas o empresas j\u00f3venes\u201d, el IAM ha otorgado dos premios: uno para la onubense Felicidad S\u00e1nchez Rodr\u00edguez, profesora de Secundaria destacada por promover la igualdad en su labor educativa, a trav\u00e9s de las tecnolog\u00edas de la informaci\u00f3n y la comunicaci\u00f3n; y otro para Mar\u00eda Jes\u00fas Aramburu, profesora del IES Pol\u00edgono Sur de Sevilla, por su compromiso con la educaci\u00f3n no sexista y la atenci\u00f3n a la diversidad a trav\u00e9s del proyecto &#8216;Iniciativas contra la exclusi\u00f3n social o de cooperaci\u00f3n al desarrollo&#8217;.<\/p>\n<p>La residencia universitaria Flora Trist\u00e1n, dependiente del Vicerrectorado de Cultura, Participaci\u00f3n y Compromiso Social de la Universidad Pablo de Olavide, es una iniciativa pionera en Andaluc\u00eda que pretende proporcionar a los estudiantes universitarios una formaci\u00f3n humana integral m\u00e1s all\u00e1 de la formaci\u00f3n acad\u00e9mica, adem\u00e1s de contribuir a la revitalizaci\u00f3n del Pol\u00edgono Sur a trav\u00e9s de la presencia cotidiana de los j\u00f3venes universitarios.<\/p>\n<p>&nbsp;<\/p>\n","protected":false},"excerpt":{"rendered":"<p>La Consejer\u00eda de Igualdad, Salud y Pol\u00edticas Sociales ha dado a conocer el fallo del jurado de los Premios Meridiana 2014, que tienen como finalidad otorgar reconocimiento p\u00fablico a la labor desarrollada por personas, colectivos, entidades e instituciones que hayan contribuido y destacado en la defensa de la igualdad de derechos y oportunidades entre mujeres y hombres. Uno de estos reconocimientos ha reca\u00eddo este a\u00f1o en la residencia universitaria \u201cFlora Trist\u00e1n\u201d, que ha sido galardonada en el apartado \u201cIniciativas contra la exclusi\u00f3n social\u201d. La entrega de premios tendr\u00e1 lugar en Sevilla el pr\u00f3ximo 10 de marzo, para conmemorar el D\u00eda Internacional de las Mujeres.<\/p>\n","protected":false},"author":6,"featured_media":0,"comment_status":"closed","ping_status":"open","sticky":false,"template":"","format":"standard","meta":{"_monsterinsights_skip_tracking":false,"_monsterinsights_sitenote_active":false,"_monsterinsights_sitenote_note":"","_monsterinsights_sitenote_category":0,"footnotes":""},"categories":[6],"tags":[455,517,203,357,58,1064],"class_list":["post-3026922","post","type-post","status-publish","format-standard","hentry","category-institucional","tag-exclusion-social","tag-igualdad","tag-junta-de-andalucia","tag-poligono-sur","tag-premio","tag-residencia-flora-tristan"],"_links":{"self":[{"href":"https:\/\/www.upo.es\/diario\/wp-json\/wp\/v2\/posts\/3026922","targetHints":{"allow":["GET"]}}],"collection":[{"href":"https:\/\/www.upo.es\/diario\/wp-json\/wp\/v2\/posts"}],"about":[{"href":"https:\/\/www.upo.es\/diario\/wp-json\/wp\/v2\/types\/post"}],"author":[{"embeddable":true,"href":"https:\/\/www.upo.es\/diario\/wp-json\/wp\/v2\/users\/6"}],"replies":[{"embeddable":true,"href":"https:\/\/www.upo.es\/diario\/wp-json\/wp\/v2\/comments?post=3026922"}],"version-history":[{"count":5,"href":"https:\/\/www.upo.es\/diario\/wp-json\/wp\/v2\/posts\/3026922\/revisions"}],"predecessor-version":[{"id":3038287,"href":"https:\/\/www.upo.es\/diario\/wp-json\/wp\/v2\/posts\/3026922\/revisions\/3038287"}],"wp:attachment":[{"href":"https:\/\/www.upo.es\/diario\/wp-json\/wp\/v2\/media?parent=3026922"}],"wp:term":[{"taxonomy":"category","embeddable":true,"href":"https:\/\/www.upo.es\/diario\/wp-json\/wp\/v2\/categories?post=3026922"},{"taxonomy":"post_tag","embeddable":true,"href":"https:\/\/www.upo.es\/diario\/wp-json\/wp\/v2\/tags?post=3026922"}],"curies":[{"name":"wp","href":"https:\/\/api.w.org\/{rel}","templated":true}]}}