{"id":30280328,"date":"2019-01-31T12:55:56","date_gmt":"2019-01-31T12:55:56","guid":{"rendered":"https:\/\/www.upo.es\/diario\/?p=30280328"},"modified":"2019-02-04T10:38:51","modified_gmt":"2019-02-04T10:38:51","slug":"csic-upo-y-us-presentan-el-proyecto-europeo-conneccaribbean","status":"publish","type":"post","link":"https:\/\/www.upo.es\/diario\/ciencia\/2019\/01\/csic-upo-y-us-presentan-el-proyecto-europeo-conneccaribbean\/","title":{"rendered":"CSIC, UPO y US presentan el proyecto europeo &#8216;ConnecCaribbean&#8217;"},"content":{"rendered":"<figure id=\"attachment_30280516\" aria-describedby=\"caption-attachment-30280516\" style=\"width: 600px\" class=\"wp-caption aligncenter\"><a href=\"https:\/\/www.upo.es\/diario\/wp-content\/uploads\/2019\/01\/proyecto_connectedworlds.jpg\"><img loading=\"lazy\" decoding=\"async\" class=\"size-large wp-image-30280516\" alt=\"De izquierda a derecha, Bruno Mart\u00ednez Haya, vicerrector de Investigaci\u00f3n y Transferencia de la Universidad Pablo de Olavide; la coordinadora del proyecto, Consuelo Naranjo Orovio, directora e investigadora del Instituto de Historia del CSIC;  Margarita Paneque, delegada institucional del CISC en Andaluc\u00eda; y Juli\u00e1n Mart\u00ednez, vicerrector de Investigaci\u00f3n de la Universidad de Sevilla.   Foto cedida por el CSIC. \" src=\"https:\/\/www.upo.es\/diario\/wp-content\/uploads\/2019\/01\/proyecto_connectedworlds-600x400.jpg\" width=\"600\" height=\"400\" srcset=\"https:\/\/www.upo.es\/diario\/wp-content\/uploads\/2019\/01\/proyecto_connectedworlds-600x400.jpg 600w, https:\/\/www.upo.es\/diario\/wp-content\/uploads\/2019\/01\/proyecto_connectedworlds-320x213.jpg 320w, https:\/\/www.upo.es\/diario\/wp-content\/uploads\/2019\/01\/proyecto_connectedworlds.jpg 1920w\" sizes=\"auto, (max-width: 600px) 100vw, 600px\" \/><\/a><figcaption id=\"caption-attachment-30280516\" class=\"wp-caption-text\">De izquierda a derecha, Bruno Mart\u00ednez Haya, vicerrector de Investigaci\u00f3n y Transferencia de la Universidad Pablo de Olavide; Margarita Paneque, delegada institucional del CSIC en Andaluc\u00eda; la coordinadora del proyecto, Consuelo Naranjo Orovio, directora e investigadora del Instituto de Historia del CSIC;\u00a0 y Juli\u00e1n Mart\u00ednez, vicerrector de Investigaci\u00f3n de la Universidad de Sevilla. Foto cedida por el CSIC.<\/figcaption><\/figure>\n<p>Hoy jueves 31 de enero se ha presentado en la Casa de la Provincia <b>el proyecto europeo ConnecCaribbean (Connected Worlds: The Caribbean, Origin of Modern World)<\/b> financiado con 1.922.800 \u20ac por la Uni\u00f3n Europea a trav\u00e9s del Programa de Investigaci\u00f3n e Innovaci\u00f3n Horizon 2020, Marie Sklodowska-Curie Research and Innovation Staff Exchange- RISE- &#8211; RISE- (ConnecCaribbean-823846). La Universidad Pablo de Olavide participa en el proyecto trav\u00e9s de un equipo de investigaci\u00f3n liderado por el catedr\u00e1tico de Historia de Am\u00e9rica de la Olavide<b>, Juan Marchena.<\/b><\/p>\n<p>Al acto de presentaci\u00f3n han asistido la coordinadora del proyecto, <b>Consuelo Naranjo Orovio<\/b>, directora e investigadora del Instituto de Historia del CSIC; <b>Bruno Mart\u00ednez Haya<\/b>, vicerrector de Investigaci\u00f3n y Transferencia de la Universidad Pablo de Olavide; <b>Margarita Paneque<\/b>, delegada institucional del CISC en Andaluc\u00eda; y <b>Juli\u00e1n Mart\u00ednez<\/b>, vicerrector de Investigaci\u00f3n de la Universidad de Sevilla.<\/p>\n<p>En el proyecto participan 84 investigadores de 15 instituciones de Europa, el Caribe y Am\u00e9rica Latina. Adem\u00e1s de la Universidad Pablo de Olavide, colaboran la Universidad de Sevilla, Ediciones Doce Calles, Leibniz Universit\u00e4t Hannover, IHEAL-Universit\u00e9 Sorbonne Nouvelle, Par\u00eds, Laboratoire Carib\u00e9en de Sciences Sociales de la Universit\u00e9 des Antilles, Martinica, Universit\u00e0 Cattolica del Sacro Cuore, Mil\u00e1n, Centro de Estudios Caribe\u00f1os de la Pontificia Universidad Cat\u00f3lica Madre y Maestra, Academia de la Historia de Cuba, Centro de Investigaciones Hist\u00f3ricas de Am\u00e9rica Central (CIHAC) de la Universidad de Costa Rica, Universidad del Norte, Barranquilla, Universidad Nacional del Magdalena, Santa Marta, Universidad del Turabo-SUAGM y el Centro de Estudios Culturales Latinoamericanos (CECLA) de la Universidad de Chile.<\/p>\n<p><b>ConnecCaribbean tiene como objetivo crear redes de investigaci\u00f3n y activar el intercambio universitario a partir de un proyecto de investigaci\u00f3n com\u00fan.<\/b> Representa una oportunidad para fortalecer v\u00ednculos entre los territorios del Caribe, Europa y Am\u00e9rica Latina. Con un enfoque transnacional, se abordar\u00e1n temas que configuraron el Mundo Atl\u00e1ntico desde 1492, algunos de los cuales perviven en la regi\u00f3n del Caribe: comercio y sistema esclavista, raza, racismo, pol\u00edticas imperiales, resistencias, circulaci\u00f3n de conocimientos, im\u00e1genes, representaciones en y del Caribe, y modelos de desarrollo.<\/p>\n<p>El proyecto <b>se desarrollar\u00e1 entre 2019 y 2022<\/b> y contempla intercambios de personal investigador de distintas disciplinas (449 viajes transatl\u00e1nticos) para analizar el Caribe como origen del mundo moderno y, fundamentalmente, del capitalismo.<\/p>\n<p>El Caribe se define como un espacio geopol\u00edtico vertebrado donde los contactos econ\u00f3micos, pol\u00edticos, sociales, culturales y humanos fluyen de una isla a otra y hacia el continente americano. El inter-colonialismo hizo de este espacio un escenario para generar nuevas formas de pensar y vivir, as\u00ed como nuevas identidades.<\/p>\n<p>Es un espacio con ritmos internos muy diferentes, no s\u00f3lo de velocidades sino tambi\u00e9n de caracteres muy diferentes. Sin embargo, desde muy temprano, se pueden ver interacciones en toda la regi\u00f3n que necesitan ser mejor conocidas. Estas interacciones llevan proveyendo v\u00ednculos no s\u00f3lo entre las islas del archipi\u00e9lago antillano, que estaban gobernadas por diferentes pa\u00edses europeos, sino tambi\u00e9n entre las islas y las costas continentales, desde las Guyanas hasta Yucat\u00e1n y, a trav\u00e9s del istmo de Panam\u00e1 y la cuenca del r\u00edo Atrato, hasta las costas del Pac\u00edfico.<\/p>\n<p>Esta zona era dif\u00edcil de controlar, tanto por la competencia de varios Estados europeos por dominar la regi\u00f3n, como por la existencia de tierras o mares, \u2018propiedad de nadie\u2019, donde las actividades, como el contrabando eran fruct\u00edferas. Si bien, en cierto sentido, el Caribe estaba lejos de los centros de poder pol\u00edtico de la madre patria, fue, sin embargo, el motor del nuevo poder econ\u00f3mico que el capitalismo europeo desat\u00f3 en el extranjero, principalmente en el \u00e1rea atl\u00e1ntica. El trabajo esclavo, el suministro de tierras y el capital fueron los factores que permitieron generar un mundo moderno en el que Europa desempe\u00f1\u00f3 un papel clave.<\/p>\n<p>ConnecCaribbean se inscribe en la perspectiva del di\u00e1logo acad\u00e9mico entre Europa y el Caribe, pero centr\u00e1ndose en nuevas interpretaciones y puntos de vista, que sean diferentes a las actuales donde predomina la perspectiva acad\u00e9mica anglosajona. Entre los resultados del proyecto est\u00e1n contribuir al desarrollo de los pa\u00edses caribe\u00f1os y generar un futuro que ponga el valor en la integraci\u00f3n de la diversidad humana; superar el complejo racial y la lacra de la esclavitud y sus huellas en el \u00e1rea, y su percepci\u00f3n por otras regiones del mundo; y la protecci\u00f3n y rescate de la memoria hist\u00f3rica para la promoci\u00f3n de las expresiones culturales.<\/p>\n<p><strong>Fuente:<\/strong> Oficina de Transferencia de Resultados de Investigaci\u00f3n UPO<\/p>\n","protected":false},"excerpt":{"rendered":"<p>Hoy se ha presentado en la Casa de la Provincia el proyecto europeo ConnecCaribbean (Connected Worlds: The Caribbean, Origin of Modern World) financiado con 1.922.800 \u20ac por la Uni\u00f3n Europea a trav\u00e9s del Programa de Investigaci\u00f3n e Innovaci\u00f3n Horizon 2020, Marie Sklodowska-Curie Research and Innovation Staff Exchange- RISE- &#8211; RISE- (ConnecCaribbean-823846). La Universidad Pablo de Olavide participa en el proyecto trav\u00e9s de un equipo de investigaci\u00f3n liderado por el catedr\u00e1tico de Historia de Am\u00e9rica de la Olavide, Juan Marchena. <\/p>\n","protected":false},"author":2,"featured_media":0,"comment_status":"closed","ping_status":"open","sticky":false,"template":"","format":"standard","meta":{"_monsterinsights_skip_tracking":false,"_monsterinsights_sitenote_active":false,"_monsterinsights_sitenote_note":"","_monsterinsights_sitenote_category":0,"footnotes":""},"categories":[3],"tags":[799,3124,45,5770,454,150,2009,1115,5771,2992,1163,1481],"class_list":["post-30280328","post","type-post","status-publish","format-standard","hentry","category-ciencia","tag-america-latina","tag-caribe","tag-csic","tag-equipo-investigacion","tag-europa","tag-historia","tag-horizonte-2020","tag-juan-marchena","tag-marie-sklodowska-curie","tag-proyecto-de-investigacion","tag-universidad-de-sevilla","tag-vicerrectorado-de-investigacion-y-transferencia-tecnologica"],"_links":{"self":[{"href":"https:\/\/www.upo.es\/diario\/wp-json\/wp\/v2\/posts\/30280328","targetHints":{"allow":["GET"]}}],"collection":[{"href":"https:\/\/www.upo.es\/diario\/wp-json\/wp\/v2\/posts"}],"about":[{"href":"https:\/\/www.upo.es\/diario\/wp-json\/wp\/v2\/types\/post"}],"author":[{"embeddable":true,"href":"https:\/\/www.upo.es\/diario\/wp-json\/wp\/v2\/users\/2"}],"replies":[{"embeddable":true,"href":"https:\/\/www.upo.es\/diario\/wp-json\/wp\/v2\/comments?post=30280328"}],"version-history":[{"count":8,"href":"https:\/\/www.upo.es\/diario\/wp-json\/wp\/v2\/posts\/30280328\/revisions"}],"predecessor-version":[{"id":30340937,"href":"https:\/\/www.upo.es\/diario\/wp-json\/wp\/v2\/posts\/30280328\/revisions\/30340937"}],"wp:attachment":[{"href":"https:\/\/www.upo.es\/diario\/wp-json\/wp\/v2\/media?parent=30280328"}],"wp:term":[{"taxonomy":"category","embeddable":true,"href":"https:\/\/www.upo.es\/diario\/wp-json\/wp\/v2\/categories?post=30280328"},{"taxonomy":"post_tag","embeddable":true,"href":"https:\/\/www.upo.es\/diario\/wp-json\/wp\/v2\/tags?post=30280328"}],"curies":[{"name":"wp","href":"https:\/\/api.w.org\/{rel}","templated":true}]}}