{"id":30295703,"date":"2019-02-01T00:38:10","date_gmt":"2019-02-01T00:38:10","guid":{"rendered":"https:\/\/www.upo.es\/diario\/?p=30295703"},"modified":"2019-02-04T08:25:43","modified_gmt":"2019-02-04T08:25:43","slug":"la-upo-celebra-el-dia-mundial-de-los-humedales-con-una-visita-a-la-dehesa-de-abajo-y-a-la-canada-de-los-pajaros","status":"publish","type":"post","link":"https:\/\/www.upo.es\/diario\/institucional\/2019\/02\/la-upo-celebra-el-dia-mundial-de-los-humedales-con-una-visita-a-la-dehesa-de-abajo-y-a-la-canada-de-los-pajaros\/","title":{"rendered":"La UPO celebra el D\u00eda Mundial de los Humedales con una visita a la Dehesa de Abajo y a la Ca\u00f1ada de los P\u00e1jaros"},"content":{"rendered":"<p><a href=\"https:\/\/www.upo.es\/diario\/wp-content\/uploads\/2019\/02\/CartelEcocampo2018_Act4_v1.jpg\"><img loading=\"lazy\" decoding=\"async\" class=\"alignright size-medium wp-image-30295704\" alt=\"CartelEcocampo2018_Act4_v1\" src=\"https:\/\/www.upo.es\/diario\/wp-content\/uploads\/2019\/02\/CartelEcocampo2018_Act4_v1-226x320.jpg\" width=\"226\" height=\"320\" srcset=\"https:\/\/www.upo.es\/diario\/wp-content\/uploads\/2019\/02\/CartelEcocampo2018_Act4_v1-226x320.jpg 226w, https:\/\/www.upo.es\/diario\/wp-content\/uploads\/2019\/02\/CartelEcocampo2018_Act4_v1.jpg 317w\" sizes=\"auto, (max-width: 226px) 100vw, 226px\" \/><\/a>La Universidad Pablo de Olavide se suma <span style=\"text-decoration: underline;\">ma\u00f1ana s\u00e1bado 2 de febrero<\/span> a la celebraci\u00f3n del <b>D\u00eda Mundial de los Humedales<\/b> con una visita a la Dehesa de Abajo y la Ca\u00f1ada de los P\u00e1jaros, reservas naturales del entorno de Do\u00f1ana.<\/p>\n<p>Los participantes podr\u00e1n <b>conocer as\u00ed estos ecosistemas a trav\u00e9s de sus aves<\/b> en esta visita guiada que mostrar\u00e1 la importancia de los humedales y de la biodiversidad que estos albergan.<\/p>\n<p>De esta manera, podr\u00e1n ver c\u00f3mo se va transformando el paisaje desde la salida de Sevilla hasta entrar en el l\u00edmite norte del Parque Natural de Do\u00f1ana. Una transformaci\u00f3n que viene dada por la geolog\u00eda del espacio, por el r\u00edo Guadalquivir y sus marismas y por c\u00f3mo el ser humano se relaciona con estos ecosistemas. El itinerario discurrir\u00e1 por una carretera que limita por un lado con la marisma norte de Do\u00f1ana, actualmente transformada en tablas de arroz, y por el otro lado con ecosistemas de monte mediterr\u00e1neo formado por dehesas y pinares. Podr\u00e1n ver as\u00ed qu\u00e9 tipo de vegetaci\u00f3n y fauna van asociadas a cada ecosistema.<\/p>\n<p>La ruta incluye tres paradas. En primer lugar, la Reserva Concertada Ca\u00f1ada de los P\u00e1jaros, donde se podr\u00e1 observar la mayor\u00eda de especies de ave que habitan por esta zona y conocer la gesti\u00f3n de este tipo de espacios. En segundo lugar, El Puntal, donde se estudiar\u00e1 el paisaje ligado a la historia del ser humano. Y finalmente la Dehesa de Abajo, donde se realizar\u00e1 una ruta a pie para observar aves en la laguna y donde se recorrer\u00e1n los otros ecosistemas que se dan en esta reserva.<\/p>\n<p>&nbsp;<\/p>\n<p>El Vicerrectorado de Cultura y Compromiso Social de la Universidad Pablo de Olavide junto con la Junta de Andaluc\u00eda organizan esta actividad que se enmarca en el proyecto Andaluc\u00eda Ecocampus y que est\u00e1 coordinada por la Asociaci\u00f3n El Enjambre sin Reina.<\/p>\n<p>&nbsp;<\/p>\n<p><b>M\u00e1s informaci\u00f3n:<\/b> <a href=\"https:\/\/www.upo.es\/upsc\/proyecto-ecocampus\/formacion-y-sensibilizacion\/\">https:\/\/www.upo.es\/upsc\/proyecto-ecocampus\/formacion-y-sensibilizacion\/<\/a><\/p>\n","protected":false},"excerpt":{"rendered":"<p>La Universidad Pablo de Olavide se suma ma\u00f1ana s\u00e1bado 2 de febrero a la celebraci\u00f3n del D\u00eda Mundial de los Humedales con una visita a la Dehesa de Abajo y la Ca\u00f1ada de los P\u00e1jaros, reservas naturales del entorno de Do\u00f1ana. <\/p>\n","protected":false},"author":2,"featured_media":0,"comment_status":"closed","ping_status":"open","sticky":false,"template":"","format":"standard","meta":{"_monsterinsights_skip_tracking":false,"_monsterinsights_sitenote_active":false,"_monsterinsights_sitenote_note":"","_monsterinsights_sitenote_category":0,"footnotes":""},"categories":[6],"tags":[5780,5762,5779,2717,2667,297],"class_list":["post-30295703","post","type-post","status-publish","format-standard","hentry","category-institucional","tag-dia-mundial-de-los-humedales","tag-humedales","tag-proyecto-ecocampus","tag-ruta","tag-vicerrectorado-de-cultura-y-compromiso-social","tag-visita"],"_links":{"self":[{"href":"https:\/\/www.upo.es\/diario\/wp-json\/wp\/v2\/posts\/30295703","targetHints":{"allow":["GET"]}}],"collection":[{"href":"https:\/\/www.upo.es\/diario\/wp-json\/wp\/v2\/posts"}],"about":[{"href":"https:\/\/www.upo.es\/diario\/wp-json\/wp\/v2\/types\/post"}],"author":[{"embeddable":true,"href":"https:\/\/www.upo.es\/diario\/wp-json\/wp\/v2\/users\/2"}],"replies":[{"embeddable":true,"href":"https:\/\/www.upo.es\/diario\/wp-json\/wp\/v2\/comments?post=30295703"}],"version-history":[{"count":2,"href":"https:\/\/www.upo.es\/diario\/wp-json\/wp\/v2\/posts\/30295703\/revisions"}],"predecessor-version":[{"id":30339655,"href":"https:\/\/www.upo.es\/diario\/wp-json\/wp\/v2\/posts\/30295703\/revisions\/30339655"}],"wp:attachment":[{"href":"https:\/\/www.upo.es\/diario\/wp-json\/wp\/v2\/media?parent=30295703"}],"wp:term":[{"taxonomy":"category","embeddable":true,"href":"https:\/\/www.upo.es\/diario\/wp-json\/wp\/v2\/categories?post=30295703"},{"taxonomy":"post_tag","embeddable":true,"href":"https:\/\/www.upo.es\/diario\/wp-json\/wp\/v2\/tags?post=30295703"}],"curies":[{"name":"wp","href":"https:\/\/api.w.org\/{rel}","templated":true}]}}