{"id":30359990,"date":"2019-02-06T05:00:35","date_gmt":"2019-02-06T05:00:35","guid":{"rendered":"https:\/\/www.upo.es\/diario\/?p=30359990"},"modified":"2019-02-07T08:53:56","modified_gmt":"2019-02-07T08:53:56","slug":"conferencia-leonardo-morlino-musap","status":"publish","type":"post","link":"https:\/\/www.upo.es\/diario\/docencia-formacion\/2019\/02\/conferencia-leonardo-morlino-musap\/","title":{"rendered":"Conferencia de Leonardo Morlino sobre \u2018Las decisiones de las \u00e9lites pol\u00edticas en coyunturas cr\u00edticas\u2019"},"content":{"rendered":"<p><img loading=\"lazy\" decoding=\"async\" class=\"alignright size-medium wp-image-30360631\" alt=\"Sociedad, Administraci\u00f3n y Pol\u00edtica\" src=\"https:\/\/www.upo.es\/diario\/wp-content\/uploads\/2019\/02\/musap-320x298.jpg\" width=\"320\" height=\"298\" srcset=\"https:\/\/www.upo.es\/diario\/wp-content\/uploads\/2019\/02\/musap-320x298.jpg 320w, https:\/\/www.upo.es\/diario\/wp-content\/uploads\/2019\/02\/musap.jpg 585w\" sizes=\"auto, (max-width: 320px) 100vw, 320px\" \/>El catedr\u00e1tico de Ciencia Pol\u00edtica y vicerrector de Investigaci\u00f3n en la Libera Universit\u00e0 Internazionale degli Studi Sociali Guido Carli (LUISS) de Roma <strong>Leonardo Morlino<\/strong>, ofrecer\u00e1 <strong>en la tarde de hoy, a las 17:30 horas en el aula B.04 del edificio Alexander von Humboldt<\/strong> de la Universidad Pablo de Olavide, la<strong> lecci\u00f3n magistral \u2018Las decisiones de las \u00e9lites pol\u00edticas en coyunturas cr\u00edticas. El caso comparado del sur de Europa\u2019<\/strong>. Este encuentro tendr\u00e1 lugar en el marco del ciclo de conferencias \u00c1gora organizado por <a href=\"https:\/\/www.upo.es\/postgrado\/Master-Oficial-Sociedad-Administracion-y-Politica\">el M\u00e1ster Universitario Sociedad, Administraci\u00f3n y Pol\u00edtica de la UPO<\/a>.<\/p>\n<p>Aunque los pa\u00edses del sur de Europa suelen ser vistos como un grupo homog\u00e9neo lastrados por la deuda y con preferencias convergentes sobre los pasos a dar para una mayor integraci\u00f3n, una mirada m\u00e1s atenta permite ver que las decisiones de las elites pol\u00edticas para lidiar con las presiones externas durante las negociaciones por la crisis del Euro han divergido sustancialmente. El estudio de Chipre, Grecia, Italia, Malta, Portugal y Espa\u00f1a permite establecer los determinantes de las decisiones de las \u00e9lites pol\u00edticas sobre las reformas ocasionadas por la crisis del euro. Para ello, el \u00c1gora se centra en el apoyo al rescate a Grecia en 2010, el tama\u00f1o del mecanismo europeo de estabilidad, la constitucionalizaci\u00f3n o no de la regla de limitaci\u00f3n del d\u00e9ficit y la manera de adoptar sanciones por mayor\u00eda cualificada inversa. Se realizar\u00e1 un an\u00e1lisis de las respuestas de las elites pol\u00edticas a estos desaf\u00edos prestando atenci\u00f3n especial a las relaciones entre gobiernos y parlamentos.<\/p>\n<p>La conferencia de Leonardo Morlino forma parte del ciclo de ponencias presentadas en el <strong>M\u00e1ster Universitario Sociedad, Administraci\u00f3n y Pol\u00edtica (MUSAP) de la Universidad Pablo de Olavide<\/strong>, dirigido por Xavier Coller y Jean-Baptiste Harguind\u00e9guy, que tiene como objetivo analizar los problemas sociopol\u00edticos actuales derivados de las relaciones cambiantes entre la pol\u00edtica, la administraci\u00f3n y una sociedad en transformaci\u00f3n continua. De este modo, el m\u00f3dulo \u00c1gora es un espacio de deliberaci\u00f3n p\u00fablica en el que personalidades acad\u00e9micas de prestigio ofrecen sus reflexiones sobre aspectos relevantes y actuales de la vida social y pol\u00edtica.<\/p>\n","protected":false},"excerpt":{"rendered":"<p>El catedr\u00e1tico de Ciencia Pol\u00edtica y vicerrector de Investigaci\u00f3n en la Libera Universit\u00e0 Internazionale degli Studi Sociali Guido Carli (LUISS) de Roma Leonardo Morlino, ofrecer\u00e1 la lecci\u00f3n magistral \u2018Las decisiones de las \u00e9lites pol\u00edticas en coyunturas cr\u00edticas. El caso comparado del sur de Europa\u2019. Este encuentro tendr\u00e1 lugar en el marco del ciclo de conferencias \u00c1gora organizado por el M\u00e1ster Universitario Sociedad, Administraci\u00f3n y Pol\u00edtica de la UPO.<\/p>\n","protected":false},"author":6,"featured_media":0,"comment_status":"closed","ping_status":"open","sticky":false,"template":"","format":"standard","meta":{"_monsterinsights_skip_tracking":false,"_monsterinsights_sitenote_active":false,"_monsterinsights_sitenote_note":"","_monsterinsights_sitenote_category":0,"footnotes":""},"categories":[2779],"tags":[67,227,118,76,82,146],"class_list":["post-30359990","post","type-post","status-publish","format-standard","hentry","category-docencia-formacion","tag-ciencias-politicas-y-de-la-administracion","tag-conferencia","tag-master","tag-politica","tag-postgrado","tag-sociedad"],"_links":{"self":[{"href":"https:\/\/www.upo.es\/diario\/wp-json\/wp\/v2\/posts\/30359990","targetHints":{"allow":["GET"]}}],"collection":[{"href":"https:\/\/www.upo.es\/diario\/wp-json\/wp\/v2\/posts"}],"about":[{"href":"https:\/\/www.upo.es\/diario\/wp-json\/wp\/v2\/types\/post"}],"author":[{"embeddable":true,"href":"https:\/\/www.upo.es\/diario\/wp-json\/wp\/v2\/users\/6"}],"replies":[{"embeddable":true,"href":"https:\/\/www.upo.es\/diario\/wp-json\/wp\/v2\/comments?post=30359990"}],"version-history":[{"count":6,"href":"https:\/\/www.upo.es\/diario\/wp-json\/wp\/v2\/posts\/30359990\/revisions"}],"predecessor-version":[{"id":30360540,"href":"https:\/\/www.upo.es\/diario\/wp-json\/wp\/v2\/posts\/30359990\/revisions\/30360540"}],"wp:attachment":[{"href":"https:\/\/www.upo.es\/diario\/wp-json\/wp\/v2\/media?parent=30359990"}],"wp:term":[{"taxonomy":"category","embeddable":true,"href":"https:\/\/www.upo.es\/diario\/wp-json\/wp\/v2\/categories?post=30359990"},{"taxonomy":"post_tag","embeddable":true,"href":"https:\/\/www.upo.es\/diario\/wp-json\/wp\/v2\/tags?post=30359990"}],"curies":[{"name":"wp","href":"https:\/\/api.w.org\/{rel}","templated":true}]}}