{"id":30374625,"date":"2019-02-07T02:20:15","date_gmt":"2019-02-07T02:20:15","guid":{"rendered":"https:\/\/www.upo.es\/diario\/?p=30374625"},"modified":"2019-02-07T02:20:15","modified_gmt":"2019-02-07T02:20:15","slug":"en-la-relacion-de-belen-martinez-ferrer-con-la-ciencia-no-habia-reinos-ni-medallas-habia-trabajo-esfuerzo-y-ganas","status":"publish","type":"post","link":"https:\/\/www.upo.es\/diario\/11-febrero\/2019\/02\/en-la-relacion-de-belen-martinez-ferrer-con-la-ciencia-no-habia-reinos-ni-medallas-habia-trabajo-esfuerzo-y-ganas\/","title":{"rendered":"\u201cEn la relaci\u00f3n de Bel\u00e9n Mart\u00ednez Ferrer con la ciencia no hab\u00eda reinos ni medallas, \u00a1hab\u00eda trabajo, esfuerzo y ganas!\u201d"},"content":{"rendered":"<p><b>Celeste Le\u00f3n &#8211; Moreno<br \/>\n<\/b><strong>&#8216;Con ciencia de mujer&#8217;<\/strong>: investigadores de la UPO nos hablan de sus cient\u00edficas de referencia<b><br \/>\n<\/b><\/p>\n<hr \/>\n<figure id=\"attachment_30374634\" aria-describedby=\"caption-attachment-30374634\" style=\"width: 320px\" class=\"wp-caption alignright\"><a href=\"https:\/\/www.upo.es\/diario\/wp-content\/uploads\/2019\/02\/Foto-Bel\u00e9n-Mart\u00ednez-Ferrer.jpg\"><img loading=\"lazy\" decoding=\"async\" class=\"size-medium wp-image-30374634\" alt=\"Celeste Le\u00f3n y Bel\u00e9n Mart\u00ednez \" src=\"https:\/\/www.upo.es\/diario\/wp-content\/uploads\/2019\/02\/Foto-Bel\u00e9n-Mart\u00ednez-Ferrer-320x308.jpg\" width=\"320\" height=\"308\" srcset=\"https:\/\/www.upo.es\/diario\/wp-content\/uploads\/2019\/02\/Foto-Bel\u00e9n-Mart\u00ednez-Ferrer-320x308.jpg 320w, https:\/\/www.upo.es\/diario\/wp-content\/uploads\/2019\/02\/Foto-Bel\u00e9n-Mart\u00ednez-Ferrer-600x578.jpg 600w\" sizes=\"auto, (max-width: 320px) 100vw, 320px\" \/><\/a><figcaption id=\"caption-attachment-30374634\" class=\"wp-caption-text\">Celeste Le\u00f3n y Bel\u00e9n Mart\u00ednez<\/figcaption><\/figure>\n<p>El \u00faltimo I+D+i del grupo Lisis marc\u00f3 mi historia en la ciencia. En aquel momento yo estaba finalizando mis estudios de Educaci\u00f3n Social y descubr\u00ed este \u2018mundillo\u2019 gracias a una beca de colaboraci\u00f3n del Ministerio de Educaci\u00f3n, Cultura y Deporte. Ese I+D+i no solamente me hizo entrar en el \u00e1mbito cient\u00edfico, sino que descubr\u00ed el modo. \u00a1Sent\u00ed el modo! Lo vi. Bel\u00e9n Mart\u00ednez Ferrer marc\u00f3 mi modo. Porque en esa relaci\u00f3n Bel\u00e9n-ciencia y ciencia-Bel\u00e9n no hab\u00eda ni reinos, ni medallas, \u00a1hab\u00eda trabajo, esfuerzo y ganas!<\/p>\n<p>Y desde aquel momento, esta doctora en Psicolog\u00eda Social y de las Organizaciones, especializada en la evaluaci\u00f3n de la violencia -escolar, familiar, online- en ni\u00f1os, adolescentes y adultos, se convirti\u00f3 en mi referente. De sus contribuciones a la ciencia y, en especial, a la Universidad Pablo de Olavide, podr\u00edamos destacar un curriculum vitae lleno de art\u00edculos indexados en JCR (Journal Citation Reports), cap\u00edtulos de en editoriales de gran calidad cient\u00edfica, la direcci\u00f3n de tesis doctorales en universidades nacionales y extranjeras, y la participaci\u00f3n en numerosos proyectos I+D+i relacionados con la familia, la adolescencia, la escuela y la comunidad, junto al prestigioso Gonzalo Musitu Ochoa, nuestro gran padre acad\u00e9mico y responsable del grupo Lisis, que sold\u00f3 nuestro \u2018hilo\u2019, nuestro compromiso, nuestra lucha. En el mundo de la ciencia, en el que pr\u00e1cticamente se sobrevive, Musitu nos record\u00f3 el poder del \u2018Efecto Pigmali\u00f3n\u2019 y su legado: \u201cAyudarnos para seguir adelante, luchar y persistir\u201d. Personalmente, la integraci\u00f3n en el grupo Lisis ha sido, es y ser\u00e1 para m\u00ed una oportunidad trascendental que inici\u00f3 \u201cmi motivo y mi prop\u00f3sito\u201d: prevenir la violencia escolar en las aulas y potenciar el bienestar del alumnado. En definitiva, \u00a1el derecho de aprender siendo felices!<\/p>\n<p>Continuamos trabajando y gracias a mucho esfuerzo y sacrifico, lleg\u00f3 mi beca de ayudas puentes predoctorales de la Universidad Pablo de Olavide y, m\u00e1s tarde, las ayudas de contratos predoctorales para formaci\u00f3n del profesorado universitario, FPU. Y as\u00ed, despu\u00e9s de mucho trabajo, mucho, empiezo a ver la luz, porque ese aprendizaje tambi\u00e9n es ciencia: la autorrealizaci\u00f3n, gracias a lo superado y a lo aprendido. Bel\u00e9n un d\u00eda me dijo que hurac\u00e1n era igual a Celeste y desde entonces no ha habido ninguna excusa.<\/p>\n<p>En el marco de mi tesis doctoral, juntas hemos iniciado un apasionante proyecto de investigaci\u00f3n sobre el perd\u00f3n, la venganza, la evitaci\u00f3n, y la benevolencia en adolescentes. Algunos de los hallazgos m\u00e1s interesantes han sido la importancia del perd\u00f3n como factor fundamental para reducir la posibilidad de implicaci\u00f3n de la v\u00edctima, como agresor, ante un episodio violento. Sin ninguna duda, mi carrera cient\u00edfica, corta pero muy intensa, ha tenido un antes y un \u2018adelante\u2019.<\/p>\n<p>Gracias a Bel\u00e9n y gracias a todas estas brillantes mujeres que no tienen l\u00edmites, pero que son reales, sienten, se cansan, se enfadan, r\u00eden y tambi\u00e9n les rechazan art\u00edculos, ideas y propuestas. Llegan muy tarde a casa, no tienen horarios, van a la compra, incluso se proponen entre sus metas de enero disfrutar de una ducha interminable de agua caliente. Gracias por seguir. Gracias a las que lo hacen posible y las que lo hicieron. Luchemos por garantizar que las pr\u00f3ximas generaciones, nuestras ni\u00f1as y adolescentes sean ciencia, sean hurac\u00e1n, sean Celeste Le\u00f3n, sean Bel\u00e9n Mart\u00ednez Ferrer, sean Marie Curie, Hipatia, no importa, pero que \u2018con ciencia de mujer\u2019, elijan lo que quieran ser. Porque la ciencia tambi\u00e9n es libertad, te abre un mundo de posibilidades, te ayuda a construir lazos, redes, incluso a \u2018tomar perspectiva\u2019, es decir, salir para volver. Eso tambi\u00e9n me lo ense\u00f1\u00f3 Bel\u00e9n. Ella no tiene l\u00edmites, ni cadenas: es viajera y valiente. Una fortaleza que tambi\u00e9n ha marcado mis metas, mis objetivos y mi visi\u00f3n como cient\u00edfica. Una realidad que quiero vivir. Tenemos que luchar para que las estancias de investigaci\u00f3n sean oportunidades, sue\u00f1os, metas para mujeres y hombres en igualdad. Quiero esa libertad en mi vida, esas experiencias, salir y volver. Gracias tambi\u00e9n por esa inspiraci\u00f3n, es un regalo.<\/p>\n<p>Quiz\u00e1s sus alianzas y lazos de sororidad con cient\u00edficas como por ejemplo en el \u00e1mbito nacional e internacional: M\u00aa Carmen Monreal, Sof\u00eda Buelga, M\u00aa Jes\u00fas Cava, Estefan\u00eda Est\u00e9vez, Terebel Jim\u00e9nez, Jessica Ortega, Amapola Povedano, Rosa M\u00aa Varela, Candelaria Terce\u00f1o, M\u00aa Elena Villarreal, M\u00aa Elena \u00c1vila, Fernanda Inez, tejan hilos de fuerza para impulsar su \u2018motivo\u2019. Con el mejor legado que nos ha ense\u00f1ado el gran Gonzalo Musitu Ochoa tenemos que hacer ciencia con may\u00fasculas, porque como dec\u00eda Mahatma Gandhi: \u201cLo m\u00e1s atroz de las cosas malas de la gente mala es el silencio de la gente buena\u201d.<\/p>\n<p>En definitiva, Bel\u00e9n Mart\u00ednez es ciencia y sin ninguna duda un modelo a seguir para generaciones presentes y futuras. Mi hilo conductor hacia la mejor versi\u00f3n de mi carrera profesional. Mujer con ciencia, y conciencia de mujer. \u00a1Por todo lo que nos queda por hacer! \u00a1Adelante!<\/p>\n<p>&nbsp;<\/p>\n<p style=\"text-align: right\"><b>Celeste Le\u00f3n &#8211; Moreno <\/b> es investigadora en el Departamento de Educaci\u00f3n y Psicolog\u00eda Social<br \/>\nUniversidad\u00a0 Pablo de Olavide<\/p>\n<p style=\"text-align: right\"><a href=\"https:\/\/11defebrero.org\/\"><img loading=\"lazy\" decoding=\"async\" class=\"alignright size-thumbnail wp-image-30295699\" alt=\"11defebrero.org\" src=\"https:\/\/www.upo.es\/diario\/wp-content\/uploads\/2019\/02\/Cartel-11F-150x150.jpg\" width=\"150\" height=\"150\" \/><\/a><\/p>\n","protected":false},"excerpt":{"rendered":"<p>Art\u00edculo sobre Bel\u00e9n Mart\u00ednez Ferrer de la cient\u00edfica Celeste Le\u00f3n -Moreno con motivo de la celebraci\u00f3n del D\u00eda Internacional de la Mujer y la Ni\u00f1a en la Ciencia.<\/p>\n","protected":false},"author":6,"featured_media":30375279,"comment_status":"closed","ping_status":"open","sticky":false,"template":"","format":"standard","meta":{"_monsterinsights_skip_tracking":false,"_monsterinsights_sitenote_active":false,"_monsterinsights_sitenote_note":"","_monsterinsights_sitenote_category":0,"footnotes":""},"categories":[5778],"tags":[5833,517,5776],"class_list":["post-30374625","post","type-post","status-publish","format-standard","has-post-thumbnail","hentry","category-11-febrero","tag-ciencia","tag-igualdad","tag-iniciativa-11-de-febrero"],"_links":{"self":[{"href":"https:\/\/www.upo.es\/diario\/wp-json\/wp\/v2\/posts\/30374625","targetHints":{"allow":["GET"]}}],"collection":[{"href":"https:\/\/www.upo.es\/diario\/wp-json\/wp\/v2\/posts"}],"about":[{"href":"https:\/\/www.upo.es\/diario\/wp-json\/wp\/v2\/types\/post"}],"author":[{"embeddable":true,"href":"https:\/\/www.upo.es\/diario\/wp-json\/wp\/v2\/users\/6"}],"replies":[{"embeddable":true,"href":"https:\/\/www.upo.es\/diario\/wp-json\/wp\/v2\/comments?post=30374625"}],"version-history":[{"count":11,"href":"https:\/\/www.upo.es\/diario\/wp-json\/wp\/v2\/posts\/30374625\/revisions"}],"predecessor-version":[{"id":30383523,"href":"https:\/\/www.upo.es\/diario\/wp-json\/wp\/v2\/posts\/30374625\/revisions\/30383523"}],"wp:featuredmedia":[{"embeddable":true,"href":"https:\/\/www.upo.es\/diario\/wp-json\/wp\/v2\/media\/30375279"}],"wp:attachment":[{"href":"https:\/\/www.upo.es\/diario\/wp-json\/wp\/v2\/media?parent=30374625"}],"wp:term":[{"taxonomy":"category","embeddable":true,"href":"https:\/\/www.upo.es\/diario\/wp-json\/wp\/v2\/categories?post=30374625"},{"taxonomy":"post_tag","embeddable":true,"href":"https:\/\/www.upo.es\/diario\/wp-json\/wp\/v2\/tags?post=30374625"}],"curies":[{"name":"wp","href":"https:\/\/api.w.org\/{rel}","templated":true}]}}