{"id":30391163,"date":"2019-02-07T13:16:27","date_gmt":"2019-02-07T13:16:27","guid":{"rendered":"https:\/\/www.upo.es\/diario\/?p=30391163"},"modified":"2019-02-10T21:56:13","modified_gmt":"2019-02-10T21:56:13","slug":"la-upo-renueva-su-espacio-cultural-el-entramado","status":"publish","type":"post","link":"https:\/\/www.upo.es\/diario\/cultura\/2019\/02\/la-upo-renueva-su-espacio-cultural-el-entramado\/","title":{"rendered":"La UPO renueva su espacio cultural &#8216;El Entramado&#8217;"},"content":{"rendered":"<p><a href=\"https:\/\/www.upo.es\/diario\/wp-content\/uploads\/2019\/02\/entramado_presentacion_reforma0014.jpg\"><img loading=\"lazy\" decoding=\"async\" class=\"aligncenter size-large wp-image-30391164\" alt=\"entramado_presentacion_reforma0014\" src=\"https:\/\/www.upo.es\/diario\/wp-content\/uploads\/2019\/02\/entramado_presentacion_reforma0014-600x400.jpg\" width=\"600\" height=\"400\" srcset=\"https:\/\/www.upo.es\/diario\/wp-content\/uploads\/2019\/02\/entramado_presentacion_reforma0014-600x400.jpg 600w, https:\/\/www.upo.es\/diario\/wp-content\/uploads\/2019\/02\/entramado_presentacion_reforma0014-320x213.jpg 320w\" sizes=\"auto, (max-width: 600px) 100vw, 600px\" \/><\/a>El rector de la Universidad Pablo de Olavide, <strong>Vicente Guzm\u00e1n Fluja<\/strong>, ha presentado hoy a las 11:00, junto a la vicerrectora de Cultura y Compromiso Social de la Universidad, <strong>Elodia Hern\u00e1ndez Le\u00f3n<\/strong>, el vicerrector de Investigaci\u00f3n y Transferencia de Tecnolog\u00eda, <strong>Bruno Mart\u00ednez Haya<\/strong>, y la directora general de Cultura del Ayuntamiento de Sevilla, <strong>Isabel Ojeda Cruz<\/strong>, las nuevas instalaciones de \u2018El Entramado\u2019, un espacio cultural gestionado y coordinado por el Vicerrectorado de Cultura y Compromiso Social a trav\u00e9s del Servicio de Extensi\u00f3n Cultural, coordinado por <strong>Daidee Veloz Ca\u00f1ete<\/strong>. \u00a0En un acto cargado de referencias art\u00edsticas, se ha puesto en valor el papel y la historia de este espacio ubicado en el Edificio 42 del campus destinado a acoger \u00a0actividades y eventos art\u00edsticos y socioculturales generados al calor de la Universidad.<\/p>\n<p>\u201cLa Universidad Pablo de Olavide ha sido siempre una instituci\u00f3n comprometida con la creaci\u00f3n cultural, una instituci\u00f3n caracterizada por entender la cultura como m\u00e9todo de transformaci\u00f3n y mejora de la sociedad\u201d, ha explicado el rector, Vicente Guzm\u00e1n Fluja.<\/p>\n<p>Por su parte, la directora general del Ayuntamiento de Sevilla ha subrayado tambi\u00e9n la idea del poder de la cultura \u201cpara generar personas con conciencia cr\u00edtica\u201d, y ha apoyado la forma de entender la cultura de la Universidad Pablo de Olavide, \u201cque pone el acento en el proceso y en las cosas peque\u00f1as\u201d.<\/p>\n<p>Gracias al apoyo de la Consejer\u00eda de Conocimiento, Investigaci\u00f3n y Universidad que, a trav\u00e9s del Proyecto Atalaya ha contribuido a la dotaci\u00f3n t\u00e9cnica del espacio, \u2018El Entramado\u2019 ha experimentado un proceso de renovaci\u00f3n, en el que se han adecuado y flexibilizado sus instalaciones para acoger la amplia oferta cultural vinculada a la Universidad Pablo de Olavide destinada a la comunidad universitaria y a la sociedad sevillana. En palabras de la vicerrectora de Cultura y Compromiso Social de la Universidad, \u2018El Entramado\u2019 se erige como \u201cun espacio de encuentro en el que se entrelazan las voluntades para producir cultura\u201d. Elodia Hern\u00e1ndez ha insistido en el cariz creativo de este espacio: \u201cLa Universidad no es solo una instituci\u00f3n que transfiera cultura, sino que es una instituci\u00f3n que produce cultura, y en \u2018El Entramado\u2019 se produce cultura\u201d.<\/p>\n<p>El nuevo espacio renovado cuenta con la donaci\u00f3n art\u00edstica del vicerrector de Investigaci\u00f3n y Transferencia de Tecnolog\u00eda, Bruno Mart\u00ednez Haya: \u201cHa sido un honor donar la obra de una artista muy querida para un lugar como \u00e9ste.\u201d \u201cRevalida el sentido que este espacio tiene\u201d, ha a\u00f1adido la vicerrectora de Cultura y Compromiso Social.<\/p>\n<p>Cada una de las salas que conforman el espacio \u2018El Entramado\u2019 ha recibido el nombre de las plantas aut\u00f3ctonas del campus de la UPO, y se ha dotado de un equipamiento espec\u00edfico para acoger las diferentes actividades culturales. \u201cAs\u00ed, por ejemplo, la sala Carlina, cuenta con tablao y espejos y resulta id\u00f3nea para el desarrollo de actividades vinculadas al flamenco o al coro de la Universidad; mientras que la sala Hedera, dotada con equipamiento de iluminaci\u00f3n y reproducci\u00f3n de sonido, se convierte en un espacio muy adecuado para la celebraci\u00f3n de seminarios, proyecciones o presentaciones de libros\u201d, explica Daidee Veloz Ca\u00f1ete, coordinadora t\u00e9cnica del Servicio de Extensi\u00f3n Cultural de la UPO.<\/p>\n<p>\u2018El Entramado\u2019 constituye un espacio en constante ebullici\u00f3n creadora que durante todo el curso acoge las actividades que desarrollan diferentes agrupaciones como La Escalera Teatro, el Coro de la Upo, la Pe\u00f1a Sentir Flamenco, el Coro South Gospel de Sevilla o Transcrea Asociaci\u00f3n Arte Social Transformador, entre otras. Asimismo, \u2018El Entramado\u2019 se convierte en escenario de las acciones del programa Cultura M\u00ednima, del Proyecto Arte y Compromiso y de propuestas de innovaci\u00f3n docente que buscan espacios diferentes al aula para llevar a cabo actividades acad\u00e9micas.<\/p>\n<p><iframe loading=\"lazy\" src=\"https:\/\/www.youtube.com\/embed\/otzelDwoqqo\" height=\"315\" width=\"560\" allowfullscreen=\"\" frameborder=\"0\"><\/iframe><\/p>\n","protected":false},"excerpt":{"rendered":"<p>El rector de la Universidad Pablo de Olavide, Vicente Guzm\u00e1n Fluja, ha presentado junto a la vicerrectora de Cultura y Compromiso Social de la Universidad, Elodia Hern\u00e1ndez Le\u00f3n, el vicerrector de Investigaci\u00f3n y Transferencia de Tecnolog\u00eda, Bruno Mart\u00ednez Haya, y la directora general de Cultura del Ayuntamiento de Sevilla, Isabel Ojeda Cruz, las nuevas instalaciones de \u2018El Entramado\u2019, un espacio cultural gestionado y coordinado por el Vicerrectorado de Cultura y Compromiso Social a trav\u00e9s del Servicio de Extensi\u00f3n Cultural, coordinado por Daidee Veloz Ca\u00f1ete.  En un acto cargado de referencias art\u00edsticas, se ha puesto en valor el papel y la historia de este espacio ubicado en el Edificio 42 del campus destinado a acoger  actividades y eventos art\u00edsticos y socioculturales generados al calor de la Universidad.<\/p>\n","protected":false},"author":15,"featured_media":0,"comment_status":"closed","ping_status":"open","sticky":false,"template":"","format":"standard","meta":{"_monsterinsights_skip_tracking":false,"_monsterinsights_sitenote_active":false,"_monsterinsights_sitenote_note":"","_monsterinsights_sitenote_category":0,"footnotes":""},"categories":[7],"tags":[1818,5789,5788,747,1959,75,5790,5791,1915],"class_list":["post-30391163","post","type-post","status-publish","format-standard","hentry","category-cultura","tag-bruno-martinez-haya","tag-daidee-veloz-canete","tag-el-entramado","tag-elodia-hernandez","tag-espacio-cultural","tag-extension-cultural","tag-isabel-ojeda-cruz","tag-renovacion","tag-vicente-guzman-fluja"],"_links":{"self":[{"href":"https:\/\/www.upo.es\/diario\/wp-json\/wp\/v2\/posts\/30391163","targetHints":{"allow":["GET"]}}],"collection":[{"href":"https:\/\/www.upo.es\/diario\/wp-json\/wp\/v2\/posts"}],"about":[{"href":"https:\/\/www.upo.es\/diario\/wp-json\/wp\/v2\/types\/post"}],"author":[{"embeddable":true,"href":"https:\/\/www.upo.es\/diario\/wp-json\/wp\/v2\/users\/15"}],"replies":[{"embeddable":true,"href":"https:\/\/www.upo.es\/diario\/wp-json\/wp\/v2\/comments?post=30391163"}],"version-history":[{"count":10,"href":"https:\/\/www.upo.es\/diario\/wp-json\/wp\/v2\/posts\/30391163\/revisions"}],"predecessor-version":[{"id":30444330,"href":"https:\/\/www.upo.es\/diario\/wp-json\/wp\/v2\/posts\/30391163\/revisions\/30444330"}],"wp:attachment":[{"href":"https:\/\/www.upo.es\/diario\/wp-json\/wp\/v2\/media?parent=30391163"}],"wp:term":[{"taxonomy":"category","embeddable":true,"href":"https:\/\/www.upo.es\/diario\/wp-json\/wp\/v2\/categories?post=30391163"},{"taxonomy":"post_tag","embeddable":true,"href":"https:\/\/www.upo.es\/diario\/wp-json\/wp\/v2\/tags?post=30391163"}],"curies":[{"name":"wp","href":"https:\/\/api.w.org\/{rel}","templated":true}]}}